{"id":59766,"date":"2025-08-20T08:36:10","date_gmt":"2025-08-20T08:36:10","guid":{"rendered":"https:\/\/www.europesays.com\/es\/59766\/"},"modified":"2025-08-20T08:36:10","modified_gmt":"2025-08-20T08:36:10","slug":"la-cumbre-entre-putin-y-zelenski-en-el-aire-y-sin-sede","status":"publish","type":"post","link":"https:\/\/www.europesays.com\/es\/59766\/","title":{"rendered":"la cumbre entre Putin y Zelenski, en el aire y sin sede"},"content":{"rendered":"<p style=\"\"><a href=\"https:\/\/www.abc.es\/internacional\/avances-claros-ruptura-cinco-claves-cumbre-aire-20250819081548-nt.html\" target=\"_self\" data-voc-vtm-id=\"in-text-traffic\" title=\"La cumbre del lunes en la Casa Blanca\" data-mrf-link=\"www.abc.es\" rel=\"nofollow noopener\">La cumbre del lunes en la Casa Blanca<\/a> sirvi\u00f3 para mantener a flote la relaci\u00f3n entre Donald Trump, Volod\u00edmir Zelenski y los aliados europeos en un momento clave de negociaciones de paz para la guerra de Ucrania. Y tambi\u00e9n para vislumbrar el siguiente paso  &#8230; en el camino: una cumbre entre Zelenski y el actor agresor, Vlad\u00edmir Putin.<\/p>\n<p class=\"voc-p\" style=\"\">Trump anunci\u00f3 el propio lunes, en medio de las conversaciones con los l\u00edderes europeos, que hab\u00eda hablado por tel\u00e9fono con su hom\u00f3logo ruso y que hab\u00eda \u00abcomenzado la organizaci\u00f3n de un encuentro, en un lugar todav\u00eda por determinar entre los presidentes Putin y Zelenski\u00bb.<\/p>\n<p class=\"voc-p\" style=\"\"><a href=\"https:\/\/www.abc.es\/internacional\/quiere-puede-acabar-guerra-inmediato-trump-calienta-20250818054423-nt.html\" target=\"_self\" data-voc-vtm-id=\"in-text-traffic\" title=\"El futuro de la guerra de Ucrania\" data-mrf-link=\"www.abc.es\" rel=\"nofollow noopener\">El futuro de la guerra de Ucrania<\/a> depender\u00e1 de las negociaciones preparatorias para esa cumbre y de los resultados del encuentro. Pero, pese al optimismo proverbial de Trump, la cita entre los dos grandes protagonistas de la guerra todav\u00eda tiene que hacerse realidad. Este martes, pese al entusiasmo generado, <strong>el encuentro no ten\u00eda ni lugar, ni fecha, ni confirmaci\u00f3n<\/strong>.<\/p>\n<p class=\"voc-p\" style=\"\">Trump explic\u00f3 que la posibilidad del la cumbre surgi\u00f3 en esa <a href=\"https:\/\/www.abc.es\/internacional\/trump-celebra-grandes-progresos-rusia-negociador-asegura-20250817175842-nt.html\" target=\"_self\" data-voc-vtm-id=\"in-text-traffic\" title=\"llamada telef\u00f3nica con Putin\" data-mrf-link=\"www.abc.es\" rel=\"nofollow noopener\">llamada telef\u00f3nica con Putin<\/a> y que su equipo de seguridad nacional se pondr\u00eda manos a la obra para negociar los detalles del encuentro.<\/p>\n<p class=\"voc-p\" style=\"\">La complejidad de la cumbre y de su preparaci\u00f3n se evidencia en que, hasta el momento, las partes act\u00faan con cautela y no confirman la cita. Los mayores cuidados vienen desde el lado ruso. Por ahora, el Kremlin no ha confirmado que haya comenzado la planificaci\u00f3n de un encuentro y solo ha emitido un comunicado vago en el que habla de \u00abconsiderar la posibilidad\u00bb de mantener \u00abconversaciones directas\u00bb despu\u00e9s de la llamada entre Trump y su presidente.<\/p>\n<p class=\"voc-p\" style=\"\">La realidad es que <a href=\"https:\/\/www.abc.es\/internacional\/trump-entrego-putin-carta-melania-sobre-secuestro-20250816220932-nt.html\" target=\"_self\" data-voc-vtm-id=\"in-text-traffic\" title=\"Mosc\u00fa\" data-mrf-link=\"www.abc.es\" rel=\"nofollow noopener\">Mosc\u00fa<\/a> ha rechazado hasta ahora ese tipo de formato, a pesar de que su ministro de Exteriores, Sergei Lavrov, asegur\u00f3 este martes que \u00abno rechazamos ning\u00fan tipo de formato, sea bilateral o trilateral, el presidente Putin siempre ha repetido eso\u00bb.<\/p>\n<p class=\"voc-p\" style=\"\">El formato apuntado por Trump ser\u00eda un primer encuentro bilateral entre Putin y Zelenski. \u00abSi todo va bien , yo lo liderar\u00e9 y lo cerraremos\u00bb, explic\u00f3 <a href=\"https:\/\/www.abc.es\/internacional\/trump-espalda-ucrania-apoya-exigencia-cesiones-territoriales-20250816184019-nt.html\" target=\"_self\" data-voc-vtm-id=\"in-text-traffic\" title=\"el presidente de EE.UU.\" data-mrf-link=\"www.abc.es\" rel=\"nofollow noopener\">el presidente de EE.UU.<\/a> este martes en una entrevista en Fox News en referencia al encuentro trilateral que servir\u00eda para materializar un eventual acuerdo de paz.<\/p>\n<p>\nEstirar el chicle b\u00e9lico\n<\/p>\n<p class=\"voc-p\" style=\"\">Por parte de Ucrania, la voluntad de cerrarlo cuanto antes es total. El Gobierno de Kiev lleva meses alertando de que Putin solo trata de estirar como un chicle las conversaciones con Trump para ganar tiempo, <strong>seguir atacando a Ucrania y obtener una mejor mano en el frente para las negociaciones<\/strong>. Zelenski ha repetido hasta la saciedad que quiere un encuentro directo con Putin y el lunes, desde Washington, dijo que ve\u00eda bien todo tipo de formato.<\/p>\n<p class=\"voc-p\" style=\"\">\u00abUn futuro encuentro entre los l\u00edderes de Ucrania, EE.UU. y Rusia puede suponer un gran avance en el camino para la paz\u00bb, defendi\u00f3 este martes el ministro de Exteriores ucraniano, Andrii Sibiha.<\/p>\n<p class=\"voc-p\" style=\"\">De momento, tampoco la Casa Blanca acaba de confirmar que la reuni\u00f3n se vaya a celebrar. Tras la insistencia de los periodistas por encontrar una confirmaci\u00f3n, la portavoz de Trump, Karoline Leavitt, asegur\u00f3 este martes que Putin ha \u00abprometido\u00bb al presidente de EE.UU. que acudir\u00e1 a ese encuentro. Pero todo el mundo -incluso Trump, pese a la sinton\u00eda que busca mantener con su hom\u00f3logo ruso- conoce el valor de las promesas de Putin. En esa entrevista, Trump no ocult\u00f3 un velo de pesimismo: \u00abSe necesita a dos para bailar tango. Tienen que tener una relaci\u00f3n\u00bb, dijo sobre Putin y Zelenski. \u00abSi no, estamos perdiendo el tiempo\u00bb. \u00abEs posible que no quiera llegar a un acuerdo\u00bb, a\u00f1adi\u00f3 sobre el presidente ruso.<\/p>\n<p>\nEl escenario para las conversaciones\n<\/p>\n<p class=\"voc-p\" style=\"\">Trump tiene a su equipo negociador -comandado por su secretario de Estado, Marco Rubio, y su amigo \u00edntimo Steve Witkoff- dedicado a la cumbre, en conversaciones con rusos y ucranianos para impulsar la cita.<\/p>\n<p class=\"voc-p\" style=\"\">El presidente de EE.UU. desea que se celebre a la mayor celeridad. En ese sentido, el canciller alem\u00e1n, Friedrich Merz, avanz\u00f3 los planes de Trump despu\u00e9s de la cumbre de la Casa Blanca del lunes: \u00abQuiere que sea en un plazo de dos semanas\u00bb.<\/p>\n<p class=\"voc-p\" style=\"\">Lavrov ech\u00f3 agua fr\u00eda a un desarrollo r\u00e1pido: \u00abCualquier contacto que incluya a los grandes l\u00edderes debe ser preparado con la mayor cautela\u00bb, advirti\u00f3, a pesar de que la cumbre entre Putin y Trump en Alaska del pasado viernes fue organizada a la carrera.<\/p>\n<p class=\"voc-p\" style=\"\">Tampoco hay consenso, por el momento, en el lugar. <strong>Putin sugiri\u00f3 a Trump que, de realizarse, la cumbre fuera en Mosc\u00fa<\/strong>. La propuesta, inasumible para Zelenski, da muestras de la actitud del presidente ruso sobre la cita.<\/p>\n<p class=\"voc-p\" style=\"\">La Casa Blanca ve con mejores ojos Budapest, una plaza que puede tener m\u00e1s aceptaci\u00f3n: el Gobierno de Hungr\u00eda, liderado por Viktor Orb\u00e1n, tiene sinton\u00eda con Putin, pero sigue siendo un pa\u00eds de la Uni\u00f3n Europea, del bloque que apoya a Zelenski. <\/p>\n<p class=\"voc-p\" style=\"\">Por su parte, el presidente de Francia, Emmanuel Macron, sugiri\u00f3 que un marco ideal ser\u00eda Suiza. En concreto, la ciudad de Ginebra, donde est\u00e1 la sede europea de la ONU. Tras esas declaraciones, el ministro de Exteriores de Suiza, Ignazio Cassis, reconoci\u00f3 el inter\u00e9s del pa\u00eds por alojar la cumbre. En ese caso, Cassis asegur\u00f3 que se conceder\u00eda a Putin una inmunidad temporal frente a la orden de arresto por cr\u00edmenes de guerra a la que se enfrenta en Suiza, como en la mayor\u00eda de pa\u00edses del mundo. Una \u00faltima posibilidad podr\u00eda ser Turqu\u00eda, escenario de conversaciones previas, pero no del m\u00e1s alto nivel, entre Ucrania y Rusia. Rubio habl\u00f3 este martes con su hom\u00f3logo turco, Hakan Fidan, sobre el proceso de paz.<\/p>\n","protected":false},"excerpt":{"rendered":"La cumbre del lunes en la Casa Blanca sirvi\u00f3 para mantener a flote la relaci\u00f3n entre Donald Trump,&hellip;\n","protected":false},"author":2,"featured_media":59767,"comment_status":"","ping_status":"","sticky":false,"template":"","format":"standard","meta":{"footnotes":""},"categories":[42],"tags":[4647,17,18,11165,3563,13,14,14798,11,61,62,63,64,19,20,9,10,15,16,10981,4569,12,21,22,65,66,67,2318],"class_list":{"0":"post-59766","1":"post","2":"type-post","3":"status-publish","4":"format-standard","5":"has-post-thumbnail","7":"category-internacional","8":"tag-aire","9":"tag-breaking-news","10":"tag-breakingnews","11":"tag-budapest","12":"tag-cumbre","13":"tag-featured-news","14":"tag-featurednews","15":"tag-ginebra","16":"tag-headlines","17":"tag-internacional","18":"tag-international","19":"tag-international-news","20":"tag-internationalnews","21":"tag-latest-news","22":"tag-latestnews","23":"tag-news","24":"tag-noticias","25":"tag-noticias-destacadas","26":"tag-noticiasdestacadas","27":"tag-putin","28":"tag-sede","29":"tag-titulares","30":"tag-ultimas-noticias","31":"tag-ultimasnoticias","32":"tag-world","33":"tag-world-news","34":"tag-worldnews","35":"tag-zelenski"},"share_on_mastodon":{"url":"","error":""},"_links":{"self":[{"href":"https:\/\/www.europesays.com\/es\/wp-json\/wp\/v2\/posts\/59766","targetHints":{"allow":["GET"]}}],"collection":[{"href":"https:\/\/www.europesays.com\/es\/wp-json\/wp\/v2\/posts"}],"about":[{"href":"https:\/\/www.europesays.com\/es\/wp-json\/wp\/v2\/types\/post"}],"author":[{"embeddable":true,"href":"https:\/\/www.europesays.com\/es\/wp-json\/wp\/v2\/users\/2"}],"replies":[{"embeddable":true,"href":"https:\/\/www.europesays.com\/es\/wp-json\/wp\/v2\/comments?post=59766"}],"version-history":[{"count":0,"href":"https:\/\/www.europesays.com\/es\/wp-json\/wp\/v2\/posts\/59766\/revisions"}],"wp:featuredmedia":[{"embeddable":true,"href":"https:\/\/www.europesays.com\/es\/wp-json\/wp\/v2\/media\/59767"}],"wp:attachment":[{"href":"https:\/\/www.europesays.com\/es\/wp-json\/wp\/v2\/media?parent=59766"}],"wp:term":[{"taxonomy":"category","embeddable":true,"href":"https:\/\/www.europesays.com\/es\/wp-json\/wp\/v2\/categories?post=59766"},{"taxonomy":"post_tag","embeddable":true,"href":"https:\/\/www.europesays.com\/es\/wp-json\/wp\/v2\/tags?post=59766"}],"curies":[{"name":"wp","href":"https:\/\/api.w.org\/{rel}","templated":true}]}}