{"id":597664,"date":"2026-06-10T00:37:08","date_gmt":"2026-06-10T00:37:08","guid":{"rendered":"https:\/\/www.europesays.com\/es\/597664\/"},"modified":"2026-06-10T00:37:08","modified_gmt":"2026-06-10T00:37:08","slug":"silvia-abril-utiliza-una-calculadora-en-la-revuelta-para-responder-a-las-preguntas-clasicas-la-he-traido-para-facilitarme","status":"publish","type":"post","link":"https:\/\/www.europesays.com\/es\/597664\/","title":{"rendered":"Silvia Abril utiliza una calculadora en &#8216;La Revuelta&#8217; para responder a las preguntas cl\u00e1sicas: \u00abLa he tra\u00eddo para facilitarme\u00bb"},"content":{"rendered":"<p class=\"c-paragraph\"><a href=\"https:\/\/www.20minutos.es\/tags\/temas\/la-revuelta.html\" title=\"La Revuelta\" rel=\"nofollow noopener\" target=\"_blank\">La Revuelta<\/a> cont\u00f3 en la noche de este martes con la <b>visita de <a href=\"https:\/\/www.20minutos.es\/tags\/personas\/silvia-abril.html\" title=\"Silvia Abril\" rel=\"nofollow noopener\" target=\"_blank\">Silvia Abril<\/a> y Mafalda Carbonell. <\/b>El motivo por el que las actrices acudieron al programa de Broncano fue por el estreno de Todos los colores, pel\u00edcula que protagonizan y que se estrena este viernes 12 de junio.<\/p>\n<p class=\"c-paragraph\">Nada m\u00e1s entrar al plat\u00f3, hablaron sobre sus visitas al dentista, con motivo de que Grison cont\u00f3 que recientemente se ha sometido a una intervenci\u00f3n dental. Durante esta conversaci\u00f3n, la hija de Pedro Carbonell coment\u00f3 que a ella <b>tuvieron que quitarle el \u00abfrenillo de la boca\u00bb, <\/b>algo que sorprendi\u00f3 entre los presentes.<\/p>\n<p class=\"c-paragraph\">Entre otras cosas que coment\u00f3 la joven, destac\u00f3<b> su miedo a los insectos y la vez que le sali\u00f3 su padre en TikTok.<\/b> \u00abEso es una cosa contra natura, que te salga tu hijo en TikTok puede pasar, pero que te salga tu padre\u00bb, le respondi\u00f3 el presentador con sorna.<\/p>\n<p class=\"c-paragraph\">Antes de irse, Broncano le hizo las<b> preguntas cl\u00e1sicas<\/b>\u00a0solamente a Silvia Abril, pues\u00a0Mafalda Carbonell es menor de edad y queda exenta. Para ello, la humorista sac\u00f3 una calculadora. \u00abMe la he tra\u00eddo para facilitarme la vida\u00bb, reconoci\u00f3 la c\u00f3mica.<\/p>\n<p class=\"c-paragraph\">En cuanto a la primera, Silvia Abril contest\u00f3: \u00abEs que esta nunca me la s\u00e9. Como ya me ha venido el sablazo de Hacienda, tengo la mitad de lo que ten\u00eda antes\u00bb. \u00abImposible lo que est\u00e1s diciendo\u00bb, le cort\u00f3 Broncano. <b>\u00abTendr\u00e1s la mitad de lo que has tenido este a\u00f1o\u00bb, <\/b>a\u00f1adi\u00f3 el jiennense, a lo que su invitada le respondi\u00f3 de manera afirmativa.<\/p>\n<p class=\"c-paragraph\">Sin dar una cifra exacta, pas\u00f3 a responder la pregunta del sexo. \u00abTeniendo en cuenta que estoy haciendo teatro en Barcelona de mi\u00e9rcoles a domingo, con una canci\u00f3n que se llama El Firmament, en el Teatre Nacional, y llego tard\u00edsimo a casa porque dura dos horas y pico&#8230;\u00bb, comenz\u00f3 Abril, a quien Broncano volvi\u00f3 a cortar:<b> \u00ab\u00bfEst\u00e1s aprovechando la pregunta para hacer promo?\u00bb<\/b>. \u00ab\u00bfEn serio est\u00e1s pensando eso? No, porque se acaba la semana que viene y no hay entradas\u00bb, asegur\u00f3 ella.<\/p>\n<p class=\"c-paragraph\">Volviendo a su respuesta, hizo las cuentas en alto: \u00abEstoy haciendo funci\u00f3n de mi\u00e9rcoles a domingo; empieza a las ocho de la noche, y <b>todo es petting; as\u00ed que es 0,6 por cinco d\u00edas de funciones <\/b>[&#8230;] Me sale 14&#8243;. \u00abEnhorabuena\u00bb, le dedic\u00f3 Broncano a la vez que anot\u00f3 el resultado en su libreta.<\/p>\n","protected":false},"excerpt":{"rendered":"La Revuelta cont\u00f3 en la noche de este martes con la visita de Silvia Abril y Mafalda Carbonell.&hellip;\n","protected":false},"author":2,"featured_media":597665,"comment_status":"","ping_status":"","sticky":false,"template":"","format":"standard","meta":{"footnotes":""},"categories":[171],"tags":[9029,146,147,25,24,6870,29956,1271,23,214],"class_list":["post-597664","post","type-post","status-publish","format-standard","has-post-thumbnail","category-tv","tag-david-broncano","tag-entertainment","tag-entretenimiento","tag-es","tag-espana","tag-la-1","tag-la-revuelta","tag-silvia-abril","tag-spain","tag-tv"],"share_on_mastodon":{"url":"https:\/\/pubeurope.com\/@es\/116723020563726247","error":""},"_links":{"self":[{"href":"https:\/\/www.europesays.com\/es\/wp-json\/wp\/v2\/posts\/597664","targetHints":{"allow":["GET"]}}],"collection":[{"href":"https:\/\/www.europesays.com\/es\/wp-json\/wp\/v2\/posts"}],"about":[{"href":"https:\/\/www.europesays.com\/es\/wp-json\/wp\/v2\/types\/post"}],"author":[{"embeddable":true,"href":"https:\/\/www.europesays.com\/es\/wp-json\/wp\/v2\/users\/2"}],"replies":[{"embeddable":true,"href":"https:\/\/www.europesays.com\/es\/wp-json\/wp\/v2\/comments?post=597664"}],"version-history":[{"count":0,"href":"https:\/\/www.europesays.com\/es\/wp-json\/wp\/v2\/posts\/597664\/revisions"}],"wp:featuredmedia":[{"embeddable":true,"href":"https:\/\/www.europesays.com\/es\/wp-json\/wp\/v2\/media\/597665"}],"wp:attachment":[{"href":"https:\/\/www.europesays.com\/es\/wp-json\/wp\/v2\/media?parent=597664"}],"wp:term":[{"taxonomy":"category","embeddable":true,"href":"https:\/\/www.europesays.com\/es\/wp-json\/wp\/v2\/categories?post=597664"},{"taxonomy":"post_tag","embeddable":true,"href":"https:\/\/www.europesays.com\/es\/wp-json\/wp\/v2\/tags?post=597664"}],"curies":[{"name":"wp","href":"https:\/\/api.w.org\/{rel}","templated":true}]}}