{"id":597946,"date":"2026-06-10T04:32:25","date_gmt":"2026-06-10T04:32:25","guid":{"rendered":"https:\/\/www.europesays.com\/es\/597946\/"},"modified":"2026-06-10T04:32:25","modified_gmt":"2026-06-10T04:32:25","slug":"el-dia-de-la-revelacion-preguntas-inquietantes-y-maestria-narrativa-en-otra-muestra-de-la-imaginacion-de-un-artista-superior","status":"publish","type":"post","link":"https:\/\/www.europesays.com\/es\/597946\/","title":{"rendered":"El d\u00eda de la revelaci\u00f3n: preguntas inquietantes y maestr\u00eda narrativa en otra muestra de la imaginaci\u00f3n de un artista superior"},"content":{"rendered":"<p class=\"mb-4 text-lg md:leading-8 break-words\"><b>El d\u00eda de la revelaci\u00f3n<\/b> (Disclosure Day, Estados Unidos\/2026). <b>Direcci\u00f3n<\/b>: Steven Spielberg. <b>Gui\u00f3n<\/b>: David Koepp, a partir de una historia de Steven Spielberg. <b>Fotograf\u00eda<\/b>: Janusz Kaminski. <b>M\u00fasica<\/b>: John Williams.<b> Edici\u00f3n<\/b>: Sarah Broshar. <b>Elenco<\/b>: Emily Blunt, Josh O\u2019Connor, Colin Firth, Eve Hewson, Colman Domingo, Wyatt Russell. <b>Distribuidora<\/b>: UIP. Duraci\u00f3n: 145 minutos. <b>Calificaci\u00f3n<\/b>: solo apta para mayores de 13 a\u00f1os. <b>Nuestra opini\u00f3n<\/b>: excelente.<\/p>\n<p class=\"mb-4 text-lg md:leading-8 break-words\">El pr\u00f3ximo 18 de diciembre Steven Spielberg cumplir\u00e1 80 a\u00f1os. Algunos dir\u00e1n, desde la banalidad que legitima cada nueva meta alcanzada en la actual era del streaming, que su mejor tiempo ya pas\u00f3 y que el arte al que dedic\u00f3 toda su vida se aproxima cada vez m\u00e1s r\u00e1pido al vislumbre de un ocaso para muchos casi irreversible.<\/p>\n<p class=\"mb-4 text-lg md:leading-8 break-words\">Cualquier augurio planteado en esa direcci\u00f3n deber\u00e1 revisarse y seguramente eliminarse de plano frente a la aparici\u00f3n de una obra como El d\u00eda de la revelaci\u00f3n, cuyo lanzamiento en la Argentina se anticip\u00f3 con funciones nocturnas programadas para este mi\u00e9rcoles a su estreno formal del jueves 10.<\/p>\n<p class=\"mb-4 text-lg md:leading-8 break-words\">5 stars<\/p>\n<p class=\"mb-4 text-lg md:leading-8 break-words\">Spielberg, que convirti\u00f3 su arte (el cine, ni m\u00e1s ni menos) en el acto mismo de pensar, entender y encarar cada momento de su propia vida, vuelve a utilizar como tantas otras veces en su ilustre carrera ese talento sin igual para que nos preguntemos frente a una pantalla inmensa sobre nuestra realidad y nuestro destino como especie mientras nos entregamos al entretenimiento puro de una aventura llena de emoci\u00f3n, intriga, misterio, enigmas, sonrisas y l\u00e1grimas.<\/p>\n<p class=\"mb-4 text-lg md:leading-8 break-words\">M\u00e1s all\u00e1 de cualquier cosa que pueda contar en este caso (y todo lo que se cuenta en El d\u00eda de la revelaci\u00f3n es apasionante del primer hasta el \u00faltimo fotograma) <b>lo que Spielberg vuelve a decirnos es que esta experiencia solo adquiere sentido completo cuando se vive en una sala de cine llena de gente<\/b>.<\/p>\n<p class=\"mb-4 text-lg md:leading-8 break-words\">No importa lo distintos que seamos en nuestra vida cotidiana. Como viene haciendo desde hace m\u00e1s de medio siglo (esta es su pel\u00edcula n\u00famero 35), Spielberg sigue creyendo que ese encuentro comunitario bajo el mismo techo y alrededor de una enorme pantalla que refleja la \u00fanica luz disponible es la \u00fanica manera de enfrentar nuestros miedos, alimentar nuestra imaginaci\u00f3n y descubrir nuestros sue\u00f1os con el mismo asombro que se reflejar\u00e1 en alg\u00fan momento en los rostros de sus personajes. Nadie como Spielberg ha logrado capturar a trav\u00e9s del ojo de la c\u00e1mara esa expresi\u00f3n boquiabierta de sorpresa, descubrimiento y emoci\u00f3n.<\/p>\n<p><img alt=\"Emily Blunt y Josh O'Connor, protagonistas de El d\u00eda de la revelaci\u00f3n \" loading=\"lazy\" width=\"768\" height=\"512\" decoding=\"async\" data-nimg=\"1\" class=\"rounded-lg\" style=\"color:transparent\" src=\"https:\/\/www.europesays.com\/es\/wp-content\/uploads\/2026\/06\/eb2f79bcf632012c2d58762161a69e8f.jpeg\"\/><\/p>\n<p>Emily Blunt y Josh O&#8217;Connor, protagonistas de El d\u00eda de la revelaci\u00f3n &#8211; Cr\u00e9ditos: @Niko Tavernise<\/p>\n<p class=\"mb-4 text-lg md:leading-8 break-words\">Encontraremos varias de esas epifan\u00edas a lo largo de las casi dos horas y media (que nos atraviesan sin un solo minuto de fatiga) en El d\u00eda de la revelaci\u00f3n, <b>una historia que nos habla de la amenaza cierta de un devastador estado de guerra dominando casi todo nuestro mundo en un presente muy f\u00e1cil de reconocer, de conspiraciones gubernamentales, de secretos ocultos durante demasiado tiempo por decisiones pol\u00edticas. <\/b><\/p>\n<p class=\"mb-4 text-lg md:leading-8 break-words\">Por supuesto, trat\u00e1ndose de un artista absolutamente consciente de la materia art\u00edstica que maneja, en esta historia se pone en juego la propia memoria de Spielberg y algunos de los avatares de su propia carrera en el cine. Sobre todo aquellas pel\u00edculas que nos hablan de la fascinante probabilidad de que exista alg\u00fan tipo de vida extraterrestre y el contacto que como especie humana establecemos con ella.<\/p>\n<p class=\"mb-4 text-lg md:leading-8 break-words\">A lo largo de su vida, Spielberg nos cont\u00f3 historias de v\u00ednculos humanos con extraterrestres bienintencionados (E. T., Encuentros cercanos del tercer tipo) y mal\u00e9volos (La guerra de los mundos). La novedad es el acercamiento metaf\u00edsico que en la madurez de su vida el realizador incorpora como herramienta para entender nuestra conexi\u00f3n con la presencia alien\u00edgena y tambi\u00e9n como posible v\u00e1lvula de posible salvaci\u00f3n (o refugio) de la humanidad frente a la amenaza de una serie de episodios en cadena que transforman al planeta entero en un campo de batalla donde la inmolaci\u00f3n completa de nuestra especie es algo ciertamente posible.<\/p>\n<p class=\"mb-4 text-lg md:leading-8 break-words\">Conviene llegar al cine y dejarse llevar por la trama concebida por Spielberg y David Koepp (uno de sus m\u00e1s fieles guionistas, el mismo de Jurassic Park, La guerra de los mundos e Indiana Jones y la calavera de cristal) sin preconceptos y sobre todo sin conocer por anticipado casi todo lo que vamos a ver.<\/p>\n<p><img alt=\"Colin Firth en El d\u00eda de la revelaci\u00f3n\" loading=\"lazy\" width=\"768\" height=\"425\" decoding=\"async\" data-nimg=\"1\" class=\"rounded-lg\" style=\"color:transparent\" src=\"https:\/\/www.europesays.com\/es\/wp-content\/uploads\/2026\/06\/b1901fab971c8d3c7e3e891dbc6d1f1b.jpeg\"\/><\/p>\n<p>Colin Firth en El d\u00eda de la revelaci\u00f3n<\/p>\n<p class=\"mb-4 text-lg md:leading-8 break-words\">Con esa excelsa sabidur\u00eda narrativa que mantiene intacta (y que la mayor\u00eda de sus pares querr\u00eda y no conseguir\u00e1 jam\u00e1s alcanzar), <b>Spielberg dosifica el suspenso y va uniendo aparentes piezas sueltas alrededor de la peripecia de dos personajes que encontrar\u00e1n al final<\/b>, junto con nosotros, esa revelaci\u00f3n que cambiar\u00e1 definitivamente todo.<\/p>\n<p class=\"mb-4 text-lg md:leading-8 break-words\">De un lado tenemos a una joven presentadora televisiva (Emily Blunt, en el mejor papel de su carrera), responsable de la informaci\u00f3n sobre el clima en una emisora local de Kansas City. Su tarea de pronosticadora adquirir\u00e1 con el tiempo una significaci\u00f3n real y simb\u00f3lica poderosa. Del otro, un experto en ciberseguridad (Josh O\u2019Connor, con otra interpretaci\u00f3n prodigiosa construida desde la introspecci\u00f3n y la sensibilidad) que posee informaci\u00f3n muy delicada. Toda esa data estuvo en manos de organismos extraoficiales ligados al gobierno estadounidense que necesitan mantenerla en reserva. De paso, O\u2019Connor nos sugiere desde su expresi\u00f3n franca y transparente que podr\u00eda ser una versi\u00f3n adulta de Elliott, el ni\u00f1o protagonista de E. T. El extraterrestre. <\/p>\n<p class=\"mb-4 text-lg md:leading-8 break-words\">A esa pareja se unen dos figuras con poder de decisi\u00f3n ligadas a ese mundo (los espl\u00e9ndidos Colin Firth y Colman Domingo) y una joven que pone en juego su propio pasado directamente conectado a la devoci\u00f3n religiosa. Todos quedan envueltos en gran parte de la trama dentro de una espiral de persecuciones, intriga y acci\u00f3n que evoca a los mejores thrillers pol\u00edticos de los a\u00f1os 70. Spielberg nos entrega varias escenas inolvidables por su magistral uso del suspenso. Al menos una de ellas, que involucra a varios autos y un tren en movimiento, resultar\u00e1 inolvidable.<\/p>\n<p><img alt=\"Spielberg en la avant premiere de El d\u00eda de la revelaci\u00f3n realizada el 2 de junio en Par\u00eds\" loading=\"lazy\" width=\"768\" height=\"512\" decoding=\"async\" data-nimg=\"1\" class=\"rounded-lg\" style=\"color:transparent\" src=\"https:\/\/www.europesays.com\/es\/wp-content\/uploads\/2026\/06\/190b07eb39f3c0e239616ac8b5eaecc3.jpeg\"\/><\/p>\n<p>Spielberg en la avant premiere de El d\u00eda de la revelaci\u00f3n realizada el 2 de junio en Par\u00eds &#8211; Cr\u00e9ditos: @Thomas Padilla<\/p>\n<p class=\"mb-4 text-lg md:leading-8 break-words\">Mientras todo esto ocurre <b>Spielberg nos lleva de nuevo, como lo hizo tantas otras veces, al mundo de la infancia, otra de sus grandes obsesiones.<\/b> No es casual que el personaje de Blunt se llame Margaret Fairchild. En el escenario conspirativo propuesto por esta historia, tanto ella como Daniel Kellner (O\u2019Connor) deben viajar al pasado y reencontrarse con episodios que vivieron siendo ni\u00f1os. A esas experiencias se ir\u00e1n sumando, sobre todo a trav\u00e9s del personaje personificado por Eve Hewson, diversas instancias de conexi\u00f3n directa con la iconograf\u00eda cat\u00f3lica, toda una curiosidad en el cine de Spielberg que incluye en este caso estigmas y rituales.<\/p>\n<p class=\"mb-4 text-lg md:leading-8 break-words\">Spielberg parece decirnos que la fe es un instrumento fundamental de la humanidad en un tiempo que nos obliga a tomar decisiones cruciales para nuestra propia supervivencia mientras la incertidumbre pol\u00edtica, las tensiones y la beligerancia van en aumento. Pero lo hace, como siempre, sin la necesidad de compartir mensajes o pronunciamientos concebidos con esp\u00edritu did\u00e1ctico. Prefiere, como siempre, utilizar los recursos, los materiales, la destreza y la conciencia del arte que maneja como prolongaci\u00f3n de su propia vida.<\/p>\n<p><img alt=\"Emily Blunt busca explicaciones a grandes inc\u00f3gnitas en una ecena de la nueva pel\u00edcula de Spielberg. Detr\u00e1s, con una mochila al hombro, Josh O'Connor\" loading=\"lazy\" width=\"768\" height=\"311\" decoding=\"async\" data-nimg=\"1\" class=\"rounded-lg\" style=\"color:transparent\" src=\"https:\/\/www.europesays.com\/es\/wp-content\/uploads\/2026\/06\/c163fdb280f14ac43a6a035212a000ef.jpeg\"\/><\/p>\n<p>Emily Blunt busca explicaciones a grandes inc\u00f3gnitas en una ecena de la nueva pel\u00edcula de Spielberg. Detr\u00e1s, con una mochila al hombro, Josh O&#8217;Connor<\/p>\n<p class=\"mb-4 text-lg md:leading-8 break-words\"><b>El d\u00eda de la revelaci\u00f3n <\/b><b>es un gran espect\u00e1culo, entretenido hasta lo inalcanzable<\/b>, que responde a trav\u00e9s del cine en estado m\u00e1s puro a todo aquello que nos une (en t\u00e9rminos de estado de \u00e1nimo) como seres humanos en el mundo globalizado en el que vivimos hoy. Como escribi\u00f3 hace pocos d\u00edas Wesley Morris en The New York Times Magazine, hay algo que Spielberg sabe que necesitamos casi con desesperaci\u00f3n: \u201cLa catarsis colectiva, esa que solo se experimenta en el cine\u201d. El plano final es la inspirada expresi\u00f3n visual de esa interpelaci\u00f3n colectiva.<\/p>\n<p class=\"mb-4 text-lg md:leading-8 break-words\">La respuesta est\u00e1 en esta pel\u00edcula extraordinaria, otra muestra de la imaginaci\u00f3n de un artista superior que se acerca a los 80 a\u00f1os con m\u00e1s energ\u00eda, convicci\u00f3n, potencia y dominio de su arte que la mayor\u00eda de sus colegas m\u00e1s j\u00f3venes. Ahora esperamos, con el mismo entusiasmo y la misma felicidad, que cumpla con la promesa de filmar por primera vez en su carrera un western.<\/p>\n","protected":false},"excerpt":{"rendered":"El d\u00eda de la revelaci\u00f3n (Disclosure Day, Estados Unidos\/2026). Direcci\u00f3n: Steven Spielberg. Gui\u00f3n: David Koepp, a partir de&hellip;\n","protected":false},"author":2,"featured_media":597947,"comment_status":"","ping_status":"","sticky":false,"template":"","format":"standard","meta":{"footnotes":""},"categories":[91],"tags":[112694,17902,146,147,25,24,112693,112691,112692,23,6828],"class_list":["post-597946","post","type-post","status-publish","format-standard","has-post-thumbnail","category-entretenimiento","tag-david-koepp","tag-emily-blunt","tag-entertainment","tag-entretenimiento","tag-es","tag-espana","tag-eve-hewson","tag-josh-o39connor","tag-sala-de-cine","tag-spain","tag-steven-spielberg"],"share_on_mastodon":{"url":"https:\/\/pubeurope.com\/@es\/116723945171041286","error":""},"_links":{"self":[{"href":"https:\/\/www.europesays.com\/es\/wp-json\/wp\/v2\/posts\/597946","targetHints":{"allow":["GET"]}}],"collection":[{"href":"https:\/\/www.europesays.com\/es\/wp-json\/wp\/v2\/posts"}],"about":[{"href":"https:\/\/www.europesays.com\/es\/wp-json\/wp\/v2\/types\/post"}],"author":[{"embeddable":true,"href":"https:\/\/www.europesays.com\/es\/wp-json\/wp\/v2\/users\/2"}],"replies":[{"embeddable":true,"href":"https:\/\/www.europesays.com\/es\/wp-json\/wp\/v2\/comments?post=597946"}],"version-history":[{"count":0,"href":"https:\/\/www.europesays.com\/es\/wp-json\/wp\/v2\/posts\/597946\/revisions"}],"wp:featuredmedia":[{"embeddable":true,"href":"https:\/\/www.europesays.com\/es\/wp-json\/wp\/v2\/media\/597947"}],"wp:attachment":[{"href":"https:\/\/www.europesays.com\/es\/wp-json\/wp\/v2\/media?parent=597946"}],"wp:term":[{"taxonomy":"category","embeddable":true,"href":"https:\/\/www.europesays.com\/es\/wp-json\/wp\/v2\/categories?post=597946"},{"taxonomy":"post_tag","embeddable":true,"href":"https:\/\/www.europesays.com\/es\/wp-json\/wp\/v2\/tags?post=597946"}],"curies":[{"name":"wp","href":"https:\/\/api.w.org\/{rel}","templated":true}]}}