{"id":598091,"date":"2026-06-10T06:50:17","date_gmt":"2026-06-10T06:50:17","guid":{"rendered":"https:\/\/www.europesays.com\/es\/598091\/"},"modified":"2026-06-10T06:50:17","modified_gmt":"2026-06-10T06:50:17","slug":"el-enfado-de-grison-con-broncano-en-la-revuelta","status":"publish","type":"post","link":"https:\/\/www.europesays.com\/es\/598091\/","title":{"rendered":"El enfado de Grison con Broncano en &#8216;La Revuelta&#8217;"},"content":{"rendered":"<p style=\"\">El programa de anoche en &#8216;La Revuelta&#8217; fue completamente distinto a lo que Broncano y sus colaboradores acostumbran. Ayer no hubo sesi\u00f3n de beatbox. Y  &#8230; todo por &#8216;culpa&#8217; del dentista de Grison. El c\u00f3mico acudi\u00f3 horas antes de la grabaci\u00f3n del programa al odont\u00f3logo para la extracci\u00f3n de una muela y regres\u00f3 al teatro con un dolor que le imped\u00eda casi hasta re\u00edrse.<\/p>\n<p class=\"v-d-p\" style=\"\">Broncano no dej\u00f3 pasar la oportunidad para meterse con su colaborador estrella. \u00abGrison est\u00e1 jodido&#8230;\u00bb, se chiv\u00f3 Sergio Bezos mientras el presentador se lo tombaba a broma y le insist\u00eda con el beatbox. \u00abQue no puedo hacer nada, la anestesia se me est\u00e1 quitando ya\u00bb, le respondi\u00f3 Grison a Broncano. El presentador le sac\u00f3 una ligera sonrisa y este torci\u00f3 el gesto de dolor. Ni siquiera pod\u00eda r\u00e9\u00edrse.<\/p>\n<p class=\"v-d-p\" style=\"\">Ricardo Castella se compadeci\u00f3 de Grison. \u00abSi te est\u00e1 diciendo que le duele&#8230; Es como si le dices a alguien con hemorroides que se tire una pedorreta\u00bb, le reproch\u00f3 a Broncano. \u00abMe duele la cara entera. Me duele todo, hasta por detr\u00e1s del ojo. D\u00e9jame en paz\u00bb, le pidi\u00f3, enfadado, Grison. Broncano acept\u00f3 y le pregunt\u00f3 si pod\u00eda hacer el programa. Grison le dijo que s\u00ed pero confes\u00f3 que \u00absiento un hormigueo desagradable\u00bb.<\/p>\n<p class=\"v-d-p\" style=\"\">El dentista de Grison fue la comidilla del programa y las bromas se sucedieron durante el resto de la grabaci\u00f3n. Cuando entraron las invitadas Silvia Abril y Mafalda Carbonell -la hija del actor Pablo Carbonell-, Broncano volvi\u00f3 a sacar la muela de Grison a la palestra.<\/p>\n<p class=\"v-d-p\" style=\"\">Ya de mejor humor, el colaborador de &#8216;La Revuelta&#8217; le mostr\u00f3 a Silvia Abril el \u00abagujero\u00bb que ten\u00eda en la parte trasera de su boca. Le hab\u00edan hecho un implante, cont\u00f3.<\/p>\n","protected":false},"excerpt":{"rendered":"El programa de anoche en &#8216;La Revuelta&#8217; fue completamente distinto a lo que Broncano y sus colaboradores acostumbran.&hellip;\n","protected":false},"author":2,"featured_media":598092,"comment_status":"","ping_status":"","sticky":false,"template":"","format":"standard","meta":{"footnotes":""},"categories":[174],"tags":[13289,255,146,147,25,24,9915,256,31111,528,23],"class_list":["post-598091","post","type-post","status-publish","format-standard","has-post-thumbnail","category-famosos","tag-broncano","tag-celebrities","tag-entertainment","tag-entretenimiento","tag-es","tag-espana","tag-estalla","tag-famosos","tag-grison","tag-revuelta","tag-spain"],"share_on_mastodon":{"url":"https:\/\/pubeurope.com\/@es\/116724487065010264","error":""},"_links":{"self":[{"href":"https:\/\/www.europesays.com\/es\/wp-json\/wp\/v2\/posts\/598091","targetHints":{"allow":["GET"]}}],"collection":[{"href":"https:\/\/www.europesays.com\/es\/wp-json\/wp\/v2\/posts"}],"about":[{"href":"https:\/\/www.europesays.com\/es\/wp-json\/wp\/v2\/types\/post"}],"author":[{"embeddable":true,"href":"https:\/\/www.europesays.com\/es\/wp-json\/wp\/v2\/users\/2"}],"replies":[{"embeddable":true,"href":"https:\/\/www.europesays.com\/es\/wp-json\/wp\/v2\/comments?post=598091"}],"version-history":[{"count":0,"href":"https:\/\/www.europesays.com\/es\/wp-json\/wp\/v2\/posts\/598091\/revisions"}],"wp:featuredmedia":[{"embeddable":true,"href":"https:\/\/www.europesays.com\/es\/wp-json\/wp\/v2\/media\/598092"}],"wp:attachment":[{"href":"https:\/\/www.europesays.com\/es\/wp-json\/wp\/v2\/media?parent=598091"}],"wp:term":[{"taxonomy":"category","embeddable":true,"href":"https:\/\/www.europesays.com\/es\/wp-json\/wp\/v2\/categories?post=598091"},{"taxonomy":"post_tag","embeddable":true,"href":"https:\/\/www.europesays.com\/es\/wp-json\/wp\/v2\/tags?post=598091"}],"curies":[{"name":"wp","href":"https:\/\/api.w.org\/{rel}","templated":true}]}}