{"id":59814,"date":"2025-08-20T09:03:14","date_gmt":"2025-08-20T09:03:14","guid":{"rendered":"https:\/\/www.europesays.com\/es\/59814\/"},"modified":"2025-08-20T09:03:14","modified_gmt":"2025-08-20T09:03:14","slug":"guijuelo-cierra-su-feria-taurina-con-un-cartel-de-figuras-y-emociones-en-el-ruedo","status":"publish","type":"post","link":"https:\/\/www.europesays.com\/es\/59814\/","title":{"rendered":"Guijuelo cierra su feria taurina con un cartel de figuras y emociones en el ruedo"},"content":{"rendered":"<p class=\"paragraph\" id=\"paragraph_1\">En una tarde que ven\u00eda marcada por grandes expectativas, se celebr\u00f3 el cierre de la Feria Taurina de Guijuelo este 19 de agosto, con la presentaci\u00f3n de un cartel de altura: Miguel \u00c1ngel Perera, Emilio de Justo, y Manuel Diosleguarde hicieron el pase\u00edllo ante un encierro compuesto por reses de Orive y El Puerto de San Lorenzo .<\/p>\n<p class=\"paragraph\" id=\"paragraph_2\">La plaza, en su momento \u00e1lgido de temporada, acogi\u00f3 a un p\u00fablico entregado que ansiaba rematar las fiestas con broche de oro. Las altas expectativas, alimentadas por la presencia de figuras consolidadas como Perera y Justo, crearon una sensaci\u00f3n de solemnidad y celebraci\u00f3n taurina. Esperanza Aguirre presenci\u00f3 la corrida de Guijuelo junto al alcalde, Roberto Mart\u00edn.\u00a0<\/p>\n<p><img loading=\"lazy\" decoding=\"async\" alt=\"Guijuelo despide a El Capea con cinco orejas y un rabo\" height=\"180\" src=\"https:\/\/www.europesays.com\/es\/wp-content\/uploads\/2025\/08\/1003743888416_258024636_320x180.jpg\" width=\"320\" data-lazy-status=\"processed\" data-lazy-info=\"remove loading item 1\"\/><\/p>\n<p class=\"paragraph\" id=\"paragraph_3\">Miguel \u00c1ngel Perera abri\u00f3 la tarde con un toque cl\u00e1sico y elegante, desplegando su inconfundible toreo de muleta templada. Su ritmo pausado encontr\u00f3 eco en los tendidos, que reconocieron su m\u00e9rito en ese ejercicio de quietud y mando. Arranc\u00f3 una oreja del buen Orive.<\/p>\n<p><img decoding=\"async\" alt=\"Emilio de Justo y Manuel Diosleguarde, a hombros en Guijuelo\" data-imgm=\"true\" height=\"180\" loading=\"lazy\"  src=\"https:\/\/www.europesays.com\/es\/wp-content\/uploads\/2025\/08\/1003743892576_258100075_1024x576.jpg\"  width=\"320\"\/><\/p>\n<p>                                                            Emilio de Justo y Manuel Diosleguarde, a hombros en Guijuelo<\/p>\n<p class=\"paragraph\" id=\"paragraph_4\">Emilio de Justo, triunfador el pasado a\u00f1o en esta misma plaza, confirm\u00f3 su reputaci\u00f3n con una demostraci\u00f3n de firmeza y t\u00e9cnica. Lidiando con el espectacular toro de Orive, dej\u00f3 series que quemaban sentimiento y precisi\u00f3n, alimentando el cl\u00edmax de la faena con un compromiso total en cada muletazo. Cort\u00f3 dos orejas de ley.<\/p>\n<p class=\"paragraph\" id=\"paragraph_5\">Manuel Diosleguarde, en gran momento de forma, cerr\u00f3 la tarde con intensidad est\u00e9tica. Su faena, marcada por el valor y la expresi\u00f3n, encontr\u00f3 momentos de gran conexi\u00f3n con el p\u00fablico, tocando un punto emocional en cada pase. Dos orejas al tercero de Orive y dos al gran toro de La Ventana del Puerto.<\/p>\n<p class=\"paragraph\" id=\"paragraph_6\">Variadas faenas en el ruedo. Cl\u00e1sica y templada por Perera; ajustada y firme por Justo; expresiva y conectada por Diosleguarde, un equilibrio est\u00e9tico y emocional.<\/p>\n<p>Un cierre digno<\/p>\n<p class=\"paragraph\" id=\"paragraph_7\">La corrida celebrada hoy en Guijuelo supuso un cierre digno para una feria que apost\u00f3 por variedad ganadera y toreros en plenitud art\u00edstica. Entre actuaci\u00f3n y actuaci\u00f3n, el p\u00fablico pase\u00f3 satisfacci\u00f3n y nostalgia: satisfacci\u00f3n por este cartel final, y nostalgia por el adi\u00f3s anunciado de figuras queridas -como Javier Casta\u00f1o hace solo tres d\u00edas-, que dejaron profundo eco en estas fiestas.<\/p>\n<p>Ficha t\u00e9cnica<\/p>\n<p class=\"paragraph\" id=\"paragraph_8\">Plaza de toros de Guijuelo. 4\u00b0 festejo de Feria. Lleno aparente.<br \/>Tres toros de Orive -1,2 y 3-, el tercero premiado con la vuelta al ruedo. Uno del Puerto de San Lorenzo (4) y dos de La Ventana del Puerto (5 y 6).<\/p>\n<p class=\"paragraph\" id=\"paragraph_9\">Miguel \u00c1ngel Perera: oreja y saludos desde el tercio<br \/>Emilio de Justo: dos orejas y oreja.<br \/>Manuel Diosleguarde: dos orejas y dos orejas<\/p>\n","protected":false},"excerpt":{"rendered":"En una tarde que ven\u00eda marcada por grandes expectativas, se celebr\u00f3 el cierre de la Feria Taurina de&hellip;\n","protected":false},"author":2,"featured_media":59815,"comment_status":"","ping_status":"","sticky":false,"template":"","format":"standard","meta":{"footnotes":""},"categories":[277],"tags":[373,168,25,24,4203,3614,4204,23,167,374],"class_list":{"0":"post-59814","1":"post","2":"type-post","3":"status-publish","4":"format-standard","5":"has-post-thumbnail","7":"category-toreo","8":"tag-bullfighting","9":"tag-deportes","10":"tag-es","11":"tag-espana","12":"tag-guijuelo","13":"tag-salamanca","14":"tag-salamanca-provincia","15":"tag-spain","16":"tag-sports","17":"tag-toreo"},"share_on_mastodon":{"url":"","error":""},"_links":{"self":[{"href":"https:\/\/www.europesays.com\/es\/wp-json\/wp\/v2\/posts\/59814","targetHints":{"allow":["GET"]}}],"collection":[{"href":"https:\/\/www.europesays.com\/es\/wp-json\/wp\/v2\/posts"}],"about":[{"href":"https:\/\/www.europesays.com\/es\/wp-json\/wp\/v2\/types\/post"}],"author":[{"embeddable":true,"href":"https:\/\/www.europesays.com\/es\/wp-json\/wp\/v2\/users\/2"}],"replies":[{"embeddable":true,"href":"https:\/\/www.europesays.com\/es\/wp-json\/wp\/v2\/comments?post=59814"}],"version-history":[{"count":0,"href":"https:\/\/www.europesays.com\/es\/wp-json\/wp\/v2\/posts\/59814\/revisions"}],"wp:featuredmedia":[{"embeddable":true,"href":"https:\/\/www.europesays.com\/es\/wp-json\/wp\/v2\/media\/59815"}],"wp:attachment":[{"href":"https:\/\/www.europesays.com\/es\/wp-json\/wp\/v2\/media?parent=59814"}],"wp:term":[{"taxonomy":"category","embeddable":true,"href":"https:\/\/www.europesays.com\/es\/wp-json\/wp\/v2\/categories?post=59814"},{"taxonomy":"post_tag","embeddable":true,"href":"https:\/\/www.europesays.com\/es\/wp-json\/wp\/v2\/tags?post=59814"}],"curies":[{"name":"wp","href":"https:\/\/api.w.org\/{rel}","templated":true}]}}