{"id":598284,"date":"2026-06-10T09:23:15","date_gmt":"2026-06-10T09:23:15","guid":{"rendered":"https:\/\/www.europesays.com\/es\/598284\/"},"modified":"2026-06-10T09:23:15","modified_gmt":"2026-06-10T09:23:15","slug":"una-testigo-del-caso-de-agresion-sexual-recibio-un-mensaje-amenazante-del-ceo-de-la-productora-que-luego-denuncio-un-hackeo","status":"publish","type":"post","link":"https:\/\/www.europesays.com\/es\/598284\/","title":{"rendered":"Una testigo del caso de agresi\u00f3n sexual recibi\u00f3 un mensaje amenazante del CEO de la productora, que luego denunci\u00f3 un \u2018hackeo\u2019"},"content":{"rendered":"<p class=\"ft-text\">Una testigo del caso que investiga por acoso y agresi\u00f3n sexual a <strong>Gustavo Fuentes, CEO de la productora Andaluc\u00eda Digital Multimedia SA<\/strong> (ADM), ha denunciado ante la Polic\u00eda Nacional que este le envi\u00f3 <strong>un mensaje amenazante por Instagram<\/strong>. Seg\u00fan ha podido saber <strong>El Correo de Andaluc\u00eda<\/strong>, Fuentes le mand\u00f3 a esta mujer, tambi\u00e9n trabajadora de la empresa, el v\u00eddeo de un p\u00f3dcast en el que el protagonista cuenta una advertencia que le hicieron unos traficantes de Jerez. \u00abNotar el sabor de una 9 mil\u00edmetros golpe\u00e1ndote las muelas, es algo en lo que uno no se quiere ver, pero yo hab\u00eda llegao ah\u00ed. Mis decisiones, mi cabezoner\u00eda, mi prepotencia  y no querer ayuda me hab\u00eda llevado a estar en la parte de atr\u00e1s de una Merces Vito con una pistola en la boca\u00bb, dice el protagonista.<\/p>\n<p class=\"ft-text\">El lunes d\u00eda 11, Fuentes y otras dos testigos -entre ellas la que recibi\u00f3 la amenaza- deb\u00edan prestar declaraci\u00f3n ante el juez instructor. Finalmente, estas diligencias previas se pospusieron hasta el 25 de junio porque<strong> el CEO de ADM <\/strong>comunic\u00f3 un cambio de abogado. La testigo de este caso decidi\u00f3 acudir a una comisar\u00eda de la Polic\u00eda Nacional a denunciar el mensaje que hab\u00eda recibido por parte del acusado.<\/p>\n<p class=\"ft-text\">Cabe recordar que Fuentes est\u00e1 siendo investigado como presunto autor de delitos de <a class=\"ft-link ft-link--decoration\" href=\"https:\/\/www.elcorreoweb.es\/andalucia\/2026\/06\/09\/denuncia-ceo-productora-acoso-agresion-131209513.html\" rel=\"nofollow noopener\" target=\"_blank\">acoso sexual y agresi\u00f3n sexual <\/a>tras la denuncia de una reportera de la productora de Andaluc\u00eda Directo. El Juzgado de Violencia sobre la Mujer n\u00famero 5 de Sevilla instruye esta causa contra el alto mando de la productora y ya ha tomado declaraci\u00f3n a la denunciante<strong>. El consejo de administraci\u00f3n de la productora ha acordado ya la<\/strong><a class=\"ft-link ft-link--decoration\" href=\"https:\/\/www.elcorreoweb.es\/andalucia\/2026\/06\/10\/productora-andaluza-grupo-adm-suspende-puesto-agresion-sexual-acoso-131222183.html\" rel=\"nofollow noopener\" target=\"_blank\"><strong> suspensi\u00f3n temporal de funciones<\/strong><\/a><strong> hasta que se aclare su situaci\u00f3n procesal.<\/strong><\/p>\n<p>Del hackeo a una suplantaci\u00f3n de identidad<\/p>\n<p class=\"ft-text\">El mensaje amenazante fue denunciado por qui\u00e9n lo recibi\u00f3 en una comisar\u00eda de la Polic\u00eda Nacional, seg\u00fan ha podido confirmar este peri\u00f3dico. La denuncia se incorpor\u00f3 a la causa que investiga el acoso y la agresi\u00f3n sexual al considerarse que podr\u00eda ser <strong>un intento de coacci\u00f3n a una testigo que es clave para sustentar el relato de la v\u00edctima<\/strong>. La testigo <strong>no ha querido hacer ninguna declaraci\u00f3n al respecto<\/strong> y reclam\u00f3 prudencia y cautela sobre la difusi\u00f3n p\u00fablica de un asunto que estima que a\u00fan est\u00e1 en <strong>una fase muy incipiente,<\/strong> no ha sido ratificada la denuncia y todav\u00eda no se est\u00e1 ni siquiera siendo investigando el delito de coacciones. Los afectados consideran que est\u00e1 a\u00fan muy en ciernes y temen que pueda perjudicar a la causa judicial abierta por un presunto caso de agresi\u00f3n sexual, por lo que rechazan dar informaci\u00f3n sobre este asunto. <\/p>\n<p class=\"ft-text\">Cuatro d\u00edas despu\u00e9s de que se interpusiera la misma, Gustavo Fuentes difundi\u00f3 en sus redes sociales una publicaci\u00f3n comunicando que hab\u00eda sido hackeado. Alertaba de que no ten\u00eda control sobre los mensajes enviados desde sus cuentas. <\/p>\n<p class=\"ft-text\">La defensa letrada del CEO de ADM, sin embargo, encarg\u00f3 un informe a un perito para intentar aclarar lo ocurrido. El mismo se\u00f1ala que no fue exactamente un hackeo e intentan desviar el foco a que fue <strong>una suplantaci\u00f3n de identidad<\/strong>.<\/p>\n<p>Varios a\u00f1os de \u00abinfierno laboral\u00bb<\/p>\n<p class=\"ft-text\"><a class=\"ft-link ft-link--decoration\" href=\"https:\/\/www.elcorreoweb.es\/andalucia\/2026\/06\/09\/denuncia-ceo-productora-acoso-agresion-131209513.html\" target=\"_blank\" rel=\"nofollow noopener\">El relato de la mujer tambi\u00e9n incorpora distintos episodios de presunto acoso laboral<\/a> -un il\u00edcito penal que est\u00e1 en el aire por la atribuci\u00f3n de funciones espec\u00edfica que tiene el juzgado conocedor de los hechos desde enero-. El detonante se produjo cuando Fuentes supo que ella manten\u00eda una relaci\u00f3n sentimental con otro compa\u00f1ero. \u00abResultar\u00eda <strong>la antesala del infierno en que convertir\u00eda su entorno laboral\u00bb<\/strong>, relata la denuncia, a la que ha tenido acceso <strong>El Correo de Andaluc\u00eda<\/strong>. La misma explica que los episodios de acoso sexual terminaron aquel octubre de 2023. Ese mismo verano, Fuentes se hab\u00eda presentado en una grabaci\u00f3n y hab\u00eda propiciado ir a solas con ella en el coche. Una vez en el interior del veh\u00edculo, el escrito recoge intentos de tocamientos, de abordamientos y de besos.<\/p>\n<p class=\"ft-text\">El primer episodio de presunto acoso sexual se remonta a <strong>2013<\/strong>, cuando tras una cena \u00e9l intent\u00f3 besarla a la fuerza en repetidas ocasiones, seg\u00fan la demanda. En el relato de la presunta v\u00edctima ella huy\u00f3 del lugar y Fuentes se subi\u00f3 al veh\u00edculo sin su consentimiento, donde intent\u00f3 besarla de nuevo hasta que ella logr\u00f3 zafarse y entrar en el portal de su vivienda. Despu\u00e9s la periodista suspendi\u00f3 la relaci\u00f3n  laboral directa con el presunto agresor. <\/p>\n<p class=\"ft-text\">En 2020, Fuentes fue nombrado <strong>Director General del grupo ADM<\/strong>. Es decir es el CEO de una productora con <strong>un 47,9% <\/strong>de socios p\u00fablicos y <strong>un 52,1% <\/strong>de capital privado. Sandetel, dependiente de la Junta de Andaluc\u00eda, es la sociedad p\u00fablica con todas las participaciones de ADM. En la parte privada est\u00e1n el <strong>Grupo ZZJ, Telef\u00f3nica <\/strong>(a trav\u00e9s de Telef\u00f3nica de Contenidos), <strong>Medina Media Andaluc\u00eda <\/strong>y <strong>Axi\u00f3n<\/strong>. En 2023 increment\u00f3 su poder y fue nombrado <strong>presidente del Cl\u00faster Audiovisual de Andaluc\u00eda, un \u00f3rgano vinculado a la Consejer\u00eda de Presidencia de Antonio Sanz<\/strong>. Ese cargo lo dej\u00f3 en la antesala de su citaci\u00f3n como investigado, coincidiendo con que quedaban pocos d\u00edas para celebrarse las elecciones andaluzas. <\/p>\n<p>Mensajes de Whatsapp<\/p>\n<p class=\"ft-text\">La <strong>denunciante se incorpora de nuevo al grupo ADM en el a\u00f1o 2021<\/strong>, ocho a\u00f1os despu\u00e9s de la primera supuesta agresi\u00f3n, informada de que \u00e9l se hab\u00eda casado y ten\u00eda dos hijas, por lo que pens\u00f3 que su actitud cambiar\u00eda. La denuncia relata sin embargo que no fue as\u00ed. <strong>Los episodios de acoso y vejaciones no cesan.<\/strong> En 2022, Fuentes y la mujer se volvieron a quedar solos tras una grabaci\u00f3n a petici\u00f3n de su jefe. La denuncia recoge que le insisti\u00f3 para llevarla al hotel en su coche. Una vez en el veh\u00edculo, \u00abla bes\u00f3 contra su voluntad, violentamente, mientras le tocaba los muslos\u00bb.<\/p>\n<p class=\"ft-text\">La comunicaci\u00f3n entre Fuentes y la v\u00edctima est\u00e1 corroborada por distintos mensajes de <strong>Whatsapp entre 2021 y 2023<\/strong>. Se realizan propuestas de encuentros privados, con frases del tipo <strong>\u00aba ver si un d\u00eda de estos podemos pegarnos una escapada, aunque sea de un par de horas\u00bb. <\/strong>Otros mensajes recogen el tono de \u00ablo nuestro parece imposible, ojal\u00e1 volvi\u00e9ramos a hace 10 a\u00f1os\u00bb o <strong>\u00abt\u00fa me debes una noche loca&#8230;\u00bb<\/strong>. <\/p>\n<p class=\"ft-text\"><strong>Los trabajadores de ADM han emitido un comunicado <\/strong>en el que expresan su \u00abm\u00e1xima solidaridad y apoyo incondicional\u00bb a la compa\u00f1era afectada y su \u00abrechazo absoluto a cualquier conducta de violencia sexual y laboral\u00bb. Subrayan que el caso est\u00e1 \u00aba la espera de resoluci\u00f3n judicial\u00bb, proceso que dicen respetar rigurosamente, pero se\u00f1alan que \u00abla presunci\u00f3n de inocencia no exime a la empresa de su deber de actuar con la m\u00e1xima firmeza y responsabilidad interna\u00bb. <a class=\"ft-link ft-link--decoration\" href=\"https:\/\/www.elcorreoweb.es\/andalucia\/2026\/06\/09\/canal-sur-asegura-recibio-denuncias-131216841.html\" rel=\"nofollow noopener\" target=\"_blank\">Canal Sur por su parte emiti\u00f3 un comunicado para asegurar que desconoc\u00eda las denuncias de acoso o agresi\u00f3n sexual<\/a>, que no recibi\u00f3 ninguna denuncia en sus canales internos y ha convocado una reuni\u00f3n urgente para determinar qu\u00e9 actuaciones adopta.<\/p>\n","protected":false},"excerpt":{"rendered":"Una testigo del caso que investiga por acoso y agresi\u00f3n sexual a Gustavo Fuentes, CEO de la productora&hellip;\n","protected":false},"author":2,"featured_media":598285,"comment_status":"","ping_status":"","sticky":false,"template":"","format":"standard","meta":{"footnotes":""},"categories":[5],"tags":[10239,11971,12915,17,18,5795,6985,25,24,13,14,11,19,20,9,10,15,16,6382,9129,23,4798,12,21,22],"class_list":["post-598284","post","type-post","status-publish","format-standard","has-post-thumbnail","category-titulares","tag-acoso-sexual","tag-agresion","tag-agresion-sexual","tag-breaking-news","tag-breakingnews","tag-canal-sur","tag-caso","tag-es","tag-espana","tag-featured-news","tag-featurednews","tag-headlines","tag-latest-news","tag-latestnews","tag-news","tag-noticias","tag-noticias-destacadas","tag-noticiasdestacadas","tag-recibio","tag-sexual","tag-spain","tag-testigo","tag-titulares","tag-ultimas-noticias","tag-ultimasnoticias"],"share_on_mastodon":{"url":"https:\/\/pubeurope.com\/@es\/116725088674222740","error":""},"_links":{"self":[{"href":"https:\/\/www.europesays.com\/es\/wp-json\/wp\/v2\/posts\/598284","targetHints":{"allow":["GET"]}}],"collection":[{"href":"https:\/\/www.europesays.com\/es\/wp-json\/wp\/v2\/posts"}],"about":[{"href":"https:\/\/www.europesays.com\/es\/wp-json\/wp\/v2\/types\/post"}],"author":[{"embeddable":true,"href":"https:\/\/www.europesays.com\/es\/wp-json\/wp\/v2\/users\/2"}],"replies":[{"embeddable":true,"href":"https:\/\/www.europesays.com\/es\/wp-json\/wp\/v2\/comments?post=598284"}],"version-history":[{"count":0,"href":"https:\/\/www.europesays.com\/es\/wp-json\/wp\/v2\/posts\/598284\/revisions"}],"wp:featuredmedia":[{"embeddable":true,"href":"https:\/\/www.europesays.com\/es\/wp-json\/wp\/v2\/media\/598285"}],"wp:attachment":[{"href":"https:\/\/www.europesays.com\/es\/wp-json\/wp\/v2\/media?parent=598284"}],"wp:term":[{"taxonomy":"category","embeddable":true,"href":"https:\/\/www.europesays.com\/es\/wp-json\/wp\/v2\/categories?post=598284"},{"taxonomy":"post_tag","embeddable":true,"href":"https:\/\/www.europesays.com\/es\/wp-json\/wp\/v2\/tags?post=598284"}],"curies":[{"name":"wp","href":"https:\/\/api.w.org\/{rel}","templated":true}]}}