{"id":598433,"date":"2026-06-10T11:24:19","date_gmt":"2026-06-10T11:24:19","guid":{"rendered":"https:\/\/www.europesays.com\/es\/598433\/"},"modified":"2026-06-10T11:24:19","modified_gmt":"2026-06-10T11:24:19","slug":"matan-a-tiros-a-un-hombre-en-la-calle-balmes-de-barcelona-a-plena-luz-del-dia","status":"publish","type":"post","link":"https:\/\/www.europesays.com\/es\/598433\/","title":{"rendered":"Matan a tiros a un hombre en la calle Balmes de Barcelona a plena luz del d\u00eda"},"content":{"rendered":"<p class=\"c-paragraph\">Los <a href=\"https:\/\/www.20minutos.es\/tags\/temas\/mossos-desquadra.html\" title=\"Mossos d&#039;Esquadra\" rel=\"nofollow noopener\" target=\"_blank\">Mossos d&#8217;Esquadra <\/a>investigan la muerte violenta de un hombre tras <b>recibir un tiro en la calle Balmes de Barcelona<\/b> a plena luz del d\u00eda, seg\u00fan ha avanzado &#8216;El Caso&#8217; y han confirmado fuentes policiales a <b><a href=\"https:\/\/www.20minutos.es\/tags\/autores\/20minutos-a.html\" title=\"20minutos\" rel=\"nofollow noopener\" target=\"_blank\">20minutos<\/a><\/b>. El autor de los hechos ha podido huir y <b>todav\u00eda no hay detenidos<\/b>.\u00a0Se trata de la segunda muerte por arma de fuego que se produce en la capital catalana en cuatro d\u00edas. El subinspector Sergi Riera, subjefe de la comisar\u00eda de Sarri\u00e0-Sant Gervasi, ha explicado ante los periodistas que <b>la v\u00edctima es un hombre de mediana edad\u00a0<\/b>que han encontrado tendido en el suelo con <b>\u00abimpactos de bala\u00bb.<\/b><\/p>\n<p class=\"c-paragraph\">La polic\u00eda catalana ha recibido el aviso a las 9.50 horas y el suceso ha tenido lugar\u00a0en la <b>confluencia de la calle Balmes con Travessera de Gr\u00e0cia<\/b>, justo delante de la comisar\u00eda de la Polic\u00eda Nacional y en una zona muy c\u00e9ntrica de la ciudad.\u00a0Fuentes conocedoras de los hechos han explicado a ACN que <b>el autor ha escondido la pistola cerca del lugar del tiroteo, en\u00a0Gal\u00b7la Plac\u00eddia,<\/b> y posteriormente una mujer la ha encontrado y ha avisado a la polic\u00eda.\u00a0\u00a0a la polic\u00eda. Los mossos han<b> localizado el arma en una parada de autob\u00fas<\/b> y ya est\u00e1 bajo custodia policial como posible indicio del crimen.<\/p>\n<p class=\"c-paragraph\">En el lugar, la Guardia Urbana ha\u00a0<b>cortado la calle\u00a0<\/b>y se han trasladado efectivos del SEM. Adem\u00e1s, los Mossos han desplegado un dispositivo con diversas unidades del cuerpo policial (como de la cient\u00edfica) y, en los primeros instantes, han instalado una lona para tapar el cuerpo de la v\u00edctima tendido en el suelo.\u00a0M\u00e1s tarde, el TSJC ha informado de que una comitiva judicial, dirigida por el magistrado de la plaza 31 de la secci\u00f3n de instrucci\u00f3n del tribunal de instancia de Barcelona,\u00a0<b>se ha desplazado hasta el lugar para realizar el levantamiento del cad\u00e1ver. <\/b>Los servicios funerarios se han llevado el cuerpo sobre las 12.30 horas.\u00a0<\/p>\n<p class=\"c-paragraph\">Ahora, la polic\u00eda catalana est\u00e1 tratando de localizar al individuo, del que\u00a0<b>tienen im\u00e1genes<\/b>\u00a0gracias a las c\u00e1maras de seguridad instaladas en la zona en la que se ha producido el suceso. Se trata de <b>un hombre vestido con pantal\u00f3n corto y camiseta<\/b>. En la captura se le ve con un casco de bicicleta en la mano.\u00a0<\/p>\n<p class=\"c-paragraph\">El tiroteo se ha producido en un momento en el que la ciudad tiene desplegado un<b>\u00a0fuerte dispositivo de seguridad<\/b>\u00a0con motivo de la\u00a0<a href=\"https:\/\/www.20minutos.es\/cataluna\/barcelona\/papa-leon-xiv-directo-ultima-hora-papamovil-ifema-sagrada-familia-madrid-barcelona_6980877_6.html\" target=\"_blank\" rel=\"nofollow noopener\">visita del Papa Le\u00f3n XIV,<\/a>\u00a0que cuenta con m\u00e1s de 7.000 agentes de diferentes cuerpos policiales. La investigaci\u00f3n est\u00e1 bajo secreto de las actuaciones, pero <b>los investigadores desvinculan los hechos de los actos que se celebran hoy con motivo de la visita del Papa.<\/b><\/p>\n<p>Segunda muerte por arma de fuego en 4 d\u00edas<\/p>\n<p class=\"c-paragraph\">El suceso se produce solo cuatro d\u00edas despu\u00e9s de la muerte violenta de otro hombre por arma de fuego en la ciudad. El pasado domingo,\u00a0<a href=\"https:\/\/www.20minutos.es\/cataluna\/barcelona\/muere-hombre-asesinado-tiros-zona-franca-barcelona_6980363_0.html\" rel=\"nofollow noopener\" target=\"_blank\">un hombre perdi\u00f3 la vida en un tiroteo que tuvo lugar en un\u00a0patio interior de la calle Miner\u00eda, en la Zona Franca.\u00a0<\/a><\/p>\n<p class=\"c-paragraph\">Efectivos de los Mossos y profesionales del SEM intentaron reanimar a la persona, aunque sin \u00e9xito, ya que acab\u00f3 muriendo minutos despu\u00e9s. La polic\u00eda catalana\u00a0<b>sigue buscando al pistolero.<\/b><\/p>\n<p>El PP pide una reuni\u00f3n urgente\u00a0<\/p>\n<p class=\"c-paragraph\">El l\u00edder del PP en el Ayuntamiento de Barcelona, Daniel Sirera, ha pedido una<b> reuni\u00f3n \u00aburgente\u00bb de todos los grupos municipales<\/b> tras el asesinato de un hombre en la calle Balmes la ma\u00f1ana de este mi\u00e9rcoles.<\/p>\n<p class=\"c-paragraph\">En un apunte en redes sociales, Sirera ha explicado que la reuni\u00f3n debe servir <b>\u00abpara responder a la inacci\u00f3n\u00bb<\/b> del presidente del Gobierno, Pedro S\u00e1nchez, el de la Generalitat, Salvador Illa, y al alcalde, Jaume Collboni.<\/p>\n<p class=\"c-paragraph\">\u00abOtro homicidio en plena calle. Ya van<b> 7 en apenas dos meses<\/b>. Esta vez en Sarri\u00e0-Sant Gervasi\u00bb, ha lamentado.<\/p>\n<p class=\"c-paragraph\">Por su parte, el l\u00edder de Vox en Catalu\u00f1a, Ignacio Garriga, ha lamentado el asesinato del hombre y ha puesto \u00e9nfasis en que se haya producido<b> \u00aben una ciudad te\u00f3ricamente blindada por la visita del Papa Le\u00f3n XIV\u00bb. <\/b>El partido ha convocado una protesta para este viernes en el distrito de Sarri\u00e0-Sant Gervasi. \u00abLos vecinos no pueden m\u00e1s\u00bb, aseguran.\u00a0<\/p>\n","protected":false},"excerpt":{"rendered":"Los Mossos d&#8217;Esquadra investigan la muerte violenta de un hombre tras recibir un tiro en la calle Balmes&hellip;\n","protected":false},"author":2,"featured_media":598434,"comment_status":"","ping_status":"","sticky":false,"template":"","format":"standard","meta":{"footnotes":""},"categories":[5],"tags":[17,18,10872,25,24,13,14,11,366,19,20,11087,9,10,15,16,23,31072,12,21,22,16743],"class_list":["post-598433","post","type-post","status-publish","format-standard","has-post-thumbnail","category-titulares","tag-breaking-news","tag-breakingnews","tag-calle","tag-es","tag-espana","tag-featured-news","tag-featurednews","tag-headlines","tag-hombre","tag-latest-news","tag-latestnews","tag-matan","tag-news","tag-noticias","tag-noticias-destacadas","tag-noticiasdestacadas","tag-spain","tag-tiros","tag-titulares","tag-ultimas-noticias","tag-ultimasnoticias","tag-un"],"share_on_mastodon":{"url":"https:\/\/pubeurope.com\/@es\/116725564520903499","error":""},"_links":{"self":[{"href":"https:\/\/www.europesays.com\/es\/wp-json\/wp\/v2\/posts\/598433","targetHints":{"allow":["GET"]}}],"collection":[{"href":"https:\/\/www.europesays.com\/es\/wp-json\/wp\/v2\/posts"}],"about":[{"href":"https:\/\/www.europesays.com\/es\/wp-json\/wp\/v2\/types\/post"}],"author":[{"embeddable":true,"href":"https:\/\/www.europesays.com\/es\/wp-json\/wp\/v2\/users\/2"}],"replies":[{"embeddable":true,"href":"https:\/\/www.europesays.com\/es\/wp-json\/wp\/v2\/comments?post=598433"}],"version-history":[{"count":0,"href":"https:\/\/www.europesays.com\/es\/wp-json\/wp\/v2\/posts\/598433\/revisions"}],"wp:featuredmedia":[{"embeddable":true,"href":"https:\/\/www.europesays.com\/es\/wp-json\/wp\/v2\/media\/598434"}],"wp:attachment":[{"href":"https:\/\/www.europesays.com\/es\/wp-json\/wp\/v2\/media?parent=598433"}],"wp:term":[{"taxonomy":"category","embeddable":true,"href":"https:\/\/www.europesays.com\/es\/wp-json\/wp\/v2\/categories?post=598433"},{"taxonomy":"post_tag","embeddable":true,"href":"https:\/\/www.europesays.com\/es\/wp-json\/wp\/v2\/tags?post=598433"}],"curies":[{"name":"wp","href":"https:\/\/api.w.org\/{rel}","templated":true}]}}