{"id":59854,"date":"2025-08-20T09:25:08","date_gmt":"2025-08-20T09:25:08","guid":{"rendered":"https:\/\/www.europesays.com\/es\/59854\/"},"modified":"2025-08-20T09:25:08","modified_gmt":"2025-08-20T09:25:08","slug":"el-balonmano-zamora-muestra-su-solidaridad-con-las-victimas-de-los-incendios-en-la-provincia","status":"publish","type":"post","link":"https:\/\/www.europesays.com\/es\/59854\/","title":{"rendered":"El Balonmano Zamora muestra su solidaridad con las v\u00edctimas de los incendios en la provincia"},"content":{"rendered":"<p data-start=\"108\" data-end=\"518\">El Club Balonmano Zamora ha expresado este martes 19 de agosto su solidaridad con las personas, familias y comunidades afectadas por los devastadores incendios que desde hace d\u00edas azotan la provincia. A trav\u00e9s de un emotivo comunicado, el equipo deportivo ha trasladado su apoyo a todos los que est\u00e1n viviendo esta tragedia y, en especial, a quienes est\u00e1n combatiendo el fuego desde el frente.<\/p>\n<p data-start=\"520\" data-end=\"736\">\u201cDesde el Balonmano Zamora queremos mandar toda nuestra fuerza y solidaridad a las personas, familias y pueblos que est\u00e1n sufriendo los incendios que asolan nuestra provincia\u201d, se\u00f1ala la nota emitida por la entidad.<\/p>\n<p data-start=\"738\" data-end=\"1075\">El club tambi\u00e9n ha querido rendir homenaje a los valientes que luchan sin descanso para sofocar las llamas y proteger a la poblaci\u00f3n, incluyendo a los bomberos, brigadistas, la Unidad Militar de Emergencias (UME), voluntarios, Guardia Civil y vecinos y vecinas que no dudan en arriesgar su seguridad para frenar la propagaci\u00f3n del fuego.<\/p>\n<p data-start=\"1077\" data-end=\"1271\">\u00abZamora es tierra de gente valiente. Entre todos, saldremos adelante\u00bb, subraya el mensaje de la entidad deportiva, transmitiendo un fuerte sentido de unidad y esperanza para todos los afectados.<\/p>\n","protected":false},"excerpt":{"rendered":"El Club Balonmano Zamora ha expresado este martes 19 de agosto su solidaridad con las personas, familias y&hellip;\n","protected":false},"author":2,"featured_media":59855,"comment_status":"","ping_status":"","sticky":false,"template":"","format":"standard","meta":{"footnotes":""},"categories":[278],"tags":[376,8224,168,25,24,375,4342,23,167],"class_list":{"0":"post-59854","1":"post","2":"type-post","3":"status-publish","4":"format-standard","5":"has-post-thumbnail","7":"category-balonmano","8":"tag-balonmano","9":"tag-balonmano-zamora","10":"tag-deportes","11":"tag-es","12":"tag-espana","13":"tag-handball","14":"tag-incendios","15":"tag-spain","16":"tag-sports"},"share_on_mastodon":{"url":"","error":""},"_links":{"self":[{"href":"https:\/\/www.europesays.com\/es\/wp-json\/wp\/v2\/posts\/59854","targetHints":{"allow":["GET"]}}],"collection":[{"href":"https:\/\/www.europesays.com\/es\/wp-json\/wp\/v2\/posts"}],"about":[{"href":"https:\/\/www.europesays.com\/es\/wp-json\/wp\/v2\/types\/post"}],"author":[{"embeddable":true,"href":"https:\/\/www.europesays.com\/es\/wp-json\/wp\/v2\/users\/2"}],"replies":[{"embeddable":true,"href":"https:\/\/www.europesays.com\/es\/wp-json\/wp\/v2\/comments?post=59854"}],"version-history":[{"count":0,"href":"https:\/\/www.europesays.com\/es\/wp-json\/wp\/v2\/posts\/59854\/revisions"}],"wp:featuredmedia":[{"embeddable":true,"href":"https:\/\/www.europesays.com\/es\/wp-json\/wp\/v2\/media\/59855"}],"wp:attachment":[{"href":"https:\/\/www.europesays.com\/es\/wp-json\/wp\/v2\/media?parent=59854"}],"wp:term":[{"taxonomy":"category","embeddable":true,"href":"https:\/\/www.europesays.com\/es\/wp-json\/wp\/v2\/categories?post=59854"},{"taxonomy":"post_tag","embeddable":true,"href":"https:\/\/www.europesays.com\/es\/wp-json\/wp\/v2\/tags?post=59854"}],"curies":[{"name":"wp","href":"https:\/\/api.w.org\/{rel}","templated":true}]}}