{"id":598580,"date":"2026-06-10T13:19:13","date_gmt":"2026-06-10T13:19:13","guid":{"rendered":"https:\/\/www.europesays.com\/es\/598580\/"},"modified":"2026-06-10T13:19:13","modified_gmt":"2026-06-10T13:19:13","slug":"el-papa-ignora-la-pederastia-en-su-visita-a-montserrat-uno-de-los-focos-del-escandalo-en-cataluna-espana","status":"publish","type":"post","link":"https:\/\/www.europesays.com\/es\/598580\/","title":{"rendered":"El Papa ignora la pederastia en su visita a Montserrat, uno de los focos del esc\u00e1ndalo en Catalu\u00f1a | Espa\u00f1a"},"content":{"rendered":"<p class=\"\">El papa Le\u00f3n XIV ha visitado este mi\u00e9rcoles la abad\u00eda de Montserrat, s\u00edmbolo de la Iglesia y de la identidad de Catalu\u00f1a, pero tambi\u00e9n del esc\u00e1ndalo de la pederastia. Fue en este lugar donde surgi\u00f3 uno de los casos m\u00e1s graves de esta comunidad aut\u00f3noma, destapado por este peri\u00f3dico en enero de 2019: los \u00faltimos tres abades del monasterio, los anteriores al actual, <a href=\"https:\/\/elpais.com\/sociedad\/2019\/02\/18\/actualidad\/1550506202_965066.html\" target=\"_self\" rel=\"nofollow noopener\" title=\"https:\/\/elpais.com\/sociedad\/2019\/02\/18\/actualidad\/1550506202_965066.html\">encubrieron abusos durante d\u00e9cadas<\/a> y han surgido acusaciones contra tres frailes con al menos 15 v\u00edctimas. Ninguna de ellas ha recibido compensaci\u00f3n, salvo la \u00faltima conocida, <a href=\"https:\/\/elpais.com\/sociedad\/2024-11-11\/primera-condena-por-pederastia-contra-un-monje-de-montserrat-que-admite-los-abusos-sexuales.html\" target=\"_self\" rel=\"nofollow noopener\" title=\"https:\/\/elpais.com\/sociedad\/2024-11-11\/primera-condena-por-pederastia-contra-un-monje-de-montserrat-que-admite-los-abusos-sexuales.html\">a ra\u00edz de una condena judicial<\/a> en 2024, seg\u00fan los datos de Miguel Hurtado, la primera v\u00edctima que sali\u00f3 a la luz. Es un ejemplo de esa \u201cllaga abierta\u201d que ha admitido el Papa en su llegada a Espa\u00f1a. Sin embargo, Le\u00f3n XIV no ha aludido al esc\u00e1ndalo en su discurso ante la comunidad benedictina. La propia abad\u00eda <a href=\"https:\/\/elpais.com\/sociedad\/2019\/09\/08\/actualidad\/1567940522_325422.html\" target=\"_self\" rel=\"nofollow noopener\" title=\"https:\/\/elpais.com\/sociedad\/2019\/09\/08\/actualidad\/1567940522_325422.html\">pidi\u00f3 perd\u00f3n p\u00fablicamente<\/a> y <a href=\"https:\/\/elpais.com\/sociedad\/2019\/09\/06\/actualidad\/1567764192_764044.html\" target=\"_self\" rel=\"nofollow noopener\" title=\"https:\/\/elpais.com\/sociedad\/2019\/09\/06\/actualidad\/1567764192_764044.html\">admiti\u00f3 los abusos en un informe en 2019<\/a>. Tampoco el actual abad, Manel Gasch i Hurios, en el cargo desde 2021, ha hecho menci\u00f3n alguna a la cuesti\u00f3n en su intervenci\u00f3n.<\/p>\n<p class=\"\">De este modo, salvo que el Pont\u00edfice aborde el problema en alguno de los actos de la tarde del mi\u00e9rcoles, es probable que se vaya de Catalu\u00f1a el jueves por la ma\u00f1ana sin aludir al esc\u00e1ndalo, pues la cita en Montserrat era la ocasi\u00f3n m\u00e1s propicia. Confirma el perfil bajo que desde la Iglesia espa\u00f1ola y el Vaticano se est\u00e1 queriendo dar a la cuesti\u00f3n. El Papa solo se refiri\u00f3 al fen\u00f3meno el lunes, <a href=\"https:\/\/elpais.com\/espana\/2026-06-08\/el-papa-define-la-pederastia-como-una-plaga-y-pide-a-los-obispos-cambios-reales-de-sanacion.html\" target=\"_self\" rel=\"nofollow noopener\" title=\"https:\/\/elpais.com\/espana\/2026-06-08\/el-papa-define-la-pederastia-como-una-plaga-y-pide-a-los-obispos-cambios-reales-de-sanacion.html\">al definirlo como una \u201cplaga\u201d<\/a>, en un breve pasaje de su discurso a los obispos en Madrid. Luego se reuni\u00f3 con seis v\u00edctimas de forma reservada, elegidas por no tener relaci\u00f3n con los medios. Sin embargo, en Catalu\u00f1a es una omisi\u00f3n significativa, pues es el territorio donde m\u00e1s casos se han registrado en Espa\u00f1a, algunos de ellos de los m\u00e1s medi\u00e1ticos.<\/p>\n<p>Fotogaler\u00eda<\/p>\n<p class=\"\">Seg\u00fan la base de datos de EL PA\u00cdS, la \u00fanica sobre el fen\u00f3meno, ante la negativa de la Iglesia espa\u00f1ola a dar informaci\u00f3n clara, esta comunidad aut\u00f3noma registra el mayor n\u00famero de casos de pederastia del clero: 236 acusados y al menos 506 v\u00edctimas. El m\u00e1s antiguo est\u00e1 fechado en 1941 y el m\u00e1s reciente, en 2024. <\/p>\n<p class=\"\">Por provincias, 176 de estos casos ocurrieron en Barcelona, 22 en Tarragona, 20 en Lleida y 11 en Girona. En los cinco restantes se desconoce la provincia. Por instituciones, la archidi\u00f3cesis de Barcelona es la que m\u00e1s tiene, 44. Le siguen las \u00f3rdenes de los maristas (36), jesuitas (31), La Salle (18), escolapios (10) y claretianos (9). En los agustinos, orden a la que pertenece el Papa, no consta ninguno. En total, en al menos 31 de estos casos hay acusaciones o sospechas de encubrimiento.<\/p>\n<p><img alt=\"Visita Papa Le\u00f3n XIV a Montserrat\" decoding=\"auto\" class=\"_re lazyload a_m-h\" height=\"270\"  width=\"414\"  src=\"https:\/\/www.europesays.com\/es\/wp-content\/uploads\/2026\/06\/XZOQCEHLIVA6LOO3BTRV7B2MZA.jpg\" loading=\"lazy\" fetchpriority=\"low\"\/>Vista de la abad\u00eda de Montserrat, durante la visita del Papa, este mi\u00e9rcoles.GIANLUCA BATTISTA<\/p>\n<p class=\"\">Por otro lado, seg\u00fan ha confirmado EL PA\u00cdS, en el encuentro del Papa con los agustinos espa\u00f1oles del domingo, estaba Agust\u00edn Alcalde, prior provincial de la orden entre 2010 y 2014 y responsable, <a href=\"https:\/\/elpais.com\/sociedad\/2026-06-04\/los-agustinos-encubrieron-durante-16-anos-a-un-cura-acusado-de-abusar-de-una-nina-en-madrid-mientras-el-papa-era-prior-de-la-orden.html\" target=\"_self\" rel=\"nofollow noopener\" title=\"https:\/\/elpais.com\/sociedad\/2026-06-04\/los-agustinos-encubrieron-durante-16-anos-a-un-cura-acusado-de-abusar-de-una-nina-en-madrid-mientras-el-papa-era-prior-de-la-orden.html\">como desvel\u00f3 este peri\u00f3dico la semana pasada<\/a>, de no haber abierto una investigaci\u00f3n interna por abusos sexuales a una ni\u00f1a de 6 a\u00f1os y haber tapado el asunto, pese a que hubo una denuncia policial en 2010. Adem\u00e1s, en ese periodo, Robert Prevost, el futuro pont\u00edfice, era el prior general de la orden. Los agustinos han asegurado que no fue informado. <\/p>\n<p class=\"\">La v\u00edctima acus\u00f3 a un agustino, \u00c1lvaro Mart\u00edn Fuente, del colegio Buen Consejo de Madrid, y se\u00f1ala que la orden lo supo hace 16 a\u00f1os, lo encubri\u00f3 y no hizo nada. La orden, a la pregunta de este peri\u00f3dico sobre la presencia de Alcalde en la reuni\u00f3n con Le\u00f3n XIV, ha respondido: \u201cEn el encuentro estuvieron todos los agustinos que pudieron y quisieron estar\u201d.<\/p>\n<p><img alt=\"\" decoding=\"auto\" class=\"_re lazyload a_m-h\" height=\"233\"  width=\"414\"  src=\"https:\/\/www.europesays.com\/es\/wp-content\/uploads\/2026\/06\/7S3O7PZTVRBLNJX4SSU7MWPLLI.jpg\" loading=\"lazy\" fetchpriority=\"low\"\/>El Papa, en su encuentro con agustinos espa\u00f1oles el pasado domingo, junto a Agust\u00edn Alcalde, en un c\u00edrculo rojo, acusado de encubrimiento de un caso de pederastia.EFE\/ Vatican Media<\/p>\n<p class=\"\">En su discurso en Montserrat, el Papa ha llamado a abandonar las \u201cpalabras hirientes\u201d y la agresividad en las redes sociales y la pol\u00edtica. Es una de sus ideas fundamentales, que ya ha expuesto durante estos d\u00edas en Espa\u00f1a: superar las diferencias y buscar la unidad de cada comunidad. El mensaje de Jes\u00fas, ha dicho, \u201cdesenmascara la violencia que puede esconderse en nuestras palabras y actitudes: la cr\u00edtica que humilla, la condena que destruye y la agresividad que divide\u201d. Ha pedido a la Virgen \u201cque nos ense\u00f1e a renunciar a las palabras hirientes, al juicio inmediato, a la murmuraci\u00f3n y a las calumnias\u201d. \u201cQue aprendamos a custodiar y a cultivar el amor en la familia, entre amigos, en el lugar de trabajo, en las redes sociales, en los debates pol\u00edticos y en las comunidades cristianas, de modo que el odio ceda paso a la esperanza y la paz\u201d, ha concluido.<\/p>\n<p>\u201cEs la zona cero de la pederastia\u201d<\/p>\n<p class=\"\">Pero ni palabra de la pederastia. El primer denunciante de Montserrat, Miguel Hurtado, una de las v\u00edctimas m\u00e1s activas en la lucha contra esta lacra, <a href=\"https:\/\/elpais.com\/sociedad\/2026-05-29\/el-primer-denunciante-del-caso-montserrat-pide-al-papa-que-cancele-su-visita-a-la-abadia-por-ser-la-zona-cero-de-la-pederastia-clerical-catalana.html\" target=\"_self\" rel=\"nofollow noopener\" title=\"https:\/\/elpais.com\/sociedad\/2026-05-29\/el-primer-denunciante-del-caso-montserrat-pide-al-papa-que-cancele-su-visita-a-la-abadia-por-ser-la-zona-cero-de-la-pederastia-clerical-catalana.html\">hab\u00eda pedido al Papa que no fuera a Montserrat<\/a>, pero al menos esperaba que, ya que iba, se refiriera al esc\u00e1ndalo. Este mi\u00e9rcoles ha acudido al monasterio y estaba decepcionado. En declaraciones a los periodistas, ha calificado el lugar como \u201cla zona cero de la pederastia clerical catalana\u201d: \u201cViniendo aqu\u00ed a Montserrat, sabiendo que la instituci\u00f3n se niega a reparar a sus v\u00edctimas, est\u00e1 haciendo lo contrario de lo que dice: esto no sana, esto es echar sal en la herida\u201d.<\/p>\n<p class=\"\">\u201cEl Papa ha ahondado la crisis de credibilidad de su pontificado respecto a la lucha contra la plaga de la pederastia en la iglesia. En su reuni\u00f3n con v\u00edctimas excluye a los activistas. Va al lugar del crimen, Montserrat, sin hablar con la v\u00edctima del delito ni reparar el da\u00f1o causado. Para rematar la faena en la zona cero de la pederastia clerical catalana habla de la dignidad humana sin mencionar el elefante en la habitaci\u00f3n. Los delitos de pederastia cometidos por tres monjes contra 15 ni\u00f1os durante cuatro d\u00e9cadas, encubiertos por tres abades. Peor imposible\u201d, ha declarado a EL PA\u00cdS.<\/p>\n<p class=\"\">El primer gran caso que surgi\u00f3 en Espa\u00f1a fue el del colegio Sants-Les Corts de los maristas de Barcelona, en 2014, gracias al coraje del padre de un alumno, Manuel Barbero, que peg\u00f3 200 carteles en las paredes alrededor del colegio. Desemboc\u00f3 en <a href=\"https:\/\/elpais.com\/sociedad\/2022-10-19\/la-condena-de-21-anos-a-un-pederasta-que-empezo-con-un-padre-pegando-carteles-con-su-foto.html\" target=\"_self\" rel=\"nofollow noopener\" title=\"https:\/\/elpais.com\/sociedad\/2022-10-19\/la-condena-de-21-anos-a-un-pederasta-que-empezo-con-un-padre-pegando-carteles-con-su-foto.html\">una condena de 21 a\u00f1os de c\u00e1rcel al religioso Joaqu\u00edn Ben\u00edtez, el \u00fanico que pudo ser juzgado<\/a>, por abuso sexual continuado de cuatro menores entre 2006 y 2009. Eran los \u00fanicos casos no prescritos de al menos 26 v\u00edctimas que le acusaban de abusos de 1980 a 2011. Otros 25 docentes del centro, tambi\u00e9n se\u00f1alados, salieron impunes y la mayor\u00eda del centenar de v\u00edctimas no fueron atendidas ni indemnizadas. De cualquier forma, fue el primer caso en que una orden acept\u00f3, <a href=\"https:\/\/elpais.com\/espana\/catalunya\/2020-12-03\/los-maristas-indemnizaran-con-400000-euros-a-25-victimas-de-abusos-prescritos.html\" rel=\"nofollow noopener\" target=\"_blank\">en diciembre de 2020, una indemnizaci\u00f3n colectiva a 29 v\u00edctimas<\/a> de sus centros, un total de 353.000 euros.<\/p>\n<p class=\"\">Otros focos de esc\u00e1ndalos han sido los colegios jesuitas, un total de nueve se han visto afectados, principalmente los de Casp y Sarri\u00e0, con graves casos de encubrimiento. Algunos acusados fueron trasladados de unos colegios a otros y en ocasiones eran enviados a Latinoam\u00e9rica. Un ejemplo es la historia de Chesco Peris y Lluis T\u00f3, trasladados a Bolivia. El en el caso de T\u00f3 fue despu\u00e9s de que la Audiencia Provincial de Barcelona lo condenara por abusar de una ni\u00f1a en 1992. EL PA\u00cdS destap\u00f3 este caso en 2018 y, a ra\u00edz de ello, salieron hasta otras 16 v\u00edctimas. Los maristas tambi\u00e9n trasladaron a acusados de su orden a Chile. <\/p>\n<p class=\"\">No obstante, uno de los casos de encubrimiento m\u00e1s alarmantes fue el del sacerdote Jordi Senabre, p\u00e1rroco de Poliny\u00e0, en Barcelona, que desapareci\u00f3 tras ser <a href=\"https:\/\/elpais.com\/diario\/1988\/06\/07\/espana\/581637620_850215.html\" rel=\"nofollow noopener\" target=\"_blank\">acusado de abusar de un menor de 13 a\u00f1os en 1988<\/a>. En realidad, <a href=\"https:\/\/elpais.com\/sociedad\/2018\/12\/08\/actualidad\/1544279546_368243.html\" target=\"_self\" rel=\"nofollow noopener\" title=\"https:\/\/elpais.com\/sociedad\/2018\/12\/08\/actualidad\/1544279546_368243.html\">el arzobispado lo ayud\u00f3 a huir de la justicia en 1990<\/a>, seg\u00fan revel\u00f3 EL PA\u00cdS en 2018. Lo envi\u00f3 de misionero, no revel\u00f3 su paradero y lo ocult\u00f3 hasta que este diario lo encontr\u00f3 en Ecuador. Tres obispos de la ciudad supieron todos esos a\u00f1os d\u00f3nde estaba, todos cardenales: Ricard Maria Carles, Llu\u00eds Mart\u00ednez i Sistach y Juan Jos\u00e9 Omella.<\/p>\n<p class=\"\">En <a href=\"https:\/\/elpais.com\/sociedad\/2026-06-05\/la-realidad-que-la-iglesia-sigue-escondiendo-siete-cardenales-y-61-obispos-espanoles-senalados-por-encubrir-a-pederastas-durante-decadas.html\" target=\"_self\" rel=\"nofollow noopener\" title=\"https:\/\/elpais.com\/sociedad\/2026-06-05\/la-realidad-que-la-iglesia-sigue-escondiendo-siete-cardenales-y-61-obispos-espanoles-senalados-por-encubrir-a-pederastas-durante-decadas.html\">la lista de 68 obispos sospechosos de encubrimiento<\/a> publicada por EL PA\u00cdS la v\u00edspera de la llegada del Papa a Espa\u00f1a hay una mayor\u00eda de obispos catalanes, un total de nueve. De ellos, cuatro son o han sido cardenales: Narc\u00eds Jubany, Ricard Maria Carles, Llu\u00eds Mart\u00ednez i Sistach y el actual arzobispo de Barcelona, Juan Jos\u00e9 Omella, que est\u00e1 acompa\u00f1ando estos dos d\u00edas al Papa en la capital catalana. Omella adem\u00e1s, <a href=\"https:\/\/elpais.com\/espana\/catalunya\/2026-06-09\/omella-se-querello-contra-un-joven-que-le-reprocho-su-inaccion-ante-un-cura-pederasta.html?outputType=amp\" target=\"_self\" rel=\"nofollow noopener\" title=\"https:\/\/elpais.com\/espana\/catalunya\/2026-06-09\/omella-se-querello-contra-un-joven-que-le-reprocho-su-inaccion-ante-un-cura-pederasta.html?outputType=amp\">se querell\u00f3 contra una v\u00edctima que le reproch\u00f3 su inacci\u00f3n<\/a> contra la pederastia, seg\u00fan revel\u00f3 este diario el martes. Adem\u00e1s, siete superiores de \u00f3rdenes religiosas tambi\u00e9n est\u00e1n acusados de encubrimiento: cuatro de los jesuitas, uno de los escolapios y los tres abades de Montserrat.<\/p>\n","protected":false},"excerpt":{"rendered":"El papa Le\u00f3n XIV ha visitado este mi\u00e9rcoles la abad\u00eda de Montserrat, s\u00edmbolo de la Iglesia y de&hellip;\n","protected":false},"author":2,"featured_media":598581,"comment_status":"","ping_status":"","sticky":false,"template":"","format":"standard","meta":{"footnotes":""},"categories":[8],"tags":[19351,13959,17,18,1980,38664,25,24,13,14,11,13957,54989,19,20,9,10,15,16,400,18948,23,12,21,22],"class_list":["post-598580","post","type-post","status-publish","format-standard","has-post-thumbnail","category-espana","tag-abuso-menores","tag-abusos-sexuales-iglesia-catolica-espana","tag-breaking-news","tag-breakingnews","tag-cataluna","tag-ciudad-del-vaticano","tag-es","tag-espana","tag-featured-news","tag-featurednews","tag-headlines","tag-iglesia-catolica-espanola","tag-jesuitas","tag-latest-news","tag-latestnews","tag-news","tag-noticias","tag-noticias-destacadas","tag-noticiasdestacadas","tag-papa-leon-xiv","tag-pederastia","tag-spain","tag-titulares","tag-ultimas-noticias","tag-ultimasnoticias"],"share_on_mastodon":{"url":"https:\/\/pubeurope.com\/@es\/116726016875865251","error":""},"_links":{"self":[{"href":"https:\/\/www.europesays.com\/es\/wp-json\/wp\/v2\/posts\/598580","targetHints":{"allow":["GET"]}}],"collection":[{"href":"https:\/\/www.europesays.com\/es\/wp-json\/wp\/v2\/posts"}],"about":[{"href":"https:\/\/www.europesays.com\/es\/wp-json\/wp\/v2\/types\/post"}],"author":[{"embeddable":true,"href":"https:\/\/www.europesays.com\/es\/wp-json\/wp\/v2\/users\/2"}],"replies":[{"embeddable":true,"href":"https:\/\/www.europesays.com\/es\/wp-json\/wp\/v2\/comments?post=598580"}],"version-history":[{"count":0,"href":"https:\/\/www.europesays.com\/es\/wp-json\/wp\/v2\/posts\/598580\/revisions"}],"wp:featuredmedia":[{"embeddable":true,"href":"https:\/\/www.europesays.com\/es\/wp-json\/wp\/v2\/media\/598581"}],"wp:attachment":[{"href":"https:\/\/www.europesays.com\/es\/wp-json\/wp\/v2\/media?parent=598580"}],"wp:term":[{"taxonomy":"category","embeddable":true,"href":"https:\/\/www.europesays.com\/es\/wp-json\/wp\/v2\/categories?post=598580"},{"taxonomy":"post_tag","embeddable":true,"href":"https:\/\/www.europesays.com\/es\/wp-json\/wp\/v2\/tags?post=598580"}],"curies":[{"name":"wp","href":"https:\/\/api.w.org\/{rel}","templated":true}]}}