{"id":59882,"date":"2025-08-20T09:42:07","date_gmt":"2025-08-20T09:42:07","guid":{"rendered":"https:\/\/www.europesays.com\/es\/59882\/"},"modified":"2025-08-20T09:42:07","modified_gmt":"2025-08-20T09:42:07","slug":"cuatro-dias-de-fiesta-y-after-hasta-las-5-de-la-tarde","status":"publish","type":"post","link":"https:\/\/www.europesays.com\/es\/59882\/","title":{"rendered":"cuatro d\u00edas de fiesta y after hasta las 5 de la tarde"},"content":{"rendered":"<p class=\"voc-p\" style=\"\">Felipe Juan Froil\u00e1n de Todos los Santos de Marichalar y Borb\u00f3n, <a href=\"https:\/\/www.abc.es\/gente\/froilan-regresa-marbella-arroz-milla-boda-tarifena-20250707130006-nt.html\" target=\"_self\" data-voc-vtm-id=\"in-text-traffic\" title=\"o simplemente Froil\u00e1n\" data-mrf-link=\"www.abc.es\" rel=\"nofollow noopener\">o simplemente Froil\u00e1n<\/a>, pas\u00f3 por <strong>Cangas de On\u00eds<\/strong>, y m\u00e1s concretamente por la localidad de Arriondas, para asistir al <strong>festival de m\u00fasica electr\u00f3nica Aquasella<\/strong>. Fueron cuatro d\u00edas de fiesta y after hasta las 5 de la tarde, y el hijo de la Infanta Elena, de 27 a\u00f1os,<strong> lo dio todo<\/strong> y no se dej\u00f3 nada, a juzgar por las im\u00e1genes publicadas por &#8216;Vanitatis&#8217;.<\/p>\n<p class=\"voc-p\" style=\"\">O <a href=\"https:\/\/www.abc.es\/gente\/abstinencia-total-froilan-ramadan-solidarizarse-companeros-trabajo-20250305102132-nt.html\" target=\"_self\" data-voc-vtm-id=\"in-text-traffic\" title=\"Froil\u00e1n\" data-mrf-link=\"www.abc.es\" rel=\"nofollow noopener\">Froil\u00e1n<\/a> sale mucho o simplemente tiene mala suerte. Porque cada tanto salen im\u00e1genes de sus fiestas. Esta vez desembarc\u00f3 en <strong>El Valle de la M\u00fasica<\/strong>, una zona cercana al r\u00edo Sella, para unirse a miles de personas dispuestas a <strong>bailar sin parar durante decenas de horas<\/strong>. \u00abY eso es precisamente lo que hizo Felipe de Marichalar pr\u00e1cticamente desde el inicio del festival, el jueves 14 por la noche hasta que abandon\u00f3 su alojamiento, este martes a \u00faltima hora de la ma\u00f1ana, <strong>dos d\u00edas despu\u00e9s de que el Aquasella cerrara sus puertas<\/strong>\u00bb, ha explicado &#8216;Vanitatis&#8217;. Cada jornada del festival duraba hasta las siete y media, nueve o diez de la ma\u00f1ana, dependiendo del d\u00eda.<\/p>\n<p class=\"voc-p\" style=\"\">\u00abFroil\u00e1n aprovech\u00f3 hasta el \u00faltimo minuto de cada jornada, siendo <strong>de los \u00faltimos en salir del recinto del Aquasella<\/strong>\u00bb, ha indicado el citado medio junto a im\u00e1genes en las que se pod\u00eda ver al royal con gafas de sol en pleno d\u00eda. \u00abFroil\u00e1n asisti\u00f3 al Aquasella de la mano de <strong>un conocido empresario del ocio nocturno madrile\u00f1o<\/strong>, amigo cercano y con el que tambi\u00e9n disfruta de salidas cuando el chico visita la capital desde Abu Dabi\u00bb, ha aclarado &#8216;Vanitatis&#8217;.<\/p>\n<p>\nJunto a una atractiva chica\n<\/p>\n<p class=\"voc-p\" style=\"\">La informaci\u00f3n a\u00f1ade que el hermano de Victoria Federica \u00abha estado acompa\u00f1ado de una atractiva chica, <strong>con la que ha compartido horas de diversi\u00f3n y gestos de cari\u00f1o<\/strong> durante las sesiones de baile y m\u00fasica del Aquasella\u00bb. No ha sido Miri, con la que se ha dejado ver recientemente en Ibiza, ni Bel\u00e9n Perea, una buena amiga de siempre. Comentan que el nieto del em\u00e9rito <strong>estaba pendiente en exceso<\/strong> de posibles m\u00f3viles en manos de otros asistentes y de totos no deseadas. <\/p>\n<p class=\"voc-p\" style=\"\">Aunque muchos de los asistentes al festival se alojan en tiendas de campa\u00f1a, Froil\u00e1n quiso apuntar m\u00e1s alto y prefiri\u00f3 <strong>alojarse desde el jueves en un conocido hotel de Cangas de On\u00eds<\/strong>, que abandon\u00f3 el mismo martes, cuando parti\u00f3 en coche hacia Madrid. \u00abY hemos podido saber tambi\u00e9n que <strong>compart\u00eda habitaci\u00f3n con la misma joven<\/strong> con la que se dej\u00f3 ver en el festival\u00bb, ha certificado &#8216;Vanitatis&#8217;.<\/p>\n<p>\nFiesta y tecno\n<\/p>\n<p class=\"voc-p\" style=\"\">El resumen: \u00abHan sido en total cuatro d\u00edas de fiesta y tecno, con after incluido, de los que Froil\u00e1n <strong>ha disfrutado en un lugar privilegiado<\/strong>, con muy buena compa\u00f1\u00eda e intentando que esta escapada a la meca veraniega de la m\u00fasica electr\u00f3nica no saliera a la luz\u00bb.<\/p>\n<p class=\"voc-p\" style=\"\">Se supone que Froil\u00e1n regres\u00f3 a la capital de Espa\u00f1a con la idea de <strong>reunirse un tiempo con su familia<\/strong>, ya fuera con sus padres o con su hermana,<a href=\"https:\/\/www.abc.es\/gente\/efusiva-felicitacion-victoria-federica-froilan-quiero-locura-20250718110007-nt.html\" target=\"_self\" data-voc-vtm-id=\"in-text-traffic\" title=\" Victoria Federica\" data-mrf-link=\"www.abc.es\" rel=\"nofollow noopener\"> Victoria Federica<\/a>, a quien adora. O con todos ellos. Aunque tampoco se descarta que el joven regresara de vuelta a Abu Dabi para reunirse otra vez con su querido abuelo. En cualquier caso, Froil\u00e1n pas\u00f3 por Cangas de On\u00eds y all\u00ed dej\u00f3 su huella.<\/p>\n<p>Reportar un error<\/p>\n","protected":false},"excerpt":{"rendered":"Felipe Juan Froil\u00e1n de Todos los Santos de Marichalar y Borb\u00f3n, o simplemente Froil\u00e1n, pas\u00f3 por Cangas de&hellip;\n","protected":false},"author":2,"featured_media":59883,"comment_status":"","ping_status":"","sticky":false,"template":"","format":"standard","meta":{"footnotes":""},"categories":[91],"tags":[25172,2903,954,960,146,147,25,24,2328,20335,25171,4191,23,11054],"class_list":["post-59882","post","type-post","status-publish","format-standard","has-post-thumbnail","category-entretenimiento","tag-after","tag-cangas","tag-cuatro","tag-dias","tag-entertainment","tag-entretenimiento","tag-es","tag-espana","tag-fiesta","tag-froilan","tag-onis","tag-paso","tag-spain","tag-tarde"],"share_on_mastodon":{"url":"","error":""},"_links":{"self":[{"href":"https:\/\/www.europesays.com\/es\/wp-json\/wp\/v2\/posts\/59882","targetHints":{"allow":["GET"]}}],"collection":[{"href":"https:\/\/www.europesays.com\/es\/wp-json\/wp\/v2\/posts"}],"about":[{"href":"https:\/\/www.europesays.com\/es\/wp-json\/wp\/v2\/types\/post"}],"author":[{"embeddable":true,"href":"https:\/\/www.europesays.com\/es\/wp-json\/wp\/v2\/users\/2"}],"replies":[{"embeddable":true,"href":"https:\/\/www.europesays.com\/es\/wp-json\/wp\/v2\/comments?post=59882"}],"version-history":[{"count":0,"href":"https:\/\/www.europesays.com\/es\/wp-json\/wp\/v2\/posts\/59882\/revisions"}],"wp:featuredmedia":[{"embeddable":true,"href":"https:\/\/www.europesays.com\/es\/wp-json\/wp\/v2\/media\/59883"}],"wp:attachment":[{"href":"https:\/\/www.europesays.com\/es\/wp-json\/wp\/v2\/media?parent=59882"}],"wp:term":[{"taxonomy":"category","embeddable":true,"href":"https:\/\/www.europesays.com\/es\/wp-json\/wp\/v2\/categories?post=59882"},{"taxonomy":"post_tag","embeddable":true,"href":"https:\/\/www.europesays.com\/es\/wp-json\/wp\/v2\/tags?post=59882"}],"curies":[{"name":"wp","href":"https:\/\/api.w.org\/{rel}","templated":true}]}}