{"id":59887,"date":"2025-08-20T09:45:08","date_gmt":"2025-08-20T09:45:08","guid":{"rendered":"https:\/\/www.europesays.com\/es\/59887\/"},"modified":"2025-08-20T09:45:08","modified_gmt":"2025-08-20T09:45:08","slug":"el-tribunal-superior-de-bogota-ordena-la-libertad-inmediata-del-expresidente-alvaro-uribe-tras-haber-sido-condenado-por-soborno-y-fraude","status":"publish","type":"post","link":"https:\/\/www.europesays.com\/es\/59887\/","title":{"rendered":"El Tribunal Superior de Bogot\u00e1 ordena la libertad inmediata del expresidente \u00c1lvaro Uribe tras haber sido condenado por soborno y fraude"},"content":{"rendered":"<p>20\/08\/2025<br \/>\n<br \/><strong><br \/>\nActualizado a las 08:37h.<br \/>\n<\/strong><\/p>\n<p class=\"voc-p\" style=\"\">El Tribunal Superior del Distrito Judicial de Bogot\u00e1 orden\u00f3 este martes la <strong>libertad inmediata del expresidente colombiano \u00c1lvaro Uribe (2002-2010),<\/strong> condenado en primera instancia a <a href=\"https:\/\/www.abc.es\/opinion\/editorial-alvaro-uribe-marcado-irregularidades-20250803185541-nt.html\" data-voc-vtm-id=\"in-text-traffic\" title=\"doce a\u00f1os de prisi\u00f3n domiciliaria por un caso de sobornos, \" data-mrf-link=\"www.abc.es\" rel=\"nofollow noopener\" target=\"_blank\">doce a\u00f1os de prisi\u00f3n domiciliaria por un caso de sobornos, <\/a>mientras se resuelve en segunda instancia la apelaci\u00f3n a la sentencia.<\/p>\n<p class=\"voc-p\" style=\"\">La Sala de Decisi\u00f3n Penal del Tribunal resolvi\u00f3 \u00abamparar el derecho fundamental a la libertad individual del ciudadano \u00c1lvaro Uribe V\u00e9lez\u00bb y<strong> dej\u00f3 sin efecto la decisi\u00f3n de la jueza Sandra Heredia, del Juzgado 44 Penal del Circuito de Bogot\u00e1, <\/strong>que en la sentencia que le impuso a doce a\u00f1os de c\u00e1rcel en r\u00e9gimen domiciliario hab\u00eda ordenado su \u00abprivaci\u00f3n de libertad inmediata\u00bb.<\/p>\n<p class=\"voc-p\" style=\"\">Uribe, fundador y l\u00edder del partido de derecha Centro Democr\u00e1tico, se convirti\u00f3 el 1 de agosto pasado en el primer expresidente colombiano en ser condenado penalmente, luego de que Heredia lo hallara culpable por los <strong>delitos de soborno en actuaci\u00f3n penal y fraude procesal en el llamado &#8216;juicio del siglo&#8217; <\/strong>en Colombia, un caso que \u00e9l mismo inici\u00f3 en 2012.<\/p>\n<p class=\"voc-p\" style=\"\">Tres d\u00edas despu\u00e9s de conocer la pena, la defensa del exmandatario present\u00f3 ante el Tribunal Superior de Bogot\u00e1 esta acci\u00f3n de tutela (recurso de amparo) solicitando su libertad, al considerar que la jueza vulner\u00f3 sus derechos fundamentales. El equipo jur\u00eddico cuestion\u00f3, entre otros, que la magistrada justificara la detenci\u00f3n inmediata de Uribe con la necesidad de garantizar \u00abla preservaci\u00f3n de la convivencia pac\u00edfica y arm\u00f3nica entre los ciudadanos\u00bb, argumento que la defensa calific\u00f3 de ambiguo y carente de sustento, constituyendo una \u00abmotivaci\u00f3n aparente\u00bb.<\/p>\n<p class=\"voc-p\" style=\"\">La Sala fall\u00f3 a favor de la defensa del expresidente, pero desestim\u00f3 un recurso similar presentado por el Centro Democr\u00e1tico, al considerar que no demostr\u00f3 c\u00f3mo la restricci\u00f3n de la libertad de su l\u00edder afectaba derechos fundamentales propios o de la organizaci\u00f3n pol\u00edtica. El fallo se\u00f1ala que en los <strong>recursos de apelaci\u00f3n se cuestionaron varios comentarios <\/strong>y decisiones del proceso que \u00abpresuntamente develan que la juez y fiscal actuaron con parcialidad, abuso de funciones, irrespeto, defendiendo intereses pol\u00edticos e ideol\u00f3gicos, y con animadversi\u00f3n hacia el ciudadano y expresidente procesado\u00bb, aunque aclar\u00f3 que esos se\u00f1alamientos deber\u00e1n resolverse en la segunda instancia y no en esta tutela.<\/p>\n<p class=\"voc-p\" style=\"\">La defensa de Uribe apel\u00f3 el pasado 13 de agosto la sentencia ante el Tribunal Superior de Bogot\u00e1, que tiene hasta el 16 de octubre pr\u00f3ximo para pronunciarse en segunda instancia. Este caso comenz\u00f3 hace trece a\u00f1os cuando Uribe, de hoy 73 a\u00f1os, demand\u00f3 ante la<strong> Corte Suprema de Justicia por supuesta manipulaci\u00f3n de testigos al congresista de izquierda Iv\u00e1n Cepeda<\/strong>, que en esa \u00e9poca preparaba una denuncia en el Senado en su contra por sus presuntos v\u00ednculos con grupos paramilitares.<\/p>\n<p class=\"voc-p\" style=\"\">Contrario a lo que imagin\u00f3 Uribe, l<strong>a Corte decidi\u00f3 no investigar a Cepeda y en cambio le abri\u00f3 una investigaci\u00f3n a \u00e9l <\/strong>por manipular testigos para que no declararan en su contra. <\/p>\n<p>Reportar un error<\/p>\n","protected":false},"excerpt":{"rendered":"20\/08\/2025 Actualizado a las 08:37h. El Tribunal Superior del Distrito Judicial de Bogot\u00e1 orden\u00f3 este martes la libertad&hellip;\n","protected":false},"author":2,"featured_media":59888,"comment_status":"","ping_status":"","sticky":false,"template":"","format":"standard","meta":{"footnotes":""},"categories":[42],"tags":[2607,5207,17,18,25174,22155,13,14,6986,6633,11,7153,61,62,63,64,19,20,5085,9,10,15,16,13375,25109,1577,12,575,9596,21,22,16507,65,66,67],"class_list":{"0":"post-59887","1":"post","2":"type-post","3":"status-publish","4":"format-standard","5":"has-post-thumbnail","7":"category-internacional","8":"tag-alvaro","9":"tag-bogota","10":"tag-breaking-news","11":"tag-breakingnews","12":"tag-condenado","13":"tag-expresidente","14":"tag-featured-news","15":"tag-featurednews","16":"tag-fraude","17":"tag-haber","18":"tag-headlines","19":"tag-inmediata","20":"tag-internacional","21":"tag-international","22":"tag-international-news","23":"tag-internationalnews","24":"tag-latest-news","25":"tag-latestnews","26":"tag-libertad","27":"tag-news","28":"tag-noticias","29":"tag-noticias-destacadas","30":"tag-noticiasdestacadas","31":"tag-ordena","32":"tag-soborno","33":"tag-superior","34":"tag-titulares","35":"tag-tras","36":"tag-tribunal","37":"tag-ultimas-noticias","38":"tag-ultimasnoticias","39":"tag-uribe","40":"tag-world","41":"tag-world-news","42":"tag-worldnews"},"share_on_mastodon":{"url":"","error":""},"_links":{"self":[{"href":"https:\/\/www.europesays.com\/es\/wp-json\/wp\/v2\/posts\/59887","targetHints":{"allow":["GET"]}}],"collection":[{"href":"https:\/\/www.europesays.com\/es\/wp-json\/wp\/v2\/posts"}],"about":[{"href":"https:\/\/www.europesays.com\/es\/wp-json\/wp\/v2\/types\/post"}],"author":[{"embeddable":true,"href":"https:\/\/www.europesays.com\/es\/wp-json\/wp\/v2\/users\/2"}],"replies":[{"embeddable":true,"href":"https:\/\/www.europesays.com\/es\/wp-json\/wp\/v2\/comments?post=59887"}],"version-history":[{"count":0,"href":"https:\/\/www.europesays.com\/es\/wp-json\/wp\/v2\/posts\/59887\/revisions"}],"wp:featuredmedia":[{"embeddable":true,"href":"https:\/\/www.europesays.com\/es\/wp-json\/wp\/v2\/media\/59888"}],"wp:attachment":[{"href":"https:\/\/www.europesays.com\/es\/wp-json\/wp\/v2\/media?parent=59887"}],"wp:term":[{"taxonomy":"category","embeddable":true,"href":"https:\/\/www.europesays.com\/es\/wp-json\/wp\/v2\/categories?post=59887"},{"taxonomy":"post_tag","embeddable":true,"href":"https:\/\/www.europesays.com\/es\/wp-json\/wp\/v2\/tags?post=59887"}],"curies":[{"name":"wp","href":"https:\/\/api.w.org\/{rel}","templated":true}]}}