{"id":599109,"date":"2026-06-10T19:20:13","date_gmt":"2026-06-10T19:20:13","guid":{"rendered":"https:\/\/www.europesays.com\/es\/599109\/"},"modified":"2026-06-10T19:20:13","modified_gmt":"2026-06-10T19:20:13","slug":"5-memorables-covers-de-bob-dylan-en-la-voz-de-bruce-springsteen","status":"publish","type":"post","link":"https:\/\/www.europesays.com\/es\/599109\/","title":{"rendered":"5 memorables covers de Bob Dylan en la voz de Bruce Springsteen"},"content":{"rendered":"<p class=\"wp-block-paragraph\"><strong>Bruce Springsteen<\/strong> siempre tuvo una devoci\u00f3n excepcional por <strong>Bob Dylan<\/strong>. Qued\u00f3 m\u00e1s que claro en su hist\u00f3rico discurso durante la ceremonia anual del Sal\u00f3n de la Fama del Rock and Roll, en enero de 1988. \u00abDylan fue un revolucionario: de la misma forma en que Elvis liber\u00f3 tu cuerpo, Bob liber\u00f3 tu mente\u00bb, dijo. \u00abNos demostr\u00f3 que el hecho de que la m\u00fasica fuera intr\u00ednsecamente f\u00edsica no significaba que fuera antiintelectual. Rompi\u00f3 las limitaciones de lo que un artista discogr\u00e1fico pod\u00eda lograr\u00bb. <\/p>\n<p class=\"wp-block-paragraph\">Para entonces, <strong><a href=\"https:\/\/indiehoy.com\/historias\/la-banda-que-sacudio-la-tierra-segun-bruce-springsteen\/\" target=\"_blank\" rel=\"noreferrer noopener nofollow\">Springsteen<\/a> llevaba m\u00e1s de 15 a\u00f1os interpretando canciones de <a href=\"https:\/\/indiehoy.com\/historias\/razon-por-la-que-bob-dylan-comenzo-a-usar-sombreros\/\" target=\"_blank\" rel=\"noreferrer noopener nofollow\">Dylan<\/a> en vivo<\/strong>. A lo largo de su carrera, \u00abThe Boss\u00bb <strong>version\u00f3 varios temas<\/strong> del autor de \u00abBlowin&#8217; in the Wind\u00bb, desde sus primeras presentaciones en la d\u00e9cada de los 70 hasta las \u00faltimas dos d\u00e9cadas. A continuaci\u00f3n, <strong>cinco de las versiones m\u00e1s memorables que Springsteen dej\u00f3 del cancionero de Dylan<\/strong>.<\/p>\n<p>\u00abBlowin&#8217; in the Wind\u00bb <\/p>\n<p class=\"wp-block-paragraph\">Durante un d\u00eda libre previo a un show en Par\u00eds de la gira \u00abTunnel of Love Express\u00bb, Springsteen y el saxofonista Clarence Clemons hicieron una aparici\u00f3n especial en el espect\u00e1culo televisado de S.O.S. Racism, donde compartieron cartel con Joan Baez, Youssou N&#8217;Dour y Burning Spear, entre otros. El repertorio de cuatro canciones de Springsteen incluy\u00f3 el cl\u00e1sico de Dylan.<\/p>\n<p>\u00abKnockin&#8217; on Heaven&#8217;s Door\u00bb <\/p>\n<p class=\"wp-block-paragraph\">A pesar de ser uno de los temas m\u00e1s reconocibles del rock, Springsteen solo interpret\u00f3 esta canci\u00f3n en dos oportunidades. La primera fue en 1995, durante un show en Berl\u00edn junto al m\u00fasico Wolfgang Niedecken, en una noche que incluy\u00f3 tambi\u00e9n \u00abHighway 61 Revisited\u00bb. La segunda tuvo lugar en 2015, durante el tributo MusiCares a Bob Dylan en el Centro de Convenciones de Los \u00c1ngeles, donde Springsteen se present\u00f3 con una banda de m\u00fasicos invitados que inclu\u00eda a Buddy Miller, <a href=\"https:\/\/indiehoy.com\/noticias\/tom-morello-bruce-springsteen-foo-fighters-y-mas-lideran-el-festival-power-to-the-people\/\" target=\"_blank\" rel=\"noreferrer noopener nofollow\">Tom Morello<\/a>, Don Was, Kenny Aronoff y Greg Leisz.<\/p>\n<p>\u00abForever Young\u00bb <\/p>\n<p class=\"wp-block-paragraph\">Dylan y Springsteen fueron fichados por Columbia Records de la mano del mismo ejecutivo, John Hammond, quien apost\u00f3 por ambos en momentos de incertidumbre y mantuvo su lealtad hasta su muerte en 1987. Luego, en 1995, ambos la interpretaron en la ceremonia del Sal\u00f3n de la Fama del Rock and roll.<\/p>\n<p>\u00abAll Along the Watchtower\u00bb<\/p>\n<p class=\"wp-block-paragraph\">Un a\u00f1o despu\u00e9s de que Dylan hiciera una aparici\u00f3n sorpresa con la E Street Band, fue <a href=\"https:\/\/indiehoy.com\/historias\/el-mejor-guitarrista-de-la-historia-segun-neil-young-el-numero-1\/\" target=\"_blank\" rel=\"noreferrer noopener nofollow\">Neil Young<\/a> quien se uni\u00f3 al grupo durante una parada de la gira \u00abVote for Change\u00bb en Minnesota. La noche incluy\u00f3 versiones de \u00abRockin&#8217; in the Free World\u00bb y \u00abSouls of the Departed\u00bb, adem\u00e1s del cl\u00e1sico de Dylan de 1968. Esta es la \u00fanica vez que, seg\u00fan los registros, Springsteen interpret\u00f3 esta canci\u00f3n en vivo.<\/p>\n<p>\u00abMr. Tambourine Man\u00bb <\/p>\n<p class=\"wp-block-paragraph\">La primera vez documentada que Springsteen interpret\u00f3 este tema fue en la fiesta privada por el cumplea\u00f1os n\u00famero 40 de <a href=\"https:\/\/indiehoy.com\/historias\/la-cancion-de-1957-que-tom-petty-llamo-la-mejor-que-se-haya-hecho\/\" target=\"_blank\" rel=\"noreferrer noopener nofollow\">Tom Petty<\/a>, en Encino, California, donde comparti\u00f3 escenario con Roger McGuinn, Jeff Lynne y los Heartbreakers. No volvi\u00f3 a tocarlo hasta el 23 de abril de 2008, cuando la gira \u00abMagic\u00bb lleg\u00f3 a Orlando, Florida. Era el primer show de la E Street Band despu\u00e9s de la muerte del tecladista Danny Federici, y McGuinn se sum\u00f3 para interpretar una versi\u00f3n de la canci\u00f3n.<\/p>\n","protected":false},"excerpt":{"rendered":"Bruce Springsteen siempre tuvo una devoci\u00f3n excepcional por Bob Dylan. Qued\u00f3 m\u00e1s que claro en su hist\u00f3rico discurso&hellip;\n","protected":false},"author":2,"featured_media":599110,"comment_status":"","ping_status":"","sticky":false,"template":"","format":"standard","meta":{"footnotes":""},"categories":[170],"tags":[15349,22714,146,147,25,24,184,185,23],"class_list":["post-599109","post","type-post","status-publish","format-standard","has-post-thumbnail","category-musica","tag-bob-dylan","tag-bruce-springsteen","tag-entertainment","tag-entretenimiento","tag-es","tag-espana","tag-music","tag-musica","tag-spain"],"share_on_mastodon":{"url":"https:\/\/pubeurope.com\/@es\/116727436099906641","error":""},"_links":{"self":[{"href":"https:\/\/www.europesays.com\/es\/wp-json\/wp\/v2\/posts\/599109","targetHints":{"allow":["GET"]}}],"collection":[{"href":"https:\/\/www.europesays.com\/es\/wp-json\/wp\/v2\/posts"}],"about":[{"href":"https:\/\/www.europesays.com\/es\/wp-json\/wp\/v2\/types\/post"}],"author":[{"embeddable":true,"href":"https:\/\/www.europesays.com\/es\/wp-json\/wp\/v2\/users\/2"}],"replies":[{"embeddable":true,"href":"https:\/\/www.europesays.com\/es\/wp-json\/wp\/v2\/comments?post=599109"}],"version-history":[{"count":0,"href":"https:\/\/www.europesays.com\/es\/wp-json\/wp\/v2\/posts\/599109\/revisions"}],"wp:featuredmedia":[{"embeddable":true,"href":"https:\/\/www.europesays.com\/es\/wp-json\/wp\/v2\/media\/599110"}],"wp:attachment":[{"href":"https:\/\/www.europesays.com\/es\/wp-json\/wp\/v2\/media?parent=599109"}],"wp:term":[{"taxonomy":"category","embeddable":true,"href":"https:\/\/www.europesays.com\/es\/wp-json\/wp\/v2\/categories?post=599109"},{"taxonomy":"post_tag","embeddable":true,"href":"https:\/\/www.europesays.com\/es\/wp-json\/wp\/v2\/tags?post=599109"}],"curies":[{"name":"wp","href":"https:\/\/api.w.org\/{rel}","templated":true}]}}