{"id":599127,"date":"2026-06-10T19:29:16","date_gmt":"2026-06-10T19:29:16","guid":{"rendered":"https:\/\/www.europesays.com\/es\/599127\/"},"modified":"2026-06-10T19:29:16","modified_gmt":"2026-06-10T19:29:16","slug":"una-gran-operacion-contra-el-narcotrafico-en-jaen-acumula-ya-20-detenidos-cuatro-de-ellos-policias-nacionales","status":"publish","type":"post","link":"https:\/\/www.europesays.com\/es\/599127\/","title":{"rendered":"Una gran operaci\u00f3n contra el narcotr\u00e1fico en Ja\u00e9n acumula ya 20 detenidos, cuatro de ellos polic\u00edas nacionales"},"content":{"rendered":"<p class=\"c-paragraph\"><b>Cuatro polic\u00edas nacionales detenidos<\/b>, todos ellos pertenecientes a al <b>Grupo de Estupefacientes de la Comisar\u00eda de Linares (Ja\u00e9n)<\/b>, es el balance provisional de la operaci\u00f3n que se est\u00e1 llevando a cabo desde primera hora de este martes y que se ha saldado por el momento con <b>20 personas detenidas.<\/b><\/p>\n<p class=\"c-paragraph\">Fuentes policiales han indicado a Europa Press que es la <b>Unidad de Asuntos Internos<\/b> la que est\u00e1 dirigiendo esta operaci\u00f3n que ha arrancado simult\u00e1neamente este mi\u00e9rcoles con <b>registros en Arrayanes<\/b> y en despachos policiales por una supuesta trama de narcotr\u00e1fico en la que inicialmente aparecen implicados varios agentes.<\/p>\n<p class=\"c-paragraph\">La operaci\u00f3n tiene en el punto de mira a <b>clanes que operan tanto en Linares como en la Estaci\u00f3n de Linares-Baeza <\/b>y otros municipios cercanos de la provincia.<\/p>\n<p class=\"c-paragraph\">Desde el <b>Cuerpo Nacional de Polic\u00eda (CNP)<\/b> se han confirmado las detenciones, incluidas las de los cuatro agentes, aunque no han facilitado m\u00e1s informaci\u00f3n por estar la operaci\u00f3n abierta.<\/p>\n","protected":false},"excerpt":{"rendered":"Cuatro polic\u00edas nacionales detenidos, todos ellos pertenecientes a al Grupo de Estupefacientes de la Comisar\u00eda de Linares (Ja\u00e9n),&hellip;\n","protected":false},"author":2,"featured_media":599128,"comment_status":"","ping_status":"","sticky":false,"template":"","format":"standard","meta":{"footnotes":""},"categories":[5],"tags":[259,17,18,954,25,24,13,14,11,3619,19,20,9,10,15,16,10788,23,257,12,21,22],"class_list":["post-599127","post","type-post","status-publish","format-standard","has-post-thumbnail","category-titulares","tag-andalucia","tag-breaking-news","tag-breakingnews","tag-cuatro","tag-es","tag-espana","tag-featured-news","tag-featurednews","tag-headlines","tag-jaen","tag-latest-news","tag-latestnews","tag-news","tag-noticias","tag-noticias-destacadas","tag-noticiasdestacadas","tag-policias","tag-spain","tag-sucesos","tag-titulares","tag-ultimas-noticias","tag-ultimasnoticias"],"share_on_mastodon":{"url":"https:\/\/pubeurope.com\/@es\/116727471309745896","error":""},"_links":{"self":[{"href":"https:\/\/www.europesays.com\/es\/wp-json\/wp\/v2\/posts\/599127","targetHints":{"allow":["GET"]}}],"collection":[{"href":"https:\/\/www.europesays.com\/es\/wp-json\/wp\/v2\/posts"}],"about":[{"href":"https:\/\/www.europesays.com\/es\/wp-json\/wp\/v2\/types\/post"}],"author":[{"embeddable":true,"href":"https:\/\/www.europesays.com\/es\/wp-json\/wp\/v2\/users\/2"}],"replies":[{"embeddable":true,"href":"https:\/\/www.europesays.com\/es\/wp-json\/wp\/v2\/comments?post=599127"}],"version-history":[{"count":0,"href":"https:\/\/www.europesays.com\/es\/wp-json\/wp\/v2\/posts\/599127\/revisions"}],"wp:featuredmedia":[{"embeddable":true,"href":"https:\/\/www.europesays.com\/es\/wp-json\/wp\/v2\/media\/599128"}],"wp:attachment":[{"href":"https:\/\/www.europesays.com\/es\/wp-json\/wp\/v2\/media?parent=599127"}],"wp:term":[{"taxonomy":"category","embeddable":true,"href":"https:\/\/www.europesays.com\/es\/wp-json\/wp\/v2\/categories?post=599127"},{"taxonomy":"post_tag","embeddable":true,"href":"https:\/\/www.europesays.com\/es\/wp-json\/wp\/v2\/tags?post=599127"}],"curies":[{"name":"wp","href":"https:\/\/api.w.org\/{rel}","templated":true}]}}