{"id":59917,"date":"2025-08-20T10:03:08","date_gmt":"2025-08-20T10:03:08","guid":{"rendered":"https:\/\/www.europesays.com\/es\/59917\/"},"modified":"2025-08-20T10:03:08","modified_gmt":"2025-08-20T10:03:08","slug":"via-libre-a-cordon-para-animar-el-mercado-del-sevilla-fc","status":"publish","type":"post","link":"https:\/\/www.europesays.com\/es\/59917\/","title":{"rendered":"v\u00eda libre a Cord\u00f3n para animar el mercado del Sevilla FC"},"content":{"rendered":"<p style=\"\">El <strong>Sevilla<\/strong> tiene a punto su primera gran operaci\u00f3n del verano con <a href=\"https:\/\/www.abc.es\/deportes\/orgullodenervion\/fichajes-sevilla-fc\/bayer-leverkusen-sube-oferta-bade-encima-millones-20250819103215-nts.html\" target=\"_self\" data-voc-vtm-id=\"in-text-traffic\" title=\"el traspaso\" data-mrf-link=\"www.abc.es\" rel=\"nofollow noopener\">el traspaso<\/a> de <strong>Lo\u00efc Bad\u00e9<\/strong>. El franc\u00e9s escenific\u00f3 en el entrenamiento su despedida de Nervi\u00f3n, entre el pasillito y los aplausos de sus compa\u00f1eros, y ya <strong>se lo espera en <\/strong> &#8230; <strong>Leverkusen para pasar el reconocimiento m\u00e9dico<\/strong> y ultimar los detalles para un acuerdo que dejar\u00e1 en las arcas de Nervi\u00f3n algo m\u00e1s de 30 millones de euros entre todos los conceptos, despu\u00e9s del pacto alcanzado ayer entre los clubes.<\/p>\n<p class=\"voc-p\" style=\"\">Si el inter\u00e9s del Inter demor\u00f3 la decisi\u00f3n de Bad\u00e9, la firmeza del Leverkusen y de su entrenador, Erik Ten Hag, acabaron por convencer al franc\u00e9s, que formar\u00e1 parte del subcampe\u00f3n de la Bundesliga y disputar\u00e1 la Li\u200aga de Campeones, unas aspiraciones deportivas que s\u00ed facilitaban su salida del Sevilla. En Nervi\u00f3n, por su parte, tambi\u00e9n se han mostrado firmes en sus exigencias, despu\u00e9s de que desde la Premier se pusieran 30 millones de euros encima de la mesa. <strong>Ese mensaje fue recogido por el Leverkusen, que tuvo que elevar su propuesta inicial para alcanzar las exigencias del Sevilla<\/strong>, aunque sea a trav\u00e9s de bonus y otros conceptos \u201329 millones + 4 apunt\u00f3 el especialista en fichajes Fabrizio Romano\u2013.<\/p>\n<p class=\"voc-p\" style=\"\"><strong>El mensaje de los rectores sevillistas ha sido claro durante el verano y ni siquiera la presi\u00f3n del inicio de campeonato rebaj\u00f3 el plan<\/strong>. \u00abNo vamos a malvender\u00bb, repiti\u00f3 en varias ocasiones el director de f\u00fatbol, Antonio Cord\u00f3n, y con la primera venta a punto de concretarse cumple a rajatabla con su mensaje. La propuesta del Leverkusen es muy parecida a otras que se recibieron anteriormente en el Sevilla y que no fueron consideradas por Bad\u00e9 o no llegaron en los tiempos deseados por el club.<\/p>\n<p class=\"voc-p\" style=\"\">A la espera de cerrar la operaci\u00f3n, con todos los detalles del jugador, que firmar\u00e1 hasta 2030 una vez que pase el examen m\u00e9dico programado para las pr\u00f3ximas horas, <strong>el Sevilla ya podr\u00e1 seguir inscribiendo futbolistas<\/strong>, con lo que Mat\u00edas Almeyda elevar\u00e1 el n\u00famero de efectivos disponibles de cara al duelo ante el Getafe. <strong>Rub\u00e9n Vargas<\/strong>, que apunta a llegar a tiempo pese a no ejercitarse ayer, <strong>Kelechi Iheanacho, Alfon, Gabriel Suazo o Vlachodimos<\/strong> ya podr\u00e1n estar en la lista del t\u00e9cnico argentino, que tambi\u00e9n espera m\u00e1s incorporaciones. La buena imagen que el Sevilla ofreci\u00f3 el pasado domingo pese a la derrota ante el Athletic demostr\u00f3 el buen trabajo que viene realizando Almeyda desde su llegada, pero tambi\u00e9n esa necesidad de contar con m\u00e1s jugadores a sus \u00f3rdenes.<\/p>\n<p class=\"voc-p\" style=\"\">Precisamente, <strong>la luz verde por Bad\u00e9 tambi\u00e9n significar\u00e1 la v\u00eda libre para Antonio Cord\u00f3n<\/strong>. Apunt\u00f3 el director de f\u00fatbol que el Sevilla se mover\u00eda con frenes\u00ed en las dos \u00faltimas semanas del mercado y as\u00ed suceder\u00e1 en busca de esos refuerzos que eleven el nivel de la plantilla. Para empezar, <strong>el director de f\u00fatbol apunta a la zaga, tanto en el centro de la defensa, con al menos un sustituto para Bad\u00e9, y los laterales<\/strong>, donde Juanlu y Pedrosa tambi\u00e9n se encuentra en la rampa de salida. Tambi\u00e9n se sondean las opciones para el centro del campo y la delantera, posiciones en las que se quiere elevar la competencia y el n\u00famero de futbolistas espec\u00edficos.<\/p>\n<p>\nEl N\u00e1poles y Juanlu\n<\/p>\n<p class=\"voc-p\" style=\"\">Aunque nadie quiere mostrarse excesivamente optimista, tras un culebr\u00f3n que se inici\u00f3 a comienzos de junio y que todav\u00eda tiene cap\u00edtulos por delante, fuentes consultadas por este peri\u00f3dico s\u00ed apuntan a que <strong>el N\u00e1poles y el Sevilla han vuelto a acercar posturas por Juanlu<\/strong>, despu\u00e9s de que las negociaciones quedasen bloqueadas tras la \u00faltima negativa sevillista.<\/p>\n<p><img decoding=\"async\" loading=\"lazy\" src=\"https:\/\/www.europesays.com\/es\/wp-content\/uploads\/2025\/08\/1499904309-U11210470445zgO-760x427@diario_abc.jpg\" class=\"voc-img\" width=\"760\" height=\"427\" alt=\"Juanlu, en el entrenamiento de este martes\" data-voc-vtm-id=\"in-text-traffic\"\/><\/p>\n<p>Juanlu, en el entrenamiento de este martes<\/p>\n<p>manuel g\u00f3mez<\/p>\n<p class=\"voc-p\" style=\"\">Las conversaciones entre los clubes se han retomado en las \u00faltimas horas y, con la buena voluntad de todas las partes, existe un deseo de alcanzar un acuerdo con una nueva propuesta napolitana m\u00e1s alta que las anteriores. Con todo, <strong>en Nervi\u00f3n se sigue a la expectativa de que esa oferta llegue por escrito<\/strong>, bien sellada y con las cantidades que se entienden como adecuadas por el canterano, quien mientras se sigue ejercitando con el equipo. Titular ante el Athletic como lateral diestro, Juanlu siempre ha dejado claro que s\u00f3lo saldr\u00e1 del Sevilla con un acuerdo satisfactorio para todos, aunque su preferencia para ese traspaso siempre ha sido el N\u00e1poles, el club que primero llam\u00f3 a su puerta y que lo convenci\u00f3 con su proyecto.<\/p>\n<p class=\"voc-p\" style=\"\">Desde Italia se apunta a que <strong>el N\u00e1poles, que ayer hizo oficial la contrataci\u00f3n de Miguel Guti\u00e9rrez<\/strong> por quien pagar\u00e1 18 millones m\u00e1s otros dos en variables, volver\u00e1 a la carga por Juanlu en las pr\u00f3ximas horas. No es la primera vez que se escucha este mensaje en este verano tan largo para el Sevilla y Juanlu, pero tras los contactos de las \u00faltimas horas s\u00ed se espera que pueda ser la definitiva para cerrar la negociaci\u00f3n.<\/p>\n<p class=\"voc-p\" style=\"\">Quien s\u00ed dio el paso final fue Bad\u00e9. Entre l\u00e1grimas en su \u00faltimo entrenamiento en la ciudad deportiva y despidi\u00e9ndose de sus compa\u00f1eros y de los empleados. <strong>El franc\u00e9s ha sido muy feliz en Nervi\u00f3n, pero las circunstancias del Sevilla y el inter\u00e9s del Leverkusen<\/strong> lo llevar\u00e1n a iniciar una nueva aventura con la primera gran venta del verano sevillista.<\/p>\n","protected":false},"excerpt":{"rendered":"El Sevilla tiene a punto su primera gran operaci\u00f3n del verano con el traspaso de Lo\u00efc Bad\u00e9. El&hellip;\n","protected":false},"author":2,"featured_media":59918,"comment_status":"","ping_status":"","sticky":false,"template":"","format":"standard","meta":{"footnotes":""},"categories":[93],"tags":[25182,22733,5513,168,25,24,22732,4648,1239,1171,23,167,3252],"class_list":{"0":"post-59917","1":"post","2":"type-post","3":"status-publish","4":"format-standard","5":"has-post-thumbnail","7":"category-deportes","8":"tag-animar","9":"tag-bade","10":"tag-cordon","11":"tag-deportes","12":"tag-es","13":"tag-espana","14":"tag-leverkusen","15":"tag-libre","16":"tag-mercado","17":"tag-sevilla","18":"tag-spain","19":"tag-sports","20":"tag-via"},"share_on_mastodon":{"url":"","error":""},"_links":{"self":[{"href":"https:\/\/www.europesays.com\/es\/wp-json\/wp\/v2\/posts\/59917","targetHints":{"allow":["GET"]}}],"collection":[{"href":"https:\/\/www.europesays.com\/es\/wp-json\/wp\/v2\/posts"}],"about":[{"href":"https:\/\/www.europesays.com\/es\/wp-json\/wp\/v2\/types\/post"}],"author":[{"embeddable":true,"href":"https:\/\/www.europesays.com\/es\/wp-json\/wp\/v2\/users\/2"}],"replies":[{"embeddable":true,"href":"https:\/\/www.europesays.com\/es\/wp-json\/wp\/v2\/comments?post=59917"}],"version-history":[{"count":0,"href":"https:\/\/www.europesays.com\/es\/wp-json\/wp\/v2\/posts\/59917\/revisions"}],"wp:featuredmedia":[{"embeddable":true,"href":"https:\/\/www.europesays.com\/es\/wp-json\/wp\/v2\/media\/59918"}],"wp:attachment":[{"href":"https:\/\/www.europesays.com\/es\/wp-json\/wp\/v2\/media?parent=59917"}],"wp:term":[{"taxonomy":"category","embeddable":true,"href":"https:\/\/www.europesays.com\/es\/wp-json\/wp\/v2\/categories?post=59917"},{"taxonomy":"post_tag","embeddable":true,"href":"https:\/\/www.europesays.com\/es\/wp-json\/wp\/v2\/tags?post=59917"}],"curies":[{"name":"wp","href":"https:\/\/api.w.org\/{rel}","templated":true}]}}