{"id":59921,"date":"2025-08-20T10:05:12","date_gmt":"2025-08-20T10:05:12","guid":{"rendered":"https:\/\/www.europesays.com\/es\/59921\/"},"modified":"2025-08-20T10:05:12","modified_gmt":"2025-08-20T10:05:12","slug":"no-quiero-que-sea-un-nino-escondido","status":"publish","type":"post","link":"https:\/\/www.europesays.com\/es\/59921\/","title":{"rendered":"\u00abNo quiero que sea un ni\u00f1o escondido\u00bb"},"content":{"rendered":"<p class=\"voc-p\" style=\"\">Y de repente ha ocurrido: <a href=\"https:\/\/www.abc.es\/gente\/oficial-bertin-osborne-luce-conde-donadio-casasola-20250619130720-nt.html\" target=\"_self\" data-voc-vtm-id=\"in-text-traffic\" title=\"Bert\u00edn Osborne\" data-mrf-link=\"www.abc.es\" rel=\"nofollow noopener\">Bert\u00edn Osborne<\/a> y <a href=\"https:\/\/www.abc.es\/gente\/dia-gabriela-guillen-bertin-osborne-conocieron-20250509141100-nt.html\" target=\"_self\" data-voc-vtm-id=\"in-text-traffic\" title=\"Gabriela Guill\u00e9n\" data-mrf-link=\"www.abc.es\" rel=\"nofollow noopener\">Gabriela Guill\u00e9n<\/a> se han juntado (o algo parecido) para<strong> presentar p\u00fablicamente a su hijo Arian David<\/strong> por primera vez desde su nacimiento, en diciembre de 2023. Y lo han hecho posando para &#8216;\u00a1Hola!&#8217; y con una entrevista espectacular en la que no han parado de dar titulares. \u00ab<strong>No quiero que sea un ni\u00f1o escondido<\/strong>\u00bb, ha dicho el cantante.<\/p>\n<p class=\"voc-p\" style=\"\">Nadie vio venir esta bomba con la entrevista y las fotos m\u00e1s esperadas. Eso s\u00ed, y seg\u00fan aclar\u00f3 la publicaci\u00f3n, a pesar de ser una sesi\u00f3n de fotos compartida, \u00abno posaron juntos para evitar maltentendidos\u00bb. Aunque o qued\u00f3 muy claro cu\u00e1les eran esos posibles \u00abmalentendidos\u00bb. <strong>El cantante no posa en ning\u00fan momento con la madre del ni\u00f1o<\/strong>, Gabriela Guill\u00e9n.<\/p>\n<p class=\"voc-p\" style=\"\">En cualquier caso, el peque\u00f1o Arian David ya sabe que sus padres se pueden juntar, aunque sea para una exclusiva. Bert\u00edn Osborne, de 70 a\u00f1os, ha posado con su \u00faltimo hijo en brazos y dejar as\u00ed inmortalizada la imagen para que la viera toda Espa\u00f1a. Hace tres, <a href=\"https:\/\/www.abc.es\/gente\/gabriela-guillen-sincera-sobre-bertin-osborne-dicho-20250808161539-vi.html\" target=\"_self\" data-voc-vtm-id=\"in-text-traffic\" title=\"Gabriela Guill\u00e9n\" data-mrf-link=\"www.abc.es\" rel=\"nofollow noopener\">Gabriela Guill\u00e9n<\/a> anunci\u00f3 al mundo que se esperaba su primer hijo, el s\u00e9ptimo del cantante, y a partir de ah\u00ed los padres iniciaron <strong>una desagradable disputa<\/strong> que ha tenido de todo, y generalmente pocas cosas edificantes.<\/p>\n<p>\n\u00abYo nunca quise ser padre otra vez\u00bb\n<\/p>\n<p class=\"voc-p\" style=\"\">\u00abYo nunca quise ser padre otra vez. Pero vale, lo soy. As\u00ed son las cosas. Ahora ayudar\u00e9 a que el ni\u00f1o tenga sus estudios estupendos y <strong>que viva lo mejor que pueda<\/strong>\u00bb, ha explicado ahora Bert\u00edn Osborne a &#8216;\u00a1Hola!&#8217; con toda claridad en su entrevista.<\/p>\n<p class=\"voc-p\" style=\"\">Hace relativamente poco, Gabriela Guill\u00e9n comenz\u00f3 a tender puentes hacia una posible &#8216;normalizaci\u00f3n&#8217; de las relaciones, si es que se puede emplear este t\u00e9rmino en un caso como este, pues <strong>ella no tuvo un padre<\/strong>. No quer\u00eda que su hijo creciese sin uno. La exclusiva con &#8216;\u00a1Hola!&#8217; parece un buen comienzo.<\/p>\n<p class=\"voc-p\" style=\"\">No obstante, y para los malpensados, la propia revista ha querido aclarar: \u00abEsta estampa paterno-filial -y otras, como <strong>ba\u00f1arse con su peque\u00f1o en la piscina<\/strong>, montarlo a caballo o <strong>pasar un fin de semana entero jugando<\/strong> con \u00e9l- forman parte de su vida desde hace un a\u00f1o y medio. No sabemos si a diario, pero s\u00ed con cierta regularidad\u00bb.<\/p>\n<p class=\"voc-p\" style=\"\">\u00abPara m\u00ed, por un lado, ejercer de padre es complicado a estas alturas de mi vida. Y por otro, <strong>el ni\u00f1o no tiene culpa de nada<\/strong>. No tiene culpa de los errores que hayamos podido cometer sus padres\u00ab, ha afirmado Bert\u00edn Osborne.<\/p>\n<p>\n\u00abHa pasado lo que ten\u00eda que pasar\n<\/p>\n<p class=\"voc-p\" style=\"\">Por su parte, para Gabriela Guill\u00e9n, \u00abha pasado lo que ten\u00eda que pasar\u00bb. Se explica: \u00abPara m\u00ed, lo m\u00e1s importante es mi hijo y, durante este tiempo, <strong>solo he querido mantener su intimidad<\/strong> para que no le da\u00f1aran y manteni\u00e9ndolo al margen de todo. La carita del beb\u00e9 en oculto, pero \u00e9l no ten\u00eda que estar escondido\u00bb.<\/p>\n<p class=\"voc-p\" style=\"\">La fisioterapeuta paraguaya reconoce en la entrevista que \u00abyo conoc\u00ed a un Bert\u00edn y luego apareci\u00f3 otro que&#8230; no reconoc\u00eda, porque no era el hombre de quien yo me hab\u00eda enamorado\u00bb. Y a\u00f1ade: \u00ab<strong>Est\u00e1bamos muy bien juntos, porque Bert\u00edn es una persona supercari\u00f1osa<\/strong>&#8230; Quiz\u00e1 no ten\u00edamos ning\u00fan tipo de futuro, pero s\u00ed que est\u00e1bamos a gusto&#8230; Pero de repente vino un tsunami. De la noche a la ma\u00f1ana. A m\u00ed me sacudi\u00f3 en todos los sentidos. Pero, aun as\u00ed, he hecho frente y me he hecho cargo de lo que me tocaba\u00bb.<\/p>\n<p class=\"voc-p\" style=\"\"> Gabriela Guill\u00e9n reconoce que \u00ab<strong>ha sido muy duro<\/strong>\u00bb y que ha estado \u00abrealmente sola\u00bb en todo este proceso, a pesar de que Bert\u00edn Osborne jugaba en la piscina y pasaba fines de semana enteros con el peque\u00f1o, pero ella sali\u00f3 adelante. \u00abMi hijo me daba esa fuerza. <strong>Yo estaba luchando por \u00e9l<\/strong>. Era verle la carita y que volviera a nacer la ilusi\u00f3n. \u00c9l me ha hecho mucho m\u00e1s fuerte de lo que yo era antes\u00bb, resume. Una madre coraje.<\/p>\n<p>Reportar un error<\/p>\n","protected":false},"excerpt":{"rendered":"Y de repente ha ocurrido: Bert\u00edn Osborne y Gabriela Guill\u00e9n se han juntado (o algo parecido) para presentar&hellip;\n","protected":false},"author":2,"featured_media":59922,"comment_status":"","ping_status":"","sticky":false,"template":"","format":"standard","meta":{"footnotes":""},"categories":[91],"tags":[25183,25177,2429,146,147,25,25179,24,24056,16630,30,899,25178,11021,4149,10474,23],"class_list":{"0":"post-59921","1":"post","2":"type-post","3":"status-publish","4":"format-standard","5":"has-post-thumbnail","7":"category-entretenimiento","8":"tag-arian","9":"tag-bertin","10":"tag-david","11":"tag-entertainment","12":"tag-entretenimiento","13":"tag-es","14":"tag-escondido","15":"tag-espana","16":"tag-gabriela","17":"tag-guillen","18":"tag-hijo","19":"tag-nino","20":"tag-osborne","21":"tag-presentan","22":"tag-publicamente","23":"tag-quiero","24":"tag-spain"},"share_on_mastodon":{"url":"","error":""},"_links":{"self":[{"href":"https:\/\/www.europesays.com\/es\/wp-json\/wp\/v2\/posts\/59921","targetHints":{"allow":["GET"]}}],"collection":[{"href":"https:\/\/www.europesays.com\/es\/wp-json\/wp\/v2\/posts"}],"about":[{"href":"https:\/\/www.europesays.com\/es\/wp-json\/wp\/v2\/types\/post"}],"author":[{"embeddable":true,"href":"https:\/\/www.europesays.com\/es\/wp-json\/wp\/v2\/users\/2"}],"replies":[{"embeddable":true,"href":"https:\/\/www.europesays.com\/es\/wp-json\/wp\/v2\/comments?post=59921"}],"version-history":[{"count":0,"href":"https:\/\/www.europesays.com\/es\/wp-json\/wp\/v2\/posts\/59921\/revisions"}],"wp:featuredmedia":[{"embeddable":true,"href":"https:\/\/www.europesays.com\/es\/wp-json\/wp\/v2\/media\/59922"}],"wp:attachment":[{"href":"https:\/\/www.europesays.com\/es\/wp-json\/wp\/v2\/media?parent=59921"}],"wp:term":[{"taxonomy":"category","embeddable":true,"href":"https:\/\/www.europesays.com\/es\/wp-json\/wp\/v2\/categories?post=59921"},{"taxonomy":"post_tag","embeddable":true,"href":"https:\/\/www.europesays.com\/es\/wp-json\/wp\/v2\/tags?post=59921"}],"curies":[{"name":"wp","href":"https:\/\/api.w.org\/{rel}","templated":true}]}}