{"id":599262,"date":"2026-06-10T21:09:17","date_gmt":"2026-06-10T21:09:17","guid":{"rendered":"https:\/\/www.europesays.com\/es\/599262\/"},"modified":"2026-06-10T21:09:17","modified_gmt":"2026-06-10T21:09:17","slug":"nerea-hermosa-atraccion-en-divino-maestro","status":"publish","type":"post","link":"https:\/\/www.europesays.com\/es\/599262\/","title":{"rendered":"Nerea Hermosa, atracci\u00f3n en Divino Maestro"},"content":{"rendered":"<p>\n        La tarde del mi\u00e9rcoles dej\u00f3 una imagen dif\u00edcil de olvidar en el polideportivo de Divino Maestro.<strong> Nerea Hermosa<\/strong>, p\u00edvot del Casademont Zaragoza, <strong>y Ane Valle<\/strong>, jugadora de la Fairleigh Dickinson University de la NCAA estadounidense, <strong>compartieron entrenamiento y experiencias con decenas de promesas del CB Araba <\/strong>en una jornada que sirvi\u00f3 para acercar la \u00e9lite del baloncesto femenino a quienes sue\u00f1an con seguir sus pasos.\n<\/p>\n<p class=\"article-body__text \">\n        La visita arranc\u00f3 con un momento especialmente emotivo. Ambas jugadoras saltaron a la pista acompa\u00f1adas por integrantes del equipo de Primera Nacional y recibieron el cari\u00f1o de las m\u00e1s peque\u00f1as, que observaban con gran asombro cada uno de sus movimientos. A partir de ah\u00ed,<strong> Hermosa y Valle participaron en distintos ejercicios, ayudando a las j\u00f3venes jugadoras y disfrutando del entrenamiento<\/strong> con una cercan\u00eda que conquist\u00f3 a todas las presentes.\n<\/p>\n<p class=\"article-body__text \">\n        Tras la sesi\u00f3n lleg\u00f3 el turno de las preguntas. Las asistentes aprovecharon la ocasi\u00f3n para conocer de primera mano <strong>c\u00f3mo es la vida de una deportista profesional, desde la alimentaci\u00f3n y la preparaci\u00f3n f\u00edsica<\/strong> hasta los sacrificios que exige competir al m\u00e1ximo nivel.\u00a0\n<\/p>\n<p>            <a href=\"https:\/\/www.noticiasdealava.eus\/deportes\/2025\/10\/05\/cb-araba-presume-cantera-baloncesto-femenino-10151131.html\" title=\"El CB Araba presume de cantera\" class=\"new__media\" rel=\"nofollow noopener\" target=\"_blank\"><\/p>\n<p>                <img alt=\"El CB Araba presume de cantera\" data-src=\"https:\/\/www.europesays.com\/es\/wp-content\/uploads\/2026\/06\/4cadf0e7-6a94-421b-8d63-ee6bedabdc21_16-9-aspect-ratio_default_0.jpg\" class=\"lozad\"\/><\/p>\n<p>        <\/a><\/p>\n<p>        <a href=\"https:\/\/www.noticiasdealava.eus\/deportes\/2025\/10\/05\/cb-araba-presume-cantera-baloncesto-femenino-10151131.html\" title=\"El CB Araba presume de cantera\" class=\"new__headline\" rel=\"nofollow noopener\" target=\"_blank\"><br \/>\n            El CB Araba presume de cantera<br \/>\n        <\/a><\/p>\n<p class=\"article-body__text \">\n        Nerea Hermosa record\u00f3 sus inicios y c\u00f3mo dej\u00f3 Vitoria siendo una adolescente para perseguir su sue\u00f1o, mientras que ambas coincidieron en se\u00f1alar el desgaste mental como una de las mayores dificultades de la carrera deportiva. \u201c<strong>La exigencia es muy alta y el apoyo de la familia resulta fundamental<\/strong>\u201d, destacaron.\n<\/p>\n<p class=\"article-body__text \">\n        La charla tambi\u00e9n sirvi\u00f3 para hablar de objetivos, referentes y valores. Tanto Hermosa como Valle subrayaron la importancia de entrenadores, familiares y compa\u00f1eras en su crecimiento personal y deportivo. \u201c<strong>M\u00e1s all\u00e1 del baloncesto, quiero que me recuerden como una buena person<\/strong>a\u201d, se\u00f1al\u00f3 Hermosa en una de las reflexiones m\u00e1s aplaudidas de la tarde.\n<\/p>\n<p class=\"article-body__text \">\n        El momento m\u00e1s emotivo lleg\u00f3 en el tramo final, cuando <strong>una ni\u00f1a del CB Araba entreg\u00f3 una camiseta del club a la poste alavesa de 1,96 metros<\/strong>. Muy emocionada, Nerea respondi\u00f3 regalando sus camisetas de la selecci\u00f3n espa\u00f1ola y del Casademont Zaragoza entre una gran ovaci\u00f3n.\n<\/p>\n<p>        \u201cMi mayor evoluci\u00f3n ha sido la madurez mental, la capacidad de superaci\u00f3n y el apartado f\u00edsico. Este verano quiero recuperar la fuerza y estar al cien por cien f\u00edsicamente para llegar bien a la temporada\u00bb<\/p>\n<p class=\"article-quote__author\">Nerea Hermosa &#8211; P\u00edvot alavesa del Casademont Zaragoza<\/p>\n<p>  Mirada con ambici\u00f3n <\/p>\n<p class=\"article-body__text \">\n        Tras la charla, Nerea Hermosa atendi\u00f3 a este peri\u00f3dico para repasar una temporada marcada por <strong>la recuperaci\u00f3n de la lesi\u00f3n de rodilla que fren\u00f3 su progresi\u00f3n<\/strong> y le oblig\u00f3 a trabajar gran parte del a\u00f1o en la sombra.\n<\/p>\n<p class=\"article-body__text \">\n        \u201c<strong>Ha sido un a\u00f1o de mucho trabajo en la rehabilitaci\u00f3n, con paciencia para volver a encontrarme bien<\/strong>\u201d, explic\u00f3 la alavesa, que destac\u00f3 tambi\u00e9n su crecimiento en el plano mental. \u201cMi mayor evoluci\u00f3n ha sido la madurez mental, la capacidad de superaci\u00f3n y el apartado f\u00edsico\u201d, a\u00f1adi\u00f3.\n<\/p>\n<p class=\"article-body__text \">\n        De cara al pr\u00f3ximo curso, Hermosa tiene claro su plan. \u201c<strong>Este verano quiero recuperar la fuerza y estar al cien por cien f\u00edsicamente para llegar bien a la temporada<\/strong>\u201d, admiti\u00f3.\u00a0\n<\/p>\n<p>            <a href=\"https:\/\/www.noticiasdealava.eus\/baskonia\/2024\/01\/13\/manresano-alecciona-vitoria-7740025.html\" title=\"El manresano que alecciona en Vitoria\" class=\"new__media\" rel=\"nofollow noopener\" target=\"_blank\"><\/p>\n<p>                <img alt=\"El manresano que alecciona en Vitoria\" data-src=\"https:\/\/www.europesays.com\/es\/wp-content\/uploads\/2026\/06\/9d03a5b7-325a-48a0-a299-ecefc37c68a4_16-9-aspect-ratio_default_0_x1020y931.jpg\" class=\"lozad\"\/><\/p>\n<p>        <\/a><\/p>\n<p>        <a href=\"https:\/\/www.noticiasdealava.eus\/baskonia\/2024\/01\/13\/manresano-alecciona-vitoria-7740025.html\" title=\"El manresano que alecciona en Vitoria\" class=\"new__headline\" rel=\"nofollow noopener\" target=\"_blank\"><br \/>\n            El manresano que alecciona en Vitoria<br \/>\n        <\/a><\/p>\n<p class=\"article-body__text \">\n        Su objetivo inmediato es ganar protagonismo en el Zaragoza, donde tiene contrato hasta 2027. \u201c<strong>Debo recuperar el ritmo competitivo y la confianza de los partidos<\/strong>. Quiero competir por la rotaci\u00f3n y demostrar que puedo asumir m\u00e1s responsabilidad\u201d, avis\u00f3. Adem\u00e1s, fue tajante sobre su futuro: \u201cquiero quedarme en Zaragoza, crecer y ganar t\u00edtulos con el club\u201d.\n<\/p>\n<p class=\"article-body__text \">\n        En el plano internacional, su meta m\u00e1s cercana es clara. \u201c<strong>Me gustar\u00eda estar entre las doce jugadoras que disputen el Europeo del a\u00f1o que viene. Voy a trabajar para ganarme ese sitio<\/strong>\u201d, recalc\u00f3. A corto plazo, ese es el gran objetivo que gu\u00eda su preparaci\u00f3n estival \u2013se est\u00e1 ejercitando estos d\u00edas en Vitoria junto a V\u00edctor Ciavattini\u2013 y su regreso a la competici\u00f3n al m\u00e1ximo nivel.\n<\/p>\n<p>            <a href=\"https:\/\/www.noticiasdealava.eus\/deportes\/2025\/03\/23\/ane-valle-orgullo-cb-araba-vitoria-estados-unidos-9430734.html\" title=\"Ane Valle, orgullo del CB Araba\" class=\"new__media\" rel=\"nofollow noopener\" target=\"_blank\"><\/p>\n<p>                <img alt=\"Ane Valle, orgullo del CB Araba\" data-src=\"https:\/\/www.europesays.com\/es\/wp-content\/uploads\/2026\/06\/717c5d17-c6f1-4ddd-80fc-dad567a57223_16-9-aspect-ratio_default_0_x814y273.jpg\" class=\"lozad\"\/><\/p>\n<p>        <\/a><\/p>\n<p>        <a href=\"https:\/\/www.noticiasdealava.eus\/deportes\/2025\/03\/23\/ane-valle-orgullo-cb-araba-vitoria-estados-unidos-9430734.html\" title=\"Ane Valle, orgullo del CB Araba\" class=\"new__headline\" rel=\"nofollow noopener\" target=\"_blank\"><br \/>\n            Ane Valle, orgullo del CB Araba<br \/>\n        <\/a><\/p>\n<p class=\"article-body__text \">\n        La alavesa no olvida el sabor amargo de su \u00faltima experiencia con la selecci\u00f3n. \u201cLo de Par\u00eds fue duro, ser el \u00faltimo descarte, y es una espina que todav\u00eda tengo clavada\u201d, reconoci\u00f3. Esa sensaci\u00f3n refuerza su ambici\u00f3n de cara al futuro, con los Juegos Ol\u00edmpicos de Los \u00c1ngeles 2028 como meta personal. \u201c<strong>Me motiva mucho poder estar all\u00ed, es el sue\u00f1o por el que trabajo cada d\u00eda<\/strong>\u201d, resalt\u00f3.\n<\/p>\n<p>        \u00abDebo recuperar el ritmo competitivo y la confianza de los partidos tras la lesi\u00f3n de rodilla. Quiero competir por la rotaci\u00f3n y demostrar que puedo asumir m\u00e1s responsabilidad en el Zaragoza\u00bb<\/p>\n<p class=\"article-quote__author\">Nerea Hermosa &#8211; P\u00edvot alavesa del Casademont Zaragoza<\/p>\n<p class=\"article-body__text \">\n        Hermosa se centra en el presente, sabiendo que su rendimiento en tierras ma\u00f1as ser\u00e1 clave para hacer realidad sus objetivos. \u201c<strong>Todo pasa por trabajar bien d\u00eda a d\u00eda y llegar preparada cuando llegue el momento importante<\/strong>\u201d, concluy\u00f3.<\/p>\n","protected":false},"excerpt":{"rendered":"La tarde del mi\u00e9rcoles dej\u00f3 una imagen dif\u00edcil de olvidar en el polideportivo de Divino Maestro. Nerea Hermosa,&hellip;\n","protected":false},"author":2,"featured_media":599263,"comment_status":"","ping_status":"","sticky":false,"template":"","format":"standard","meta":{"footnotes":""},"categories":[269],"tags":[7572,299,298,168,91159,25,24,31665,20065,1509,23,167],"class_list":["post-599262","post","type-post","status-publish","format-standard","has-post-thumbnail","category-baloncesto","tag-atraccion","tag-baloncesto","tag-basketball","tag-deportes","tag-divino","tag-es","tag-espana","tag-hermosa","tag-maestro","tag-nerea","tag-spain","tag-sports"],"share_on_mastodon":{"url":"https:\/\/pubeurope.com\/@es\/116727865022742482","error":""},"_links":{"self":[{"href":"https:\/\/www.europesays.com\/es\/wp-json\/wp\/v2\/posts\/599262","targetHints":{"allow":["GET"]}}],"collection":[{"href":"https:\/\/www.europesays.com\/es\/wp-json\/wp\/v2\/posts"}],"about":[{"href":"https:\/\/www.europesays.com\/es\/wp-json\/wp\/v2\/types\/post"}],"author":[{"embeddable":true,"href":"https:\/\/www.europesays.com\/es\/wp-json\/wp\/v2\/users\/2"}],"replies":[{"embeddable":true,"href":"https:\/\/www.europesays.com\/es\/wp-json\/wp\/v2\/comments?post=599262"}],"version-history":[{"count":0,"href":"https:\/\/www.europesays.com\/es\/wp-json\/wp\/v2\/posts\/599262\/revisions"}],"wp:featuredmedia":[{"embeddable":true,"href":"https:\/\/www.europesays.com\/es\/wp-json\/wp\/v2\/media\/599263"}],"wp:attachment":[{"href":"https:\/\/www.europesays.com\/es\/wp-json\/wp\/v2\/media?parent=599262"}],"wp:term":[{"taxonomy":"category","embeddable":true,"href":"https:\/\/www.europesays.com\/es\/wp-json\/wp\/v2\/categories?post=599262"},{"taxonomy":"post_tag","embeddable":true,"href":"https:\/\/www.europesays.com\/es\/wp-json\/wp\/v2\/tags?post=599262"}],"curies":[{"name":"wp","href":"https:\/\/api.w.org\/{rel}","templated":true}]}}