{"id":599360,"date":"2026-06-10T22:24:17","date_gmt":"2026-06-10T22:24:17","guid":{"rendered":"https:\/\/www.europesays.com\/es\/599360\/"},"modified":"2026-06-10T22:24:17","modified_gmt":"2026-06-10T22:24:17","slug":"el-motivo-por-que-la-revuelta-traspasa-su-programa-del-jueves-a-viernes-en-el-mes-de-junio","status":"publish","type":"post","link":"https:\/\/www.europesays.com\/es\/599360\/","title":{"rendered":"El motivo por que &#8216;La Revuelta&#8217; traspasa su programa del jueves a viernes en el mes de junio"},"content":{"rendered":"<p style=\"\">Cambio en &#8216;La Revuelta&#8217; a las puertas del verano. El comienzo del Mundial de f\u00fatbol ha obligado al programa de David Broncano a reubicarse por  &#8230; las retransmisiones de partidos en directo de la gran cita del f\u00fatbol, algunos de ellos a las nueve de la noche, lo que coincide de pleno con su franja. <\/p>\n<p class=\"v-d-p\" style=\"\">El principal cambio afecta a la emisi\u00f3n de los jueves. No retrasa su emisi\u00f3n, pero tampoco desaparece. Lo que hace es desplazarse a los viernes. Lo har\u00e1 con tres especiales los d\u00edas 12, 19 y 26 de junio. Eso s\u00ed, el espacio de humor mantendr\u00e1 su emisi\u00f3n de lunes, martes y mi\u00e9rcoles durante la fase de grupos, aunque algunos horarios podr\u00edan sufrir modificaciones por los encuentros. El propio Castella ha avisado este mi\u00e9rcoles que este jueves ya no habr\u00e1 programa, sino que pasa al viernes. <\/p>\n<p class=\"v-d-p\" style=\"\">Los jueves, en su lugar, se estrenar\u00e1 el c\u00f3mico Manu S\u00e1nchez con su programa de humor &#8216;El perro andaluz&#8217;. Unos cambios que llegan pocas semanas antes de que el equipo de &#8216;La Revuelta&#8217; se tome las vacaciones de verano. <\/p>\n","protected":false},"excerpt":{"rendered":"Cambio en &#8216;La Revuelta&#8217; a las puertas del verano. El comienzo del Mundial de f\u00fatbol ha obligado al&hellip;\n","protected":false},"author":2,"featured_media":599361,"comment_status":"","ping_status":"","sticky":false,"template":"","format":"standard","meta":{"footnotes":""},"categories":[171],"tags":[146,147,25,24,887,9201,1970,5135,2145,528,23,7819,214,381],"class_list":["post-599360","post","type-post","status-publish","format-standard","has-post-thumbnail","category-tv","tag-entertainment","tag-entretenimiento","tag-es","tag-espana","tag-jueves","tag-junio","tag-mes","tag-motivo","tag-programa","tag-revuelta","tag-spain","tag-traspasa","tag-tv","tag-viernes"],"share_on_mastodon":{"url":"https:\/\/pubeurope.com\/@es\/116728159708497879","error":""},"_links":{"self":[{"href":"https:\/\/www.europesays.com\/es\/wp-json\/wp\/v2\/posts\/599360","targetHints":{"allow":["GET"]}}],"collection":[{"href":"https:\/\/www.europesays.com\/es\/wp-json\/wp\/v2\/posts"}],"about":[{"href":"https:\/\/www.europesays.com\/es\/wp-json\/wp\/v2\/types\/post"}],"author":[{"embeddable":true,"href":"https:\/\/www.europesays.com\/es\/wp-json\/wp\/v2\/users\/2"}],"replies":[{"embeddable":true,"href":"https:\/\/www.europesays.com\/es\/wp-json\/wp\/v2\/comments?post=599360"}],"version-history":[{"count":0,"href":"https:\/\/www.europesays.com\/es\/wp-json\/wp\/v2\/posts\/599360\/revisions"}],"wp:featuredmedia":[{"embeddable":true,"href":"https:\/\/www.europesays.com\/es\/wp-json\/wp\/v2\/media\/599361"}],"wp:attachment":[{"href":"https:\/\/www.europesays.com\/es\/wp-json\/wp\/v2\/media?parent=599360"}],"wp:term":[{"taxonomy":"category","embeddable":true,"href":"https:\/\/www.europesays.com\/es\/wp-json\/wp\/v2\/categories?post=599360"},{"taxonomy":"post_tag","embeddable":true,"href":"https:\/\/www.europesays.com\/es\/wp-json\/wp\/v2\/tags?post=599360"}],"curies":[{"name":"wp","href":"https:\/\/api.w.org\/{rel}","templated":true}]}}