{"id":599418,"date":"2026-06-10T23:10:13","date_gmt":"2026-06-10T23:10:13","guid":{"rendered":"https:\/\/www.europesays.com\/es\/599418\/"},"modified":"2026-06-10T23:10:13","modified_gmt":"2026-06-10T23:10:13","slug":"la-sorprendente-confesion-de-ana-mena-en-la-revuelta-me-encantaba-ponerme-de-portera","status":"publish","type":"post","link":"https:\/\/www.europesays.com\/es\/599418\/","title":{"rendered":"La sorprendente confesi\u00f3n de Ana Mena en &#8216;La Revuelta&#8217;: \u00abMe encantaba ponerme de portera\u00bb"},"content":{"rendered":"<p class=\"c-paragraph\"><a href=\"https:\/\/www.20minutos.es\/tags\/personas\/ana-mena.html\" title=\"Ana Mena\" rel=\"nofollow noopener\" target=\"_blank\">Ana Mena<\/a> fue la invitada de la noche del mi\u00e9rcoles en <a href=\"https:\/\/www.20minutos.es\/tags\/temas\/la-revuelta.html\" title=\"La Revuelta\" rel=\"nofollow noopener\" target=\"_blank\">La Revuelta<\/a>. La cantante acudi\u00f3 al programa de <a href=\"https:\/\/www.20minutos.es\/tags\/personas\/broncano.html\" title=\"David Broncano\" rel=\"nofollow noopener\" target=\"_blank\">David Broncano<\/a> para presentar en primicia <b>Pa ti toa, la nueva canci\u00f3n en la que colabora con Lola \u00cdndigo <\/b>y que se postula como uno de los temas que acaparar\u00e1n las listas y los chiringuitos este verano.<\/p>\n<p class=\"c-paragraph\">Nada m\u00e1s entrar en plat\u00f3, la artista sac\u00f3 a relucir<b> su reconocimiento con la Medalla de Andaluc\u00eda,<\/b> que le fue otorgada el pasado 28 de febrero, dato con el que el jiennense la present\u00f3 y del cual se quej\u00f3, ya que \u00e9l lleva pidi\u00e9ndola mucho tiempo, pero no se la conceden.<\/p>\n<p class=\"c-paragraph\">\u00abTe la van a dar, te la dar\u00e1n\u00bb, le intent\u00f3 animar la malague\u00f1a.<b> \u00abA m\u00ed no. Supongo que no ayuda que la pida todo el rato\u00bb<\/b>, se lament\u00f3 \u00e9l. \u00abS\u00ed, hombre, tenemos que hacer campa\u00f1a\u00bb, insisti\u00f3 Ana Mena. \u00ab\u00bfT\u00fa la ped\u00edas en los conciertos?\u00bb, quiso saber el presentador, a lo que su invitada le respondi\u00f3 de manera afirmativa: \u00abAlguna vez lo solt\u00e9\u00bb. \u00abYo lo digo todo el rato y creo que no les gusta. Creo que tengo que dejar de decirlo\u00bb, reflexion\u00f3 Broncano, antes de cambiar de tema.<\/p>\n<p class=\"c-paragraph\">Tras hablar con el joven de la nevera, la conversaci\u00f3n deriv\u00f3 a si alguna vez ella se hab\u00eda roto alguna parte de su cuerpo. \u00abEste dedo, varias veces\u00bb, le dijo a Broncano a la vez que ense\u00f1\u00f3 a c\u00e1mara el dedo coraz\u00f3n. \u00abEl del fuck you\u00bb, brome\u00f3 el presentador al respecto, antes de preguntarle el motivo de su repetida lesi\u00f3n.\u00a0\u00ab<b>Me encantaba ponerme de portera y ten\u00eda tan poco arte para parar el bal\u00f3n que dos veces me lo romp\u00ed<\/b>\u00ab, le cont\u00f3.<\/p>\n<p class=\"c-paragraph\">Por su parte, Broncano tambi\u00e9n aprovech\u00f3 para contar la vez que<b> \u00e9l se rompi\u00f3 el dedo me\u00f1ique del pie<\/b>: \u00abFue durmiendo [&#8230;] Estaba en un hotel y me despert\u00e9 de noche gritando. Me incorpor\u00e9 sudando, pero como duermo como un tronco, me volv\u00ed a dormir. Al levantarme por la ma\u00f1ana, pis\u00e9 y estaba hecho polvo; me fui al hospital\u00bb.<\/p>\n<p class=\"c-paragraph\">El diagn\u00f3stico que le dio el m\u00e9dico es que <b>se le qued\u00f3 enganchada la falange en la s\u00e1bana y, al girarse, se le parti\u00f3<\/b>. \u00abOjal\u00e1 durmiera yo como duermes t\u00fa. Nunca duermo del tir\u00f3n. Me encantar\u00eda romperme el dedo del pie durmiendo\u00bb, expres\u00f3 con sorna la cantante, para comentar la calidad de su sue\u00f1o.<\/p>\n","protected":false},"excerpt":{"rendered":"Ana Mena fue la invitada de la noche del mi\u00e9rcoles en La Revuelta. La cantante acudi\u00f3 al programa&hellip;\n","protected":false},"author":2,"featured_media":599419,"comment_status":"","ping_status":"","sticky":false,"template":"","format":"standard","meta":{"footnotes":""},"categories":[171],"tags":[22249,9029,146,147,25,24,6870,29956,23,214],"class_list":["post-599418","post","type-post","status-publish","format-standard","has-post-thumbnail","category-tv","tag-ana-mena","tag-david-broncano","tag-entertainment","tag-entretenimiento","tag-es","tag-espana","tag-la-1","tag-la-revuelta","tag-spain","tag-tv"],"share_on_mastodon":{"url":"https:\/\/pubeurope.com\/@es\/116728340692679655","error":""},"_links":{"self":[{"href":"https:\/\/www.europesays.com\/es\/wp-json\/wp\/v2\/posts\/599418","targetHints":{"allow":["GET"]}}],"collection":[{"href":"https:\/\/www.europesays.com\/es\/wp-json\/wp\/v2\/posts"}],"about":[{"href":"https:\/\/www.europesays.com\/es\/wp-json\/wp\/v2\/types\/post"}],"author":[{"embeddable":true,"href":"https:\/\/www.europesays.com\/es\/wp-json\/wp\/v2\/users\/2"}],"replies":[{"embeddable":true,"href":"https:\/\/www.europesays.com\/es\/wp-json\/wp\/v2\/comments?post=599418"}],"version-history":[{"count":0,"href":"https:\/\/www.europesays.com\/es\/wp-json\/wp\/v2\/posts\/599418\/revisions"}],"wp:featuredmedia":[{"embeddable":true,"href":"https:\/\/www.europesays.com\/es\/wp-json\/wp\/v2\/media\/599419"}],"wp:attachment":[{"href":"https:\/\/www.europesays.com\/es\/wp-json\/wp\/v2\/media?parent=599418"}],"wp:term":[{"taxonomy":"category","embeddable":true,"href":"https:\/\/www.europesays.com\/es\/wp-json\/wp\/v2\/categories?post=599418"},{"taxonomy":"post_tag","embeddable":true,"href":"https:\/\/www.europesays.com\/es\/wp-json\/wp\/v2\/tags?post=599418"}],"curies":[{"name":"wp","href":"https:\/\/api.w.org\/{rel}","templated":true}]}}