{"id":599472,"date":"2026-06-10T23:56:13","date_gmt":"2026-06-10T23:56:13","guid":{"rendered":"https:\/\/www.europesays.com\/es\/599472\/"},"modified":"2026-06-10T23:56:13","modified_gmt":"2026-06-10T23:56:13","slug":"mundial-2026-rtve-retira-temporalmente-las-nuevas-entregas-de-cifras-y-letras-tras-firmar-su-mejor-temporada","status":"publish","type":"post","link":"https:\/\/www.europesays.com\/es\/599472\/","title":{"rendered":"MUNDIAL 2026 | RTVE retira temporalmente las nuevas entregas de \u2018Cifras y Letras\u2019 tras firmar su mejor temporada"},"content":{"rendered":"<p class=\"ft-text ft-helper-closenews\"><strong>RTVE <\/strong>ha preparado un cambio importante en La 2. \u2018<strong>Cifras y Letras\u2019 dejar\u00e1 de emitir entregas nuevas desde este jueves 11 de junio<\/strong>, coincidiendo con el arranque del Mundial de F\u00fatbol 2026, y permanecer\u00e1 en pausa durante los pr\u00f3ximos meses de verano.<\/p>\n<p class=\"ft-text\">La decisi\u00f3n responde al <strong>encaje de los partidos<\/strong> que emitir\u00e1 la corporaci\u00f3n entre el 11 de junio y el 19 de julio. Muchos encuentros coincidir\u00e1n con la franja habitual del concurso presentado por Aitor Albizua, por lo que la corporaci\u00f3n ha optado por detener temporalmente sus estrenos para no perjudicar el seguimiento del formato.<\/p>\n<p class=\"ft-text\"><strong>La 2 no dejar\u00e1 vac\u00edo ese hueco<\/strong>. Durante las pr\u00f3ximas semanas, la cadena mantendr\u00e1 \u2018Cifras y Letras\u2019 en parrilla con segundos pases del programa, de forma que el concurso seguir\u00e1 presente en la programaci\u00f3n aunque sin nuevas entregas hasta la pr\u00f3xima temporada televisiva.<\/p>\n<p class=\"ft-text\">El par\u00f3n llega despu\u00e9s de un curso especialmente positivo para el formato. \u2018<strong>Cifras y Letras\u2019 ha cerrado su mejor temporada con un 5,8% de cuota de pantalla y 711.000 espectadores de media<\/strong>, siete d\u00e9cimas m\u00e1s que en la anterior. El concurso tambi\u00e9n ha destacado entre p\u00fablicos j\u00f3venes y familiares, adem\u00e1s de reforzar su presencia en distintas comunidades.<\/p>\n<p class=\"ft-text\">A los datos de audiencia se suman varios reconocimientos profesionales. Esta tercera temporada ha recibido su segundo premio ALMA consecutivo al Mejor Guion de Concurso, adem\u00e1s del FesTVal 2024 y el Iris de la Cr\u00edtica 2024 concedido por periodistas especializados en televisi\u00f3n.<\/p>\n<p data-close=\"closedContent\" class=\"subscribeHideForDisplay\">Suscr\u00edbete para seguir leyendo<\/p>\n","protected":false},"excerpt":{"rendered":"RTVE ha preparado un cambio importante en La 2. \u2018Cifras y Letras\u2019 dejar\u00e1 de emitir entregas nuevas desde&hellip;\n","protected":false},"author":2,"featured_media":599473,"comment_status":"","ping_status":"","sticky":false,"template":"","format":"standard","meta":{"footnotes":""},"categories":[171],"tags":[687,146,33589,147,25,24,7706,13037,5131,1684,2860,15896,518,23,1152,38658,214],"class_list":["post-599472","post","type-post","status-publish","format-standard","has-post-thumbnail","category-tv","tag-cifras","tag-entertainment","tag-entregas","tag-entretenimiento","tag-es","tag-espana","tag-firmar","tag-la-2","tag-letras","tag-mejor","tag-nuevas","tag-retira","tag-rtve","tag-spain","tag-temporada","tag-temporalmente","tag-tv"],"share_on_mastodon":{"url":"https:\/\/pubeurope.com\/@es\/116728521348144180","error":""},"_links":{"self":[{"href":"https:\/\/www.europesays.com\/es\/wp-json\/wp\/v2\/posts\/599472","targetHints":{"allow":["GET"]}}],"collection":[{"href":"https:\/\/www.europesays.com\/es\/wp-json\/wp\/v2\/posts"}],"about":[{"href":"https:\/\/www.europesays.com\/es\/wp-json\/wp\/v2\/types\/post"}],"author":[{"embeddable":true,"href":"https:\/\/www.europesays.com\/es\/wp-json\/wp\/v2\/users\/2"}],"replies":[{"embeddable":true,"href":"https:\/\/www.europesays.com\/es\/wp-json\/wp\/v2\/comments?post=599472"}],"version-history":[{"count":0,"href":"https:\/\/www.europesays.com\/es\/wp-json\/wp\/v2\/posts\/599472\/revisions"}],"wp:featuredmedia":[{"embeddable":true,"href":"https:\/\/www.europesays.com\/es\/wp-json\/wp\/v2\/media\/599473"}],"wp:attachment":[{"href":"https:\/\/www.europesays.com\/es\/wp-json\/wp\/v2\/media?parent=599472"}],"wp:term":[{"taxonomy":"category","embeddable":true,"href":"https:\/\/www.europesays.com\/es\/wp-json\/wp\/v2\/categories?post=599472"},{"taxonomy":"post_tag","embeddable":true,"href":"https:\/\/www.europesays.com\/es\/wp-json\/wp\/v2\/tags?post=599472"}],"curies":[{"name":"wp","href":"https:\/\/api.w.org\/{rel}","templated":true}]}}