{"id":599641,"date":"2026-06-11T02:33:18","date_gmt":"2026-06-11T02:33:18","guid":{"rendered":"https:\/\/www.europesays.com\/es\/599641\/"},"modified":"2026-06-11T02:33:18","modified_gmt":"2026-06-11T02:33:18","slug":"natalia-escot-deja-el-barca-y-jugara-en-el-espanyol","status":"publish","type":"post","link":"https:\/\/www.europesays.com\/es\/599641\/","title":{"rendered":"Natalia Escot deja el Bar\u00e7a y jugar\u00e1 en el Espanyol"},"content":{"rendered":"<p class=\"ft-text\"><a class=\"ft-link ft-link--decoration\" href=\"https:\/\/www.sport.es\/es\/noticias\/barca\/futbol-femenino\/perla-natalia-escot-goleadora-empuja-127851035\" rel=\"nofollow noopener\" target=\"_blank\">Natalia Escot pondr\u00e1 fin a su etapa en el FC Barcelona este verano<\/a>. <strong>Seg\u00fan ha podido saber SPORT, la delantera catalana fichar\u00e1 por el Espanyol para las dos pr\u00f3ximas temporadas despu\u00e9s de no alcanzar un acuerdo<\/strong> con el conjunto azulgrana para prolongar su vinculaci\u00f3n.<\/p>\n<p class=\"ft-text\">La atacante de Terrassa cierra as\u00ed una etapa de dos a\u00f1os en el filial cul\u00e9 en la que ha dado un importante paso adelante, especialmente durante la pasada campa\u00f1a. <strong>Escot termin\u00f3 como m\u00e1xima goleadora de la Primera Federaci\u00f3n, la segunda categor\u00eda del f\u00fatbol femenino espa\u00f1ol, al firmar 16 goles en 25 partidos<\/strong>, unos registros que la consolidaron como una de las futbolistas m\u00e1s destacadas de la competici\u00f3n.<\/p>\n<p class=\"ft-text\">Su progresi\u00f3n no pas\u00f3 desapercibida dentro de la estructura azulgrana. <strong>La delantera entren\u00f3 en varias ocasiones con el primer equipo e incluso lleg\u00f3 a entrar en algunas convocatorias de Pere Romeu. Sin embargo, no pudo cumplir el sue\u00f1o de debutar oficialmente con el Bar\u00e7a<\/strong>, un paso que nunca lleg\u00f3 a producirse pese a su rendimiento con el filial.<\/p>\n<p class=\"ft-text\">Las conversaciones para renovar no fructificaron y ambas partes han optado por separar sus caminos. Desde el club siempre han valorado muy positivamente <a class=\"ft-link ft-link--decoration\" href=\"https:\/\/www.sport.es\/es\/noticias\/barca\/futbol-femenino\/perla-natalia-escot-goleadora-empuja-127851035\" rel=\"nofollow noopener\" target=\"_blank\">la evoluci\u00f3n y el rendimiento de la futbolista<\/a>, pero la competencia existente en la parcela ofensiva y la planificaci\u00f3n deportiva para los pr\u00f3ximos a\u00f1os han dificultado encontrarle un encaje que satisficiera a todas las partes.<\/p>\n<p>En busca del salto<\/p>\n<p class=\"ft-text\">Por su parte, <strong>Escot buscaba una oportunidad que le permitiera acercarse al f\u00fatbol de \u00e9lite de forma inmediata y tener opciones reales de dar el salto a la m\u00e1xima categor\u00eda.<\/strong> Un escenario que ha encontrado en el Espanyol, donde consideran que puede convertirse en una pieza importante dentro del nuevo proyecto.<\/p>\n<p class=\"ft-text\">El conjunto blanquiazul afronta un verano de profunda reconstrucci\u00f3n tras anunciar las salidas de Aina Duran, Ainoa Campo, Amaia Mart\u00ednez, \u00c1ngeles del \u00c1lamo, Daniela Caracas, Estefan\u00eda Botero, Laia Ballest\u00e9, Olivia Ferguson y Paula Perea. <strong>En este contexto, la llegada de una futbolista joven, con margen de crecimiento y capacidad goleadora como Escot encaja perfectamente en la hoja de ruta perica.<\/strong><\/p>\n<p class=\"ft-text\">A sus 19 a\u00f1os, <strong>la delantera iniciar\u00e1 ahora un nuevo reto en Primera Divisi\u00f3n con el objetivo de confirmar todo el potencial que ha mostrado en las categor\u00edas formativas<\/strong> y dar el salto definitivo al f\u00fatbol profesional<\/p>\n","protected":false},"excerpt":{"rendered":"Natalia Escot pondr\u00e1 fin a su etapa en el FC Barcelona este verano. Seg\u00fan ha podido saber SPORT,&hellip;\n","protected":false},"author":2,"featured_media":599642,"comment_status":"","ping_status":"","sticky":false,"template":"","format":"standard","meta":{"footnotes":""},"categories":[268],"tags":[2296,210,168,25,112869,24,16789,4649,557,6077,280,282,1239,3883,112868,281,23,167],"class_list":["post-599641","post","type-post","status-publish","format-standard","has-post-thumbnail","category-futbol","tag-barca","tag-barcelona","tag-deportes","tag-es","tag-escot","tag-espana","tag-espanyol","tag-femenino","tag-fichaje","tag-filial","tag-football","tag-futbol","tag-mercado","tag-natalia","tag-natalia-escot","tag-soccer","tag-spain","tag-sports"],"share_on_mastodon":{"url":"https:\/\/pubeurope.com\/@es\/116729140479439131","error":""},"_links":{"self":[{"href":"https:\/\/www.europesays.com\/es\/wp-json\/wp\/v2\/posts\/599641","targetHints":{"allow":["GET"]}}],"collection":[{"href":"https:\/\/www.europesays.com\/es\/wp-json\/wp\/v2\/posts"}],"about":[{"href":"https:\/\/www.europesays.com\/es\/wp-json\/wp\/v2\/types\/post"}],"author":[{"embeddable":true,"href":"https:\/\/www.europesays.com\/es\/wp-json\/wp\/v2\/users\/2"}],"replies":[{"embeddable":true,"href":"https:\/\/www.europesays.com\/es\/wp-json\/wp\/v2\/comments?post=599641"}],"version-history":[{"count":0,"href":"https:\/\/www.europesays.com\/es\/wp-json\/wp\/v2\/posts\/599641\/revisions"}],"wp:featuredmedia":[{"embeddable":true,"href":"https:\/\/www.europesays.com\/es\/wp-json\/wp\/v2\/media\/599642"}],"wp:attachment":[{"href":"https:\/\/www.europesays.com\/es\/wp-json\/wp\/v2\/media?parent=599641"}],"wp:term":[{"taxonomy":"category","embeddable":true,"href":"https:\/\/www.europesays.com\/es\/wp-json\/wp\/v2\/categories?post=599641"},{"taxonomy":"post_tag","embeddable":true,"href":"https:\/\/www.europesays.com\/es\/wp-json\/wp\/v2\/tags?post=599641"}],"curies":[{"name":"wp","href":"https:\/\/api.w.org\/{rel}","templated":true}]}}