{"id":59966,"date":"2025-08-20T10:31:09","date_gmt":"2025-08-20T10:31:09","guid":{"rendered":"https:\/\/www.europesays.com\/es\/59966\/"},"modified":"2025-08-20T10:31:09","modified_gmt":"2025-08-20T10:31:09","slug":"el-incendio-de-un-autobus-con-migrantes-deportados-de-iran-causa-al-menos-76-muertos-en-afganistan","status":"publish","type":"post","link":"https:\/\/www.europesays.com\/es\/59966\/","title":{"rendered":"El incendio de un autob\u00fas con migrantes deportados de Ir\u00e1n causa al menos 76 muertos en Afganist\u00e1n"},"content":{"rendered":"<p class=\"article-text\">\n        Al menos 76 personas, en su mayor\u00eda migrantes afganos recientemente deportados de Ir\u00e1n, han fallecido en la noche del martes en el oeste de <a href=\"https:\/\/www.eldiario.es\/desalambre\/sahar-halaimzai-activista-busca-llevar-talibanes-justicia-apartheid-genero-afganistan_128_12530179.html\" target=\"_blank\" data-mrf-recirculation=\"links-noticia\" class=\"link\" rel=\"nofollow noopener\">Afganist\u00e1n <\/a>cuando el autob\u00fas en el que viajaban se incendi\u00f3 tras una colisi\u00f3n m\u00faltiple, en lo que ya se considera \u201cuno de los accidentes de tr\u00e1fico m\u00e1s mort\u00edferos de los \u00faltimos a\u00f1os en el pa\u00eds\u201d.\n    <\/p>\n<p>    <a href=\"https:\/\/www.eldiario.es\/internacional\/theguardian\/peligro-filtracion-gobierno-britanico-datos-caigan-manos-talibanes-provocaran-detencion-tortura-muerte_1_12471943.html\" data-mrf-recirculation=\"saber-mas\" data-dl-event=\"saber-mas\" rel=\"nofollow noopener\" target=\"_blank\"><\/p>\n<p class=\"know-more__title\">En peligro por una filtraci\u00f3n del Gobierno brit\u00e1nico: \u00abCuando esos datos caigan en manos de los talibanes, provocar\u00e1n mi detenci\u00f3n, tortura y muerte\u00bb<\/p>\n<p>            <img decoding=\"async\" class=\"lazy\" loading=\"lazy\" data-src=\"https:\/\/static.eldiario.es\/clip\/2c4845e4-7171-4660-84ce-05a7b6410911_16-9-aspect-ratio_default_0_x1348y248.jpg\" src=\"data:image\/svg+xml,%3Csvg xmlns=\" http:=\"\" viewbox=\"0 0 880 495\" alt=\"En peligro por una filtraci\u00f3n del Gobierno brit\u00e1nico: &quot;Cuando esos datos caigan en manos de los talibanes, provocar\u00e1n mi detenci\u00f3n, tortura y muerte&quot;\"\/><\/p>\n<p>                        <\/a><\/p>\n<p class=\"article-text\">\n        El portavoz del gobierno de la provincia de Herat, Mufti Mohammad Yousuf Saeedi, ha informado a EFE de que el autob\u00fas, que viajaba desde el puesto fronterizo de Islam Qala hacia Kabul, colision\u00f3 con un cami\u00f3n de carga y una motocicleta en la carretera de circunvalaci\u00f3n de Herat y se incendi\u00f3 tras el impacto. \u201cAdultos, mujeres, ni\u00f1os, el conductor del autob\u00fas, el motorista y el conductor del Mazda se encuentran entre las v\u00edctimas\u201d, ha detallado el portavoz.\n    <\/p>\n<p class=\"article-text\">\n        Los pasajeros del autob\u00fas formaban parte de la masiva oleada de afganos que est\u00e1n siendo deportados o forzados a abandonar los pa\u00edses vecinos, principalmente Ir\u00e1n y Pakist\u00e1n.\n    <\/p>\n<p class=\"article-text\">\n        Muchos de los que ahora son forzados a volver son parte de los cientos de miles que huyeron de Afganist\u00e1n en agosto de 2021 por temor al <a href=\"https:\/\/www.eldiario.es\/internacional\/talibanes-han-formado-gobierno-controlado-exclusivamente-nucleo-duro_129_8281102.html\" target=\"_blank\" data-mrf-recirculation=\"links-noticia\" class=\"link\" rel=\"nofollow noopener\">regreso de los talibanes al poder<\/a>, y ahora se enfrentan a un retorno a un pa\u00eds sumido en una profunda crisis, con m\u00e1s de la mitad de su poblaci\u00f3n necesitada de ayuda, seg\u00fan la ONU.\n    <\/p>\n<p class=\"article-text\">\n        El siniestro ha ocurrido un d\u00eda despu\u00e9s de que el ministro de Interior de Ir\u00e1n, Eskandar Momeni, anunciara que otros 800.000 afganos tendr\u00edan que abandonar el pa\u00eds antes del pr\u00f3ximo mes de marzo.\n    <\/p>\n<p class=\"article-text\">\n        La administraci\u00f3n local de Herat ha expresado sus condolencias a las familias de las v\u00edctimas y asegur\u00f3 que \u201clos equipos de rescate y el personal m\u00e9dico llegaron inmediatamente al lugar del accidente y trasladaron a los heridos a los hospitales de Herat\u201d.\n    <\/p>\n<p>    <a href=\"https:\/\/www.eldiario.es\/desalambre\/sahar-halaimzai-activista-busca-llevar-talibanes-justicia-apartheid-genero-afganistan_128_12530179.html\" data-mrf-recirculation=\"saber-mas-abajo\" data-dl-event=\"saber-mas-abajo\" rel=\"nofollow noopener\" target=\"_blank\"><\/p>\n<p class=\"know-more__title\">Sahar Halaimzai, la activista que busca llevar a los talibanes a la justicia por apartheid de g\u00e9nero en Afganist\u00e1n\n<\/p>\n<p>            <img decoding=\"async\" class=\"lazy\" loading=\"lazy\" data-src=\"https:\/\/static.eldiario.es\/clip\/498d3272-3972-4184-ad07-9e8c77e0dc12_16-9-aspect-ratio_default_0_x536y100.jpg\" src=\"data:image\/svg+xml,%3Csvg xmlns=\" http:=\"\" viewbox=\"0 0 880 495\" alt=\"Sahar Halaimzai, la activista que busca llevar a los talibanes a la justicia por apartheid de g\u00e9nero en Afganist\u00e1n\"\/><\/p>\n<p>                        <\/a><\/p>\n<p class=\"article-text\">\n        Los accidentes de tr\u00e1fico son habituales en Afganist\u00e1n, en gran parte debido al mal estado de las carreteras tras d\u00e9cadas de guerra, la conducci\u00f3n peligrosa en las autopistas y la falta de regulaci\u00f3n, seg\u00fan recoge EFE. El pasado mes de julio, otro accidente en la misma autov\u00eda ya hab\u00eda dejado 11 muertos.\n    <\/p>\n","protected":false},"excerpt":{"rendered":"Al menos 76 personas, en su mayor\u00eda migrantes afganos recientemente deportados de Ir\u00e1n, han fallecido en la noche&hellip;\n","protected":false},"author":2,"featured_media":59967,"comment_status":"","ping_status":"","sticky":false,"template":"","format":"standard","meta":{"footnotes":""},"categories":[42],"tags":[25186,10051,4075,17,18,11072,4530,13,14,11,48,61,62,63,64,3137,19,20,890,5161,9,10,15,16,12,21,22,65,66,67],"class_list":{"0":"post-59966","1":"post","2":"type-post","3":"status-publish","4":"format-standard","5":"has-post-thumbnail","7":"category-internacional","8":"tag-25186","9":"tag-afganistan","10":"tag-autobus","11":"tag-breaking-news","12":"tag-breakingnews","13":"tag-causa","14":"tag-deportados","15":"tag-featured-news","16":"tag-featurednews","17":"tag-headlines","18":"tag-incendio","19":"tag-internacional","20":"tag-international","21":"tag-international-news","22":"tag-internationalnews","23":"tag-iran","24":"tag-latest-news","25":"tag-latestnews","26":"tag-migrantes","27":"tag-muertos","28":"tag-news","29":"tag-noticias","30":"tag-noticias-destacadas","31":"tag-noticiasdestacadas","32":"tag-titulares","33":"tag-ultimas-noticias","34":"tag-ultimasnoticias","35":"tag-world","36":"tag-world-news","37":"tag-worldnews"},"share_on_mastodon":{"url":"","error":""},"_links":{"self":[{"href":"https:\/\/www.europesays.com\/es\/wp-json\/wp\/v2\/posts\/59966","targetHints":{"allow":["GET"]}}],"collection":[{"href":"https:\/\/www.europesays.com\/es\/wp-json\/wp\/v2\/posts"}],"about":[{"href":"https:\/\/www.europesays.com\/es\/wp-json\/wp\/v2\/types\/post"}],"author":[{"embeddable":true,"href":"https:\/\/www.europesays.com\/es\/wp-json\/wp\/v2\/users\/2"}],"replies":[{"embeddable":true,"href":"https:\/\/www.europesays.com\/es\/wp-json\/wp\/v2\/comments?post=59966"}],"version-history":[{"count":0,"href":"https:\/\/www.europesays.com\/es\/wp-json\/wp\/v2\/posts\/59966\/revisions"}],"wp:featuredmedia":[{"embeddable":true,"href":"https:\/\/www.europesays.com\/es\/wp-json\/wp\/v2\/media\/59967"}],"wp:attachment":[{"href":"https:\/\/www.europesays.com\/es\/wp-json\/wp\/v2\/media?parent=59966"}],"wp:term":[{"taxonomy":"category","embeddable":true,"href":"https:\/\/www.europesays.com\/es\/wp-json\/wp\/v2\/categories?post=59966"},{"taxonomy":"post_tag","embeddable":true,"href":"https:\/\/www.europesays.com\/es\/wp-json\/wp\/v2\/tags?post=59966"}],"curies":[{"name":"wp","href":"https:\/\/api.w.org\/{rel}","templated":true}]}}