{"id":599682,"date":"2026-06-11T03:11:35","date_gmt":"2026-06-11T03:11:35","guid":{"rendered":"https:\/\/www.europesays.com\/es\/599682\/"},"modified":"2026-06-11T03:11:35","modified_gmt":"2026-06-11T03:11:35","slug":"salvador-sostres-barcelona-elige-bien","status":"publish","type":"post","link":"https:\/\/www.europesays.com\/es\/599682\/","title":{"rendered":"Salvador Sostres: Barcelona elige bien"},"content":{"rendered":"<p style=\"\">El j\u00fabilo en las calles de Barcelona por la <a href=\"https:\/\/www.abc.es\/sociedad\/discursos-integros-papa-leon-xiv-visita-espana-20260609130704-nt.html\" data-voc-vtm-id=\"in-text-traffic\" title=\"visita del Santo Padre \" rel=\"nofollow noopener\" target=\"_blank\">visita del Santo Padre <\/a>choc\u00f3 con la manifestaci\u00f3n de profesores de la escuela p\u00fablica. Si la alegr\u00eda, el aseo y la entrega generosa eran las caracter\u00edsticas de los primeros; la amargura, los gritos groseros y las  &#8230; malas pintas -las mismas con que luego dicen educar a nuestros hijos- ensombrec\u00edan las calles que cortaban los segundos. El mensaje de armon\u00eda y esperanza de <strong>Le\u00f3n XVI, <\/strong>llam\u00e1ndonos a ser valientes y comprensivos, contrastaba con el sindicato m\u00e1s mezquino de Espa\u00f1a, que es la USTEC (Uni\u00f3n Sindical de Trabajadores de la Ense\u00f1anza en Catalu\u00f1a) y que es el coraz\u00f3n del fracaso de la educaci\u00f3n en Catalu\u00f1a.<\/p>\n<p class=\"v-d-p\" style=\"\">Pocas veces una misma ciudad, y a tan pocas calles de distancia, ofrece <a href=\"https:\/\/www.abc.es\/espana\/madrid\/cara-cruz-comercios-ante-visita-papa-20260609145802-nt.html\" data-voc-vtm-id=\"in-text-traffic\" title=\"dos estampas tan opuestas \" rel=\"nofollow noopener\" target=\"_blank\">dos estampas tan opuestas <\/a>y tan n\u00edtidas. Pocas veces en su historia Barcelona no se ha visto en la encrucijada entre la esperanza y la rabia, el fracaso y la celebraci\u00f3n, lo que nos da razones para creer y fuerza para vivir y lo que nos encoge el coraz\u00f3n y nos hace perder calidad y autoestima. Hasta los Juegos Ol\u00edmpicos -con algunas excepciones incendiarias- eligi\u00f3 m\u00e1s o menos bien pero luego lleg\u00f3 el desastre.<\/p>\n<ul class=\"v-cmp-rld__u\">\n<li class=\"v-cmp-rld__l\">\n<p><a class=\"v-a-lnk\" href=\"http:\/\/www.abc.es\/sociedad\/luces-largas-montserrat-20260610012414-nt.html#vtm_modulosEngag=noticiasrelacionadas-cmp-uno:sociedad:noticia:1\" title=\"Luces largas para Montserrat: mil a\u00f1os de misterios reciben al Papa\" data-voc-vtm-id=\"in-text-traffic\" rel=\"nofollow noopener\" target=\"_blank\"><br \/>\n<img decoding=\"async\" loading=\"lazy\" src=\"https:\/\/www.europesays.com\/es\/wp-content\/uploads\/2026\/06\/miq-U201431396220KXC-U07046101606mSN-366x256@diario_abc.jpg\" class=\"v-a-img\" width=\"258\" height=\"180\" alt=\"Luces largas para Montserrat: mil a\u00f1os de misterios reciben al Papa\"\/><br \/>\n<\/a><\/p>\n<\/li>\n<\/ul>\n<p class=\"v-d-p\" style=\"\">En parte porque el sindicato USTEC y sus maestros han sembrado de <strong>ignorancia y odio <\/strong>la vida p\u00fablica catalana. Ni\u00f1os que a pesar de pasar de curso crecen como analfabetos, sin conocimientos s\u00f3lidos, con el cerebro triturado de propaganda y con unos profesores como espejo que son todas las formas de la degradaci\u00f3n, de la frustraci\u00f3n y de lo equivocado. Ah\u00ed estaban ayer, con sus gre\u00f1as, sus camisetas, sus tatuajes, sus silbatos, fumando la mayor\u00eda y algunos no s\u00f3lo tabaco. Nadie en su sano juicio pod\u00eda pensar en ellos como el ideal para sus hijos. Unas calles m\u00e1s arriba, el Papa al que los maestros han expulsado de las aulas, proyectaba la luz de Dios a su paso. Todo lo que nos ha servido y todo lo que nos ha perjudicado.<\/p>\n<p class=\"v-d-p\" style=\"\">Barcelona est\u00e1 puesta desde el martes, con la llegada del Santo Padre, una vez ante sus dos grandes caminos, y a muy pocos metros de distancia. El del odio y la cochambre, que nos ha llevado a ser una banda de necios y de ignorantes, y a no poca violencia y decadencia en los \u00faltimos a\u00f1os. Esta vez ha elegido bien, y esto es noticia, aunque s\u00f3lo sea porque hace demasiado tiempo que no pasaba, a pesar de que permanecen las sombras del desastre.<\/p>\n","protected":false},"excerpt":{"rendered":"El j\u00fabilo en las calles de Barcelona por la visita del Santo Padre choc\u00f3 con la manifestaci\u00f3n de&hellip;\n","protected":false},"author":2,"featured_media":599683,"comment_status":"","ping_status":"","sticky":false,"template":"","format":"standard","meta":{"footnotes":""},"categories":[5],"tags":[210,14649,17,18,8194,25,24,13,14,11,19,20,9,10,15,16,23,12,21,22],"class_list":["post-599682","post","type-post","status-publish","format-standard","has-post-thumbnail","category-titulares","tag-barcelona","tag-bien","tag-breaking-news","tag-breakingnews","tag-elige","tag-es","tag-espana","tag-featured-news","tag-featurednews","tag-headlines","tag-latest-news","tag-latestnews","tag-news","tag-noticias","tag-noticias-destacadas","tag-noticiasdestacadas","tag-spain","tag-titulares","tag-ultimas-noticias","tag-ultimasnoticias"],"share_on_mastodon":{"url":"https:\/\/pubeurope.com\/@es\/116729288779961891","error":""},"_links":{"self":[{"href":"https:\/\/www.europesays.com\/es\/wp-json\/wp\/v2\/posts\/599682","targetHints":{"allow":["GET"]}}],"collection":[{"href":"https:\/\/www.europesays.com\/es\/wp-json\/wp\/v2\/posts"}],"about":[{"href":"https:\/\/www.europesays.com\/es\/wp-json\/wp\/v2\/types\/post"}],"author":[{"embeddable":true,"href":"https:\/\/www.europesays.com\/es\/wp-json\/wp\/v2\/users\/2"}],"replies":[{"embeddable":true,"href":"https:\/\/www.europesays.com\/es\/wp-json\/wp\/v2\/comments?post=599682"}],"version-history":[{"count":0,"href":"https:\/\/www.europesays.com\/es\/wp-json\/wp\/v2\/posts\/599682\/revisions"}],"wp:featuredmedia":[{"embeddable":true,"href":"https:\/\/www.europesays.com\/es\/wp-json\/wp\/v2\/media\/599683"}],"wp:attachment":[{"href":"https:\/\/www.europesays.com\/es\/wp-json\/wp\/v2\/media?parent=599682"}],"wp:term":[{"taxonomy":"category","embeddable":true,"href":"https:\/\/www.europesays.com\/es\/wp-json\/wp\/v2\/categories?post=599682"},{"taxonomy":"post_tag","embeddable":true,"href":"https:\/\/www.europesays.com\/es\/wp-json\/wp\/v2\/tags?post=599682"}],"curies":[{"name":"wp","href":"https:\/\/api.w.org\/{rel}","templated":true}]}}