{"id":599707,"date":"2026-06-11T03:44:23","date_gmt":"2026-06-11T03:44:23","guid":{"rendered":"https:\/\/www.europesays.com\/es\/599707\/"},"modified":"2026-06-11T03:44:23","modified_gmt":"2026-06-11T03:44:23","slug":"ibai-sabe-cosas-el-tecnico-del-real-zaragoza-quiere-ver-de-cerca-a-canteranos-a-los-que-conoce-bien","status":"publish","type":"post","link":"https:\/\/www.europesays.com\/es\/599707\/","title":{"rendered":"Ibai sabe cosas: el t\u00e9cnico del Real Zaragoza quiere ver de cerca a canteranos a los que conoce bien"},"content":{"rendered":"<p class=\"ft-text ft-helper-closenews\">Conoce bien Ibai G\u00f3mez a la plantilla (o lo que queda de ella) del <a class=\"ft-link ft-link--decoration\" href=\"https:\/\/www.elperiodicodearagon.com\/tags\/real-zaragoza\/\" target=\"_blank\" rel=\"nofollow noopener\">Real Zaragoza<\/a>. Lleva tiempo el t\u00e9cnico vasco estudiando a conciencia a unos futbolistas a los que, en alg\u00fan caso, tiene bien identificados. Por ejemplo, a los canteranos, con los que se ha cruzado en varias ocasiones antes de coincidir ahora en el Zaragoza, tanto en su etapa como entrenador del Arenas como el curso pasado a los mandos del Andorra.<\/p>\n<p class=\"ft-text\">Fue hace dos campa\u00f1as, en la 24-25, cuando Ibai fue el elegido por el Arenas de Getxo para dirigir al equipo en el grupo segundo de Segunda RFEF, en el que coincidi\u00f3 con el Deportivo Arag\u00f3n. G\u00f3mez, cuya carrera en los banquillos apenas hab\u00eda comenzado despu\u00e9s de pasar por el Santutxu, de Divisi\u00f3n de Honor juvenil (club en el que se form\u00f3 y del que su padre es presidente), y la selecci\u00f3n de Rep\u00fablica Dominicana, que lo reclut\u00f3 como t\u00e9cnico para disputar los Juegos Ol\u00edmpicos de Par\u00eds 2024,<strong> lo bord\u00f3 en uno de los hist\u00f3ricos del f\u00fatbol espa\u00f1ol para llevarlo a Primera RFEF tras una espectacular temporada.<\/strong><\/p>\n<p class=\"ft-text\">Logr\u00f3 21 victorias el conjunto vizca\u00edno en las 34 jornadas disputadas y dos de ellas fueron frente al Deportivo Arag\u00f3n, en el que entonces militaban varios de los futbolistas con los que se encontrar\u00e1 en pretemporada. Son los casos de <strong>Barrachina, Terrer, Pinilla o Cuenca,<\/strong> todos ellos titulares en el duelo que se disput\u00f3 en la Ciudad Deportiva y que concluy\u00f3 con derrota del filial por 2-4. En el jugado en tierras vascas, el Arenas tambi\u00e9n se impuso con suficiencia por un solvente 2-0. Entonces, <strong>solo repiti\u00f3 Terrer <\/strong>respecto al once inicial de la primera vuelta aunque en la formaci\u00f3n blanquilla apareci\u00f3 <strong>Hugo Carrillo<\/strong>. El portero suplente, por cierto, fue <strong>Manolache<\/strong>, el meta juvenil llamado a ser el tercer cancerbero del primer equipo la pr\u00f3xima temporada. El curso pasado, con el Andorra, el Zaragoza form\u00f3 con tres canteranos (Juan Sebasti\u00e1n, Francho y Pau Sans) en el once, y Saidu sali\u00f3 en la segunda parte.<\/p>\n<p class=\"ft-text\">En ambos enfrentamientos ante el Arag\u00f3n,<strong> Ibai caus\u00f3 una buena impresi\u00f3n entre los zaragocistas. <\/strong>De car\u00e1cter afable, la acertada direcci\u00f3n del preparador vasco no pas\u00f3 desapercibida para varios integrantes de la expedici\u00f3n blanquilla.<\/p>\n<p class=\"ft-text\">As\u00ed que Ibai conoce bien el terreno que pisa. Por eso, <strong>no quiere decisiones precipitadas respecto a esos canteranos a los que tanto ha estudiado y analizado.<\/strong> En ese escenario se enmarca su petici\u00f3n de no acelerar salidas y esperar. Sobre todo, en lo que a los centrales se refiere. <strong>Carrillo y Barrachina <\/strong>forman parte, de momento, de la plantilla hasta el punto de que tienen numerosas opciones de realizar la pretemporada para que Ibai cumpla su deseo de observar de cerca sus prestaciones antes de decidir. <\/p>\n<p data-close=\"closedContent\" class=\"subscribeHideForDisplay\">Suscr\u00edbete para seguir leyendo<\/p>\n","protected":false},"excerpt":{"rendered":"Conoce bien Ibai G\u00f3mez a la plantilla (o lo que queda de ella) del Real Zaragoza. Lleva tiempo&hellip;\n","protected":false},"author":2,"featured_media":599708,"comment_status":"","ping_status":"","sticky":false,"template":"","format":"standard","meta":{"footnotes":""},"categories":[268],"tags":[4499,19922,168,25,24,280,282,3659,798,799,281,23,167,4059,491],"class_list":["post-599707","post","type-post","status-publish","format-standard","has-post-thumbnail","category-futbol","tag-aragon","tag-cosas","tag-deportes","tag-es","tag-espana","tag-football","tag-futbol","tag-ibai","tag-real","tag-real-zaragoza","tag-soccer","tag-spain","tag-sports","tag-tecnico","tag-zaragoza"],"share_on_mastodon":{"url":"https:\/\/pubeurope.com\/@es\/116729417985437854","error":""},"_links":{"self":[{"href":"https:\/\/www.europesays.com\/es\/wp-json\/wp\/v2\/posts\/599707","targetHints":{"allow":["GET"]}}],"collection":[{"href":"https:\/\/www.europesays.com\/es\/wp-json\/wp\/v2\/posts"}],"about":[{"href":"https:\/\/www.europesays.com\/es\/wp-json\/wp\/v2\/types\/post"}],"author":[{"embeddable":true,"href":"https:\/\/www.europesays.com\/es\/wp-json\/wp\/v2\/users\/2"}],"replies":[{"embeddable":true,"href":"https:\/\/www.europesays.com\/es\/wp-json\/wp\/v2\/comments?post=599707"}],"version-history":[{"count":0,"href":"https:\/\/www.europesays.com\/es\/wp-json\/wp\/v2\/posts\/599707\/revisions"}],"wp:featuredmedia":[{"embeddable":true,"href":"https:\/\/www.europesays.com\/es\/wp-json\/wp\/v2\/media\/599708"}],"wp:attachment":[{"href":"https:\/\/www.europesays.com\/es\/wp-json\/wp\/v2\/media?parent=599707"}],"wp:term":[{"taxonomy":"category","embeddable":true,"href":"https:\/\/www.europesays.com\/es\/wp-json\/wp\/v2\/categories?post=599707"},{"taxonomy":"post_tag","embeddable":true,"href":"https:\/\/www.europesays.com\/es\/wp-json\/wp\/v2\/tags?post=599707"}],"curies":[{"name":"wp","href":"https:\/\/api.w.org\/{rel}","templated":true}]}}