{"id":599812,"date":"2026-06-11T05:19:14","date_gmt":"2026-06-11T05:19:14","guid":{"rendered":"https:\/\/www.europesays.com\/es\/599812\/"},"modified":"2026-06-11T05:19:14","modified_gmt":"2026-06-11T05:19:14","slug":"el-local-de-las-amas-de-casa-de-la-palma-en-cartagena-ya-luce-su-mural-de-perez-casanova","status":"publish","type":"post","link":"https:\/\/www.europesays.com\/es\/599812\/","title":{"rendered":"El local de las Amas de Casa de La Palma en Cartagena ya luce su mural de P\u00e9rez Casanova"},"content":{"rendered":"<p class=\"ft-text\">El local de las amas de casa de La Palma cuenta desde este 9 de junio con una obra pict\u00f3rica elaborada por Pedro Diego P\u00e9rez Casanova en una pared de tres metros de ancho y cinco de alto, junto a la que est\u00e1 el acceso a la sede de la asociaci\u00f3n.<\/p>\n<p class=\"ft-text\">El acto, adem\u00e1s de numerosos vecinos y de la presidenta de las amas de casa, Maricarmen Mart\u00ednez Mero\u00f1o, ha contado con la presencia de los concejales \u00c1lvaro Vald\u00e9s del PP y To\u00f1i P\u00e9rez y Enrique P\u00e9rez Abell\u00e1n de MC; del presidente de la Junta Municipal, Antonio P\u00e9rez; de su hom\u00f3nimo de la Asociaci\u00f3n de Vecinos, Domingo Ingl\u00e9s; y del p\u00e1rroco de la localidad, Daniel D\u00edaz, que ha llevado a cabo la bendici\u00f3n de la obra en el tramo final del acto.<\/p>\n<p class=\"ft-text\">El artista palmesano, en su alocuci\u00f3n, agradeci\u00f3 la invitaci\u00f3n que le efectu\u00f3 la presidenta de las amas de casa cuando le requiri\u00f3 para ejecutar este proyecto, as\u00ed como a la asociaci\u00f3n de vecinos, que promovi\u00f3 la idea, y al ayuntamiento, por su apoyo econ\u00f3mico para que fuese posible desde este 9 de junio contemplare a una mujer con gesto amable, que llama e invita a entrar en el local.\u00a0<\/p>\n<p class=\"ft-text\">Alrededor de ella, P\u00e9rez Casanova ha plasmado a mujeres en los distintos talleres y activiades que tienen cita en dicha asociacion, como talleres de pintura, lectura y escritura, pilates, concurso de cocina y teatro. Dos mariposas se insertan tambi\u00e9n en la composici\u00f3n como met\u00e1fora de libertad, de ese ser preciado que aporta tranquilidad, embellece, agrada y vuela libre. El estilo es una suerte de realismo y fantas\u00eda, en algunas zonas bien definido y en otras, m\u00e1s sugerido, que mostrado, evanescente, con cierta atm\u00f3sfera, con un punto on\u00edrico y un cromatismo con dominante de rojos y tonos c\u00e1lidos, que ponen una nota vibrante y colorida.<\/p>\n<p class=\"ft-text\">La inauguraci\u00f3n fue enriquecida y animada por un grupo de batucada, que supo contagiar su ritmo y deleitar a los asistentes. Est\u00e1 dirigido por Abraham de Mar\u00eda P\u00e9rez, quien ha impartido un taller durante en los fines de semana en el pueblo. El grupo ha tenido su estreno, pues ha sido su primera actuaci\u00f3n p\u00fablica, prometiendo continuidad, adem\u00e1s de consolidarse como otra asociacion cultural del palmesano pueblo. Posteriormente se sirvi\u00f3 un aperitivo en dicho local.<\/p>\n","protected":false},"excerpt":{"rendered":"El local de las amas de casa de La Palma cuenta desde este 9 de junio con una&hellip;\n","protected":false},"author":2,"featured_media":599813,"comment_status":"","ping_status":"","sticky":false,"template":"","format":"standard","meta":{"footnotes":""},"categories":[173],"tags":[93474,229,233,231,230,112896,4995,385,232,234,146,147,25,24,12728,2552,2553,23,7830],"class_list":["post-599812","post","type-post","status-publish","format-standard","has-post-thumbnail","category-arte-y-diseno","tag-amas","tag-arte","tag-arte-y-diseno","tag-arts","tag-arts-and-design","tag-asociacion-de-vecinos","tag-cartagena","tag-casa","tag-design","tag-diseno","tag-entertainment","tag-entretenimiento","tag-es","tag-espana","tag-la-palma","tag-local","tag-palma","tag-spain","tag-talleres"],"share_on_mastodon":{"url":"https:\/\/pubeurope.com\/@es\/116729791425589274","error":""},"_links":{"self":[{"href":"https:\/\/www.europesays.com\/es\/wp-json\/wp\/v2\/posts\/599812","targetHints":{"allow":["GET"]}}],"collection":[{"href":"https:\/\/www.europesays.com\/es\/wp-json\/wp\/v2\/posts"}],"about":[{"href":"https:\/\/www.europesays.com\/es\/wp-json\/wp\/v2\/types\/post"}],"author":[{"embeddable":true,"href":"https:\/\/www.europesays.com\/es\/wp-json\/wp\/v2\/users\/2"}],"replies":[{"embeddable":true,"href":"https:\/\/www.europesays.com\/es\/wp-json\/wp\/v2\/comments?post=599812"}],"version-history":[{"count":0,"href":"https:\/\/www.europesays.com\/es\/wp-json\/wp\/v2\/posts\/599812\/revisions"}],"wp:featuredmedia":[{"embeddable":true,"href":"https:\/\/www.europesays.com\/es\/wp-json\/wp\/v2\/media\/599813"}],"wp:attachment":[{"href":"https:\/\/www.europesays.com\/es\/wp-json\/wp\/v2\/media?parent=599812"}],"wp:term":[{"taxonomy":"category","embeddable":true,"href":"https:\/\/www.europesays.com\/es\/wp-json\/wp\/v2\/categories?post=599812"},{"taxonomy":"post_tag","embeddable":true,"href":"https:\/\/www.europesays.com\/es\/wp-json\/wp\/v2\/tags?post=599812"}],"curies":[{"name":"wp","href":"https:\/\/api.w.org\/{rel}","templated":true}]}}