{"id":599835,"date":"2026-06-11T05:41:31","date_gmt":"2026-06-11T05:41:31","guid":{"rendered":"https:\/\/www.europesays.com\/es\/599835\/"},"modified":"2026-06-11T05:41:31","modified_gmt":"2026-06-11T05:41:31","slug":"sandra-ferriz-influencer-se-libera-de-complejos-y-muestra-su-lipedema-despues-de-ser-mama-todo-se-acentuo","status":"publish","type":"post","link":"https:\/\/www.europesays.com\/es\/599835\/","title":{"rendered":"Sandra F\u00e9rriz, &#8216;influencer&#8217;, se libera de complejos y muestra su lipedema: \u00abDespu\u00e9s de ser mam\u00e1 todo se acentu\u00f3\u00bb"},"content":{"rendered":"<p class=\"c-paragraph\"><b>Sandra F\u00e9rriz<\/b> ha dado un paso al frente y ha hablado sin tapujos de uno de sus mayores complejos. En un ejercicio de transparencia con su comunidad, la influencer\u00a0mostr\u00f3 orgullosa esta semana su proceso de recuperaci\u00f3n postparto, deteni\u00e9ndose en una enfermedad que le habr\u00eda acompa\u00f1ado desde hace a\u00f1os: el <b>lipedema.\u00a0<\/b><\/p>\n<p class=\"c-paragraph\">As\u00ed, lejos de intentar \u00abesconder\u00bb esta enfermedad cr\u00f3nica\u2014que afecta al tejido adiposo y provoca una acumulaci\u00f3n anormal y desproporcionada de grasa en determinadas zonas del cuerpo\u2014 como hac\u00eda en el pasado, la\u00a0\u00a0exparticipante de\u00a0<a href=\"https:\/\/www.20minutos.es\/tags\/temas\/la-isla-de-las-tentaciones.html\" title=\"La isla de las tentaciones\" rel=\"nofollow noopener\" target=\"_blank\">La isla de las tentaciones 4<\/a>\u00a0se anim\u00f3 a exhibirla con naturalidad<b> luciendo un vestido corto, <\/b>una prenda que, seg\u00fan ella, sol\u00eda evitar ponerse incluso durante los meses de verano.<\/p>\n<p class=\"c-paragraph\"><b>\u00abSiempre he odiado mis piernas.<\/b> Aparecen moratones de la nada, se me hinchan los tobillos con facilidad, hay muchos zapatos que no puedo llevar\u00bb, empez\u00f3 diciendo F\u00e9rriz, se\u00f1alando su tendencia a elegir prendas m\u00e1s anchas o aquellas que le taparan esta parte del cuerpo. \u00abIncluso en invierno, cuando parece m\u00e1s f\u00e1cil disimular\u00bb, confesaba ella, <b>\u00abhay momentos en los que ni siquiera puedo ponerme botas\u00bb.<\/b><\/p>\n<p class=\"c-paragraph\">En su v\u00eddeo, F\u00e9rriz reflexiona sobre su proceso de aceptaci\u00f3n del lipedema, el cual, si bien \u00abforma parte\u00bb de ella, ya no controla su manera de vestir. A lo largo de este particular viaje introspectivo, que tampoco fue precisamente un camino de rosa, dar la bienvenida a su segundo hija en com\u00fan con Dar\u00edo Sell\u00e9s marc\u00f3 un antes y un despu\u00e9s en su vida, llev\u00e1ndole de la \u00ablucha\u00bb a la aceptaci\u00f3n.<\/p>\n<p class=\"c-paragraph\">\u00abDespu\u00e9s de ser mam\u00e1, todo se acentu\u00f3<b>. Mi cuerpo cambi\u00f3, pero tambi\u00e9n lo hizo mi manera de mirarme.<\/b> Hubo momentos en los que pens\u00e9 en operarme, en buscar una soluci\u00f3n r\u00e1pida a algo que pesa f\u00edsica y emocionalmente. Y no digo que no lo haga alg\u00fan d\u00eda. Pero mientras tanto, he aprendido algo importante: a convivir conmigo\u00bb, destac\u00f3.<\/p>\n<p class=\"c-paragraph\">Como prueba de sus avances y de ese intento de \u00abescuchar a su cuerpo sin rechazarlo\u00bb, la influencer puso en valor su valent\u00eda a la hora de ponerse un vestido corto que mostrara sus piernas y que, seg\u00fan recalc\u00f3, hace unos a\u00f1os \u00abjam\u00e1s\u00bb se habr\u00eda atrevido a llevar. <b>\u00abNo porque mi cuerpo sea &#8216;perfecto&#8217;, sino porque mi mirada hacia \u00e9l ha cambiado\u00bb,<\/b> sentenci\u00f3.<\/p>\n<p>\u00abJam\u00e1s me inventar\u00eda algo as\u00ed\u00bb<\/p>\n<p class=\"c-paragraph\">Aunque su publicaci\u00f3n recibi\u00f3 multitud de reacciones positivas de sus seguidores, en las que se elogiaba su decisi\u00f3n de visibilizar una realidad tan dolorosa e invisible para muchas personas, tampoco tardaron en llegar los primeros comentarios negativos, que <b>cuestionaban su testimonio <\/b>asegurando que no sufrir\u00eda la enfermedad porque no se apreciaba en su v\u00eddeo.<\/p>\n<p class=\"c-paragraph\">Ante esta oleada de especulaciones sobre su lipedema, F\u00e9rriz decidi\u00f3 responder directamente a trav\u00e9s de historias de Instagram, mostrando una fotograf\u00eda<b> \u00abcon luz de la playa\u00bb <\/b>en la que \u00abclaramente se ve\u00bb los efectos de su enfermedad.<\/p>\n<p class=\"c-paragraph\">\u00abSinceramente, me da igual lo que me digan\u00a0<b>pero jam\u00e1s me inventar\u00eda algo as\u00ed\u00bb, <\/b>afirm\u00f3 ella. \u00abEs m\u00e1s, he hablado muchas veces del tema en stories y es un tema que me ha creado complejo muchos a\u00f1os y<b> hasta he editado fotos para que no se me note,<\/b> porque cuando tienes un complejo obviamente lo escondes lo m\u00e1s que puedas\u00bb, agreg\u00f3.\u00a0<\/p>\n","protected":false},"excerpt":{"rendered":"Sandra F\u00e9rriz ha dado un paso al frente y ha hablado sin tapujos de uno de sus mayores&hellip;\n","protected":false},"author":2,"featured_media":599836,"comment_status":"","ping_status":"","sticky":false,"template":"","format":"standard","meta":{"footnotes":""},"categories":[174],"tags":[255,146,147,25,24,256,112897,5764,63963,7279,7745,23],"class_list":["post-599835","post","type-post","status-publish","format-standard","has-post-thumbnail","category-famosos","tag-celebrities","tag-entertainment","tag-entretenimiento","tag-es","tag-espana","tag-famosos","tag-ferriz","tag-influencer","tag-libera","tag-sandra","tag-se","tag-spain"],"share_on_mastodon":{"url":"https:\/\/pubeurope.com\/@es\/116729878325652251","error":""},"_links":{"self":[{"href":"https:\/\/www.europesays.com\/es\/wp-json\/wp\/v2\/posts\/599835","targetHints":{"allow":["GET"]}}],"collection":[{"href":"https:\/\/www.europesays.com\/es\/wp-json\/wp\/v2\/posts"}],"about":[{"href":"https:\/\/www.europesays.com\/es\/wp-json\/wp\/v2\/types\/post"}],"author":[{"embeddable":true,"href":"https:\/\/www.europesays.com\/es\/wp-json\/wp\/v2\/users\/2"}],"replies":[{"embeddable":true,"href":"https:\/\/www.europesays.com\/es\/wp-json\/wp\/v2\/comments?post=599835"}],"version-history":[{"count":0,"href":"https:\/\/www.europesays.com\/es\/wp-json\/wp\/v2\/posts\/599835\/revisions"}],"wp:featuredmedia":[{"embeddable":true,"href":"https:\/\/www.europesays.com\/es\/wp-json\/wp\/v2\/media\/599836"}],"wp:attachment":[{"href":"https:\/\/www.europesays.com\/es\/wp-json\/wp\/v2\/media?parent=599835"}],"wp:term":[{"taxonomy":"category","embeddable":true,"href":"https:\/\/www.europesays.com\/es\/wp-json\/wp\/v2\/categories?post=599835"},{"taxonomy":"post_tag","embeddable":true,"href":"https:\/\/www.europesays.com\/es\/wp-json\/wp\/v2\/tags?post=599835"}],"curies":[{"name":"wp","href":"https:\/\/api.w.org\/{rel}","templated":true}]}}