{"id":59988,"date":"2025-08-20T10:51:08","date_gmt":"2025-08-20T10:51:08","guid":{"rendered":"https:\/\/www.europesays.com\/es\/59988\/"},"modified":"2025-08-20T10:51:08","modified_gmt":"2025-08-20T10:51:08","slug":"el-festival-de-eurovision-2026-se-celebrara-en-viena","status":"publish","type":"post","link":"https:\/\/www.europesays.com\/es\/59988\/","title":{"rendered":"El Festival de Eurovisi\u00f3n 2026 se celebrar\u00e1 en Viena"},"content":{"rendered":"<p>\n         Publicado<br \/>\n            20\/08\/2025 &#8211; 10:36 CEST\n            <\/p>\n<p>          <img decoding=\"async\" class=\"c-ad__placeholder__logo\" src=\"https:\/\/static.euronews.com\/website\/images\/logos\/logo-euronews-stacked-outlined-72x72-grey-9.svg\" width=\"72\" height=\"72\" alt=\"\" loading=\"lazy\"\/><br \/>\n          PUBLICIDAD<\/p>\n<p>Ya sabemos d\u00f3nde tendr\u00e1 lugar el pr\u00f3ximo festival de la canci\u00f3n, el <strong>mayor acontecimiento musical televisado en directo del mundo<\/strong>. La ciudad elegida para albergar <a href=\"https:\/\/es.euronews.com\/cultura\/2025\/08\/18\/el-festival-de-eurovision-renueva-su-imagen-para-celebrar-sus-70-anos\" rel=\"nofollow noopener\" target=\"_blank\">Eurovisi\u00f3n<\/a> 2026 ha sido <strong>Viena<\/strong>. Ser\u00e1 la tercera vez que la capital austriaca ejerza de anfitriona, tras las ediciones de 1967 y 2015. <\/p>\n<p>La cadena p\u00fablica austriaca &#8216;ORF&#8217; anunci\u00f3 la noticia. La final se celebrar\u00e1 el <strong>16 de mayo<\/strong> en el Wiener Stadthalle, el estadio cubierto m\u00e1s grande de Austria.<\/p>\n<p>\u00abTras un examen exhaustivo y bas\u00e1ndose en la valoraci\u00f3n un\u00e1nime del jurado, la &#8216;ORF&#8217; ha llegado a la conclusi\u00f3n de que la candidatura de Viena es la m\u00e1s atractiva no s\u00f3lo en t\u00e9rminos de infraestructura y log\u00edstica, sino tambi\u00e9n <strong>econ\u00f3micamente<\/strong>\u00ab, declar\u00f3 el Director General de la &#8216;ORF&#8217;, Roland Wei\u00dfmann.<\/p>\n<p>\u00abComo alcalde de Viena, estoy naturalmente encantado de que Viena haya prevalecido y vuelva a representar a Austria el a\u00f1o que viene. Estoy convencido de que pasaremos juntos un mayo maravilloso\u00bb, escribi\u00f3 en X el alcalde Michael Ludwig, que previamente hab\u00eda declarado que estaban \u00abhaciendo todo lo posible para traer el Festival de Eurovisi\u00f3n 2026 a Viena, <a href=\"https:\/\/es.euronews.com\/cultura\/2025\/05\/22\/el-austriaco-jj-ganador-de-eurovision-pide-que-se-prohiba-a-israel-participar-en-el-concur\" rel=\"nofollow noopener\" target=\"_blank\"><strong>el lugar al que JJ llama hogar<\/strong><\/a>. Nuestra ciudad est\u00e1 preparada para recibir a Europa con los brazos abiertos\u00bb.<\/p>\n<p>El \u00faltimo Festival de Eurovisi\u00f3n tuvo lugar en Basilea este Sping y fue seguido por <strong>166 millones de espectadores en 37 pa\u00edses<\/strong>. <a href=\"https:\/\/es.euronews.com\/cultura\/2025\/05\/18\/austria-gana-el-festival-de-eurovision-2025-con-la-cancion-wasted-love\" rel=\"nofollow noopener\" target=\"_blank\">Gan\u00f3 el cantante austriaco JJ<\/a> con su canci\u00f3n &#8216;Wasted Love&#8217;, un temazo con tintes oper\u00edsticos y tecnol\u00f3gicos que era uno de nuestros favoritos para ganar el concurso. JJ, cuyo verdadero nombre es Johannes Pietsch, se convirti\u00f3 en el tercer ganador austriaco de Eurovisi\u00f3n, tras Conchita Wurst en 2014 y Udo J\u00fcrgens en 1966.<\/p>\n<p>La edici\u00f3n de Eurovisi\u00f3n de este a\u00f1o se vio salpicada por la pol\u00e9mica, con activistas propalestinos protestando por <a href=\"https:\/\/es.euronews.com\/cultura\/2025\/05\/07\/mas-de-70-exconcursantes-de-eurovision-piden-la-exclusion-de-israel-del-festival\" rel=\"nofollow noopener\" target=\"_blank\"><strong>la decisi\u00f3n de Eurovisi\u00f3n de permitir a Israel<\/strong><\/a> -que qued\u00f3 segundo este a\u00f1o- participar en el concurso a pesar de la guerra en Gaza.<\/p>\n<p>Tras su victoria, <strong>JJ pidi\u00f3 que se excluyera a Israel del concurso del a\u00f1o que viene<\/strong>. Esto provoc\u00f3 encendidas reacciones en Austria, con el Partido de la Libertad (FPOE), de extrema derecha, describiendo Eurovisi\u00f3n como un \u00abespect\u00e1culo queer, izquierdista y woke\u00bb. El FPOE tambi\u00e9n critic\u00f3 a Viena por los elevados costes derivados de acoger Eurovisi\u00f3n.<\/p>\n<p><strong>La final de Eurovisi\u00f3n tendr\u00e1 lugar el 16 de mayo, tras las semifinales del 12 y 14 de mayo de 2026.<\/strong><\/p>\n","protected":false},"excerpt":{"rendered":"Publicado 20\/08\/2025 &#8211; 10:36 CEST PUBLICIDAD Ya sabemos d\u00f3nde tendr\u00e1 lugar el pr\u00f3ximo festival de la canci\u00f3n, el&hellip;\n","protected":false},"author":2,"featured_media":59989,"comment_status":"","ping_status":"","sticky":false,"template":"","format":"standard","meta":{"footnotes":""},"categories":[91],"tags":[15995,4328,146,147,25,24,24121,185,23,4965],"class_list":{"0":"post-59988","1":"post","2":"type-post","3":"status-publish","4":"format-standard","5":"has-post-thumbnail","7":"category-entretenimiento","8":"tag-austria","9":"tag-cantante","10":"tag-entertainment","11":"tag-entretenimiento","12":"tag-es","13":"tag-espana","14":"tag-eurovision","15":"tag-musica","16":"tag-spain","17":"tag-viena"},"share_on_mastodon":{"url":"","error":""},"_links":{"self":[{"href":"https:\/\/www.europesays.com\/es\/wp-json\/wp\/v2\/posts\/59988","targetHints":{"allow":["GET"]}}],"collection":[{"href":"https:\/\/www.europesays.com\/es\/wp-json\/wp\/v2\/posts"}],"about":[{"href":"https:\/\/www.europesays.com\/es\/wp-json\/wp\/v2\/types\/post"}],"author":[{"embeddable":true,"href":"https:\/\/www.europesays.com\/es\/wp-json\/wp\/v2\/users\/2"}],"replies":[{"embeddable":true,"href":"https:\/\/www.europesays.com\/es\/wp-json\/wp\/v2\/comments?post=59988"}],"version-history":[{"count":0,"href":"https:\/\/www.europesays.com\/es\/wp-json\/wp\/v2\/posts\/59988\/revisions"}],"wp:featuredmedia":[{"embeddable":true,"href":"https:\/\/www.europesays.com\/es\/wp-json\/wp\/v2\/media\/59989"}],"wp:attachment":[{"href":"https:\/\/www.europesays.com\/es\/wp-json\/wp\/v2\/media?parent=59988"}],"wp:term":[{"taxonomy":"category","embeddable":true,"href":"https:\/\/www.europesays.com\/es\/wp-json\/wp\/v2\/categories?post=59988"},{"taxonomy":"post_tag","embeddable":true,"href":"https:\/\/www.europesays.com\/es\/wp-json\/wp\/v2\/tags?post=59988"}],"curies":[{"name":"wp","href":"https:\/\/api.w.org\/{rel}","templated":true}]}}