{"id":599943,"date":"2026-06-11T07:17:17","date_gmt":"2026-06-11T07:17:17","guid":{"rendered":"https:\/\/www.europesays.com\/es\/599943\/"},"modified":"2026-06-11T07:17:17","modified_gmt":"2026-06-11T07:17:17","slug":"el-factor-brizuela-agita-los-playoffs-del-barca-de-xavi-pascual","status":"publish","type":"post","link":"https:\/\/www.europesays.com\/es\/599943\/","title":{"rendered":"El factor Brizuela agita los playoffs del Bar\u00e7a de Xavi Pascual"},"content":{"rendered":"<p class=\"ft-text\">La temporada del Bar\u00e7a est\u00e1 acabando mejor de lo que se esperaba hace apenas unas semanas. Con toda la controversia alrededor de la marcha de Xavi Pascual y los constantes nombres que se han ido conociendo como posibles refuerzos para la pr\u00f3xima temporada, parte del barcelonismo hab\u00eda dejado completamente de lado el curso actual. <strong>Hasta que han aparecido los playoffs de Liga Endesa.<\/strong><\/p>\n<p class=\"ft-text\">El equipo de Xavi Pascual ha dado un paso adelante en este \u00faltimo tramo del curso y <strong>est\u00e1 a tan solo dos victorias de plantarse en la final de ACB<\/strong>. Un escenario inesperado, tal y como quedaron encuadrados los cruces tras la fase regular. El Real Madrid iba por el mismo lado que el equipo azulgrana, pero sucumbi\u00f3 de manera estrepitosa ante La Laguna Tenerife. <\/p>\n<p class=\"ft-text\">En el primer partido contra los canarios, el Bar\u00e7a hizo un partido inmejorable. Aunque todos destacaron, hubo un jugador que sac\u00f3 la magia y lider\u00f3 el recital ofensivo de los de Pascual: Dar\u00edo Brizuela. El exterior espa\u00f1ol fue el m\u00e1ximo anotador del encuentro (18 puntos) y logr\u00f3 la mejor actuaci\u00f3n anotadora de su carrera en unos playoffs de Liga Endesa.<\/p>\n<p><img decoding=\"async\" src=\"https:\/\/www.europesays.com\/es\/wp-content\/uploads\/2026\/06\/1cc41187-5d23-47e2-84c4-46f070bea4c0_alta-libre-aspect-ratio_default_0_x600y225.jpg\" width=\"1200\" height=\"675\" alt=\"Brizuela, m\u00e1ximo anotador del primer partido de semifinales entre el Barcelona y La Laguna Tenerife.\" class=\"ft-helper-img-rd\" loading=\"lazy\" fetchpriority=\"auto\"\/><\/p>\n<p class=\"ft-helper-fontColor-quaternary ft-helper-fontSize-body-S ft-helper-spacer-t-xxs\">Brizuela, m\u00e1ximo anotador del primer partido de semifinales entre el Barcelona y La Laguna Tenerife.  \/ ACB PHOTO<\/p>\n<p class=\"ft-text\">Una cifra de puntos que ya alcanz\u00f3 en el primer partido ante UCAM Murcia y que demuestra el gran momento que est\u00e1 atravesando la \u2018mamba vasca\u2019. Un jugador clave en la rotaci\u00f3n y que lleva un mes de gran regularidad en liga, con m\u00e1s de 10 puntos de media en los \u00faltimos nueve partidos y <strong>acumulando m\u00e1s minutos en pista en playoffs que en el resto del curso. <\/strong><\/p>\n<p class=\"ft-text\">El equipo blaugrana ha alcanzado los 100 puntos en los \u00faltimos dos partidos y se convierte en el segundo m\u00e1ximo favorito para alzarse con el t\u00edtulo de liga. Su mayor rival es el Valencia Basket, que tras perder la oportunidad de luchar por la Euroliga en la gran final, <strong>quiere cerrar una temporada espectacular con otro t\u00edtulo y hacer \u2018doblete\u2019 con la Supercopa Endesa. <\/strong><\/p>\n<p><img decoding=\"async\" src=\"https:\/\/www.europesays.com\/es\/wp-content\/uploads\/2026\/06\/accf5f22-e7fe-4630-9582-6795959e49b7_alta-libre-aspect-ratio_default_0_x600y225.jpg\" width=\"1200\" height=\"675\" alt=\"Juani Marcos, jugador del Bar\u00e7a, ante La Laguna Tenerife\" class=\"ft-helper-img-rd\" loading=\"lazy\" fetchpriority=\"auto\"\/><\/p>\n<p class=\"ft-helper-fontColor-quaternary ft-helper-fontSize-body-S ft-helper-spacer-t-xxs\">Juani Marcos, jugador del Bar\u00e7a, ante La Laguna Tenerife  \/ Dani Barbeito<\/p>\n<p class=\"ft-text\">\u201c<strong>Hemos hecho partidos buenos, el equipo est\u00e1 bien, han vuelto muchos jugadores, pero ya hemos hecho muchos<\/strong>. El partido nos tiene que empujar a tener la misma concentraci\u00f3n el jueves\u201d, aseguraba Xavi Pascual, que tambi\u00e9n quiso poner en valor el momento que est\u00e1 atravesando Juani Marcos. Y es que el argentino est\u00e1 acabando la temporada a un nivel excepcional. <\/p>\n<p>Los jugadores dan un paso hacia delante<\/p>\n<p class=\"ft-text\">Algunos jugadores est\u00e1n terminando de coger su punta de forma. F\u00edsicamente hay que estar preparado, llevamos partidos casi cada dos d\u00edas. Es importante la aportaci\u00f3n de todos los jugadores, creo que ser\u00e1 una serie larga. <strong>Juani lleva muchos partidos creciendo en su juego, defensivamente est\u00e1 m\u00e1s s\u00f3lido, t\u00e1cticamente ha jugado en todas las facetas del juego<\/strong>. Estamos encantados con \u00e9l, se lo merece, ha trabajado mucho, esperando su momento, mejorando, y ahora es el jugador que nos est\u00e1 liderando.<\/p>\n<p class=\"ft-text\">Con jugadores tan en forma como <strong>Dar\u00edo Brizuela, adem\u00e1s de Juani Marcos e incluso Youssoupha Fall<\/strong>, el Bar\u00e7a de basket gana enteros para pelear por el t\u00edtulo m\u00e1s importante del panorama baloncest\u00edstico espa\u00f1ol. Los blaugrana luchar\u00e1n este mismo jueves para dar otro paso hacia delante y tener pie y medio en la final de los playoffs de ACB, donde esperar\u00edan Valencia Basket o ASISA Joventut.<\/p>\n","protected":false},"excerpt":{"rendered":"La temporada del Bar\u00e7a est\u00e1 acabando mejor de lo que se esperaba hace apenas unas semanas. Con toda&hellip;\n","protected":false},"author":2,"featured_media":599944,"comment_status":"","ping_status":"","sticky":false,"template":"","format":"standard","meta":{"footnotes":""},"categories":[269],"tags":[299,298,33035,168,25,24,23,167,4658],"class_list":["post-599943","post","type-post","status-publish","format-standard","has-post-thumbnail","category-baloncesto","tag-baloncesto","tag-basketball","tag-dario-brizuela","tag-deportes","tag-es","tag-espana","tag-spain","tag-sports","tag-xavi-pascual"],"share_on_mastodon":{"url":"https:\/\/pubeurope.com\/@es\/116730256383795479","error":""},"_links":{"self":[{"href":"https:\/\/www.europesays.com\/es\/wp-json\/wp\/v2\/posts\/599943","targetHints":{"allow":["GET"]}}],"collection":[{"href":"https:\/\/www.europesays.com\/es\/wp-json\/wp\/v2\/posts"}],"about":[{"href":"https:\/\/www.europesays.com\/es\/wp-json\/wp\/v2\/types\/post"}],"author":[{"embeddable":true,"href":"https:\/\/www.europesays.com\/es\/wp-json\/wp\/v2\/users\/2"}],"replies":[{"embeddable":true,"href":"https:\/\/www.europesays.com\/es\/wp-json\/wp\/v2\/comments?post=599943"}],"version-history":[{"count":0,"href":"https:\/\/www.europesays.com\/es\/wp-json\/wp\/v2\/posts\/599943\/revisions"}],"wp:featuredmedia":[{"embeddable":true,"href":"https:\/\/www.europesays.com\/es\/wp-json\/wp\/v2\/media\/599944"}],"wp:attachment":[{"href":"https:\/\/www.europesays.com\/es\/wp-json\/wp\/v2\/media?parent=599943"}],"wp:term":[{"taxonomy":"category","embeddable":true,"href":"https:\/\/www.europesays.com\/es\/wp-json\/wp\/v2\/categories?post=599943"},{"taxonomy":"post_tag","embeddable":true,"href":"https:\/\/www.europesays.com\/es\/wp-json\/wp\/v2\/tags?post=599943"}],"curies":[{"name":"wp","href":"https:\/\/api.w.org\/{rel}","templated":true}]}}