{"id":600286,"date":"2026-06-11T11:24:15","date_gmt":"2026-06-11T11:24:15","guid":{"rendered":"https:\/\/www.europesays.com\/es\/600286\/"},"modified":"2026-06-11T11:24:15","modified_gmt":"2026-06-11T11:24:15","slug":"donostia-recibe-su-duodecima-escoba-de-platino","status":"publish","type":"post","link":"https:\/\/www.europesays.com\/es\/600286\/","title":{"rendered":"Donostia recibe su duod\u00e9cima Escoba de Platino"},"content":{"rendered":"<p>La ciudad consolida su posici\u00f3n como referente estatal en servicios urbanos<\/p>\n<p style=\"text-align:center\"><img decoding=\"async\" alt=\"\" height=\"342\" src=\"https:\/\/www.europesays.com\/es\/wp-content\/uploads\/2026\/06\/dentro-web-980-x-736-px-2-jpg.jpeg\"\/><\/p>\n<p>Donostia \/ San Sebasti\u00e1n ha sido distinguida con la Escoba de Platino 2026, el m\u00e1ximo reconocimiento que concede la Asociaci\u00f3n T\u00e9cnica para la Gesti\u00f3n de Residuos y Medio Ambiente (ATEGRUS) dentro del Concurso Escobas de Plata, Oro y Platino.<\/p>\n<p>Este galard\u00f3n reconoce las mejores pr\u00e1cticas, iniciativas e innovaciones desarrolladas por administraciones p\u00fablicas y entidades en materia de limpieza urbana, recogida selectiva y gesti\u00f3n de residuos.<\/p>\n<p>Con esta nueva distinci\u00f3n, Donostia recibe su duod\u00e9cima Escoba de Platino, consolid\u00e1ndose como una de las ciudades m\u00e1s premiadas del Estado en la historia de este certamen, que se celebra con car\u00e1cter bianual en el marco de la Feria Internacional del Urbanismo y del Medio Ambiente (TECMA), en Madrid. Tras completar en su d\u00eda el ciclo de Escobas de Plata y Oro, la ciudad ha encadenado doce Escobas de Platino consecutivas, la m\u00e1xima categor\u00eda del concurso.<\/p>\n<p>La candidatura presentada por el Ayuntamiento pone en valor las importantes mejoras incorporadas en los \u00faltimos a\u00f1os tanto en los servicios de limpieza viaria como en la recogida de residuos. Entre ellas destacan la puesta en marcha del nuevo contrato de limpieza viaria, dotado con una plantilla de 214 trabajadores y trabajadoras, un importante refuerzo de medios materiales y una flota de 157 equipos, de los cuales cerca del 60% son el\u00e9ctricos.<\/p>\n<p>El concejal de Mantenimiento y Servicios Urbanos, I\u00f1igo Garc\u00eda Villanueva, ha se\u00f1alado que \u00abesta duod\u00e9cima Escoba de Platino reconoce el trabajo constante que realiza la ciudad para mantener unos elevados est\u00e1ndares de limpieza, sostenibilidad y calidad urbana. Es un premio que pertenece tanto a los servicios municipales y a las empresas concesionarias como a la ciudadan\u00eda, que cada d\u00eda contribuye con su comportamiento c\u00edvico al cuidado de los espacios p\u00fablicos\u00bb.<\/p>\n","protected":false},"excerpt":{"rendered":"La ciudad consolida su posici\u00f3n como referente estatal en servicios urbanos Donostia \/ San Sebasti\u00e1n ha sido distinguida&hellip;\n","protected":false},"author":2,"featured_media":600287,"comment_status":"","ping_status":"","sticky":false,"template":"","format":"standard","meta":{"footnotes":""},"categories":[8],"tags":[112957,3076,17,18,25,2967,24,13,14,11,19,20,9,10,15,16,338,112956,23,12,21,22],"class_list":["post-600286","post","type-post","status-publish","format-standard","has-post-thumbnail","category-espana","tag-112957","tag-3076","tag-breaking-news","tag-breakingnews","tag-es","tag-espacio-publico","tag-espana","tag-featured-news","tag-featurednews","tag-headlines","tag-latest-news","tag-latestnews","tag-news","tag-noticias","tag-noticias-destacadas","tag-noticiasdestacadas","tag-portada","tag-residuos-y-medioambiente","tag-spain","tag-titulares","tag-ultimas-noticias","tag-ultimasnoticias"],"share_on_mastodon":{"url":"https:\/\/pubeurope.com\/@es\/116731227531110879","error":""},"_links":{"self":[{"href":"https:\/\/www.europesays.com\/es\/wp-json\/wp\/v2\/posts\/600286","targetHints":{"allow":["GET"]}}],"collection":[{"href":"https:\/\/www.europesays.com\/es\/wp-json\/wp\/v2\/posts"}],"about":[{"href":"https:\/\/www.europesays.com\/es\/wp-json\/wp\/v2\/types\/post"}],"author":[{"embeddable":true,"href":"https:\/\/www.europesays.com\/es\/wp-json\/wp\/v2\/users\/2"}],"replies":[{"embeddable":true,"href":"https:\/\/www.europesays.com\/es\/wp-json\/wp\/v2\/comments?post=600286"}],"version-history":[{"count":0,"href":"https:\/\/www.europesays.com\/es\/wp-json\/wp\/v2\/posts\/600286\/revisions"}],"wp:featuredmedia":[{"embeddable":true,"href":"https:\/\/www.europesays.com\/es\/wp-json\/wp\/v2\/media\/600287"}],"wp:attachment":[{"href":"https:\/\/www.europesays.com\/es\/wp-json\/wp\/v2\/media?parent=600286"}],"wp:term":[{"taxonomy":"category","embeddable":true,"href":"https:\/\/www.europesays.com\/es\/wp-json\/wp\/v2\/categories?post=600286"},{"taxonomy":"post_tag","embeddable":true,"href":"https:\/\/www.europesays.com\/es\/wp-json\/wp\/v2\/tags?post=600286"}],"curies":[{"name":"wp","href":"https:\/\/api.w.org\/{rel}","templated":true}]}}