{"id":600354,"date":"2026-06-11T12:16:12","date_gmt":"2026-06-11T12:16:12","guid":{"rendered":"https:\/\/www.europesays.com\/es\/600354\/"},"modified":"2026-06-11T12:16:12","modified_gmt":"2026-06-11T12:16:12","slug":"carlos-moya-se-sincera-sobre-lo-que-suponia-trabajar-para-nadal-te-convertias-en-un-funcionario","status":"publish","type":"post","link":"https:\/\/www.europesays.com\/es\/600354\/","title":{"rendered":"Carlos Moy\u00e1 se sincera sobre lo que supon\u00eda trabajar para Nadal: \u00abTe convert\u00edas en un funcionario\u00bb"},"content":{"rendered":"<p class=\"ft-text\"><strong>Carlos Moy\u00e1, exn\u00famero uno y entrenador de Rafa Nadal <\/strong>durante su \u00faltima etapa en el tenis, consigui\u00f3 guiar al manacorense a levantar sus \u00faltimas victorias en la pista. Su llegada al equipo fue para introducir mejoras en su juego, aunque no a todos les sent\u00f3 bien el rol que ten\u00eda. De eso, y de c\u00f3mo vivi\u00f3 su etapa <strong>como entrenador de uno de los grandes, <\/strong>ha hablado en una entrevista para Punto de Break.<\/p>\n<p class=\"ft-text\">Tras la retirada del circuito de Rafa Nadal, <strong>Moy\u00e1 no ha vuelto a formar parte de ning\u00fan equipo y as\u00ed espera seguir.<\/strong> Despu\u00e9s de siete a\u00f1os al frente de uno de los mejores jugadores del mundo, el extenista afirma estar muy feliz disponiendo de tanto tiempo libre: <strong>\u00abToda mi vida ha tenido un horario y desde que hace a\u00f1o y medio que Rafa dej\u00f3 de jugar, quer\u00eda tomarme un tiempo sab\u00e1tico.\u00bb<\/strong><\/p>\n<p class=\"ft-text\">Moy\u00e1 ha tenido la oportunidad de <strong>ser el n\u00famero uno y posteriormente entrenar a otro.<\/strong> Una situaci\u00f3n que le ha demandado mucha exigencia, pero que define de incre\u00edble: <strong>\u00abSiendo entrenador, no creo que se pueda aspirar a m\u00e1s\u00bb, <\/strong>explicaba el t\u00e9cnico. Y es que la buena sinton\u00eda que manten\u00eda con Nadal viene de muchos a\u00f1os atr\u00e1s.<strong> \u00abLa ventaja es que yo le conoc\u00eda desde que ten\u00eda 11 a\u00f1os,<\/strong> conoc\u00eda a su familia, a sus amigos y <strong>sab\u00eda que ten\u00eda m\u00e1s talento de lo que la gente pensaba\u00bb<\/strong>.<\/p>\n<p>\u00abQuiero guardarle luto\u00bb<\/p>\n<p class=\"ft-text\">Un<strong> sentimiento que ahora se vuelve en su contra,<\/strong> ya que tener esa conexi\u00f3n tanto con \u00e9l como con el resto de integrantes del &#8216;team&#8217; Nadal es lo que<strong> hace tan dif\u00edcil \u00absaltar a otro equipo; quiero guardarle una especie de luto, no quiero ir con nadie\u00bb<\/strong>. Acompa\u00f1ar a grandes tenistas implica mucha energ\u00eda y asegura que \u00abahora no puedo ofrecer eso\u00bb, estar al pie del ca\u00f1\u00f3n durante siete a\u00f1os le dej\u00f3 <strong>\u00abbastante vac\u00edo de energ\u00eda y ahora no puedo ofrecer eso, no veo una vuelta cercana a corto plazo\u00bb<\/strong>, asegura Carlos.<\/p>\n<p><img decoding=\"async\" src=\"https:\/\/www.europesays.com\/es\/wp-content\/uploads\/2026\/06\/16625c1b-5242-4d6c-80d6-08aa0fb378d9_alta-libre-aspect-ratio_default_0.jpg\" width=\"1200\" height=\"779\" alt=\"El tenista Rafael Nadal (i) y su entrenador Carlos Moya (d), en una imagen de archivo. EFE\/EPA\/SCOTT BARBOUR\" class=\"ft-helper-img-rd\" loading=\"lazy\" fetchpriority=\"auto\"\/><\/p>\n<p class=\"ft-helper-fontColor-quaternary ft-helper-fontSize-body-S ft-helper-spacer-t-xxs\">El tenista Rafael Nadal (i) y su entrenador Carlos Moya (d), en una imagen de archivo. EFE\/EPA\/SCOTT BARBOUR  \/ &#8211;<\/p>\n<p class=\"ft-text\">Su relaci\u00f3n con Rafa Nadal empieza antes de iniciar su v\u00ednculo como entrenador-alumno y es que <strong>ya hab\u00edan realizado algunos entrenamientos cuando Nadal era peque\u00f1o<\/strong>. En ese momento confiesa que<strong> \u00abno pensaba que ser\u00eda tan bueno, para m\u00ed era impensable que ganara tantos Roland Garros, era imposible que alguien apostara eso\u00bb.<\/strong><\/p>\n<p>Una llegada que caus\u00f3 tensi\u00f3n<\/p>\n<p class=\"ft-text\">Su<strong> llegada caus\u00f3 una situaci\u00f3n complicada para el que era entonces el \u00fanico entrenador de Rafa, su t\u00edo Toni Nadal<\/strong>. En un principio ingres\u00f3 en el equipo compartiendo las mismas responsabilidades, pero poco despu\u00e9s <strong>acab\u00f3 adquiriendo el t\u00edtulo de entrenador principal. <\/strong>Una etiqueta de la que reniega un poco el mallorqu\u00edn: <strong>\u00abNunca me ha gustado identificarme como el cabeza del equipo\u00bb.<\/strong><\/p>\n<p>Sobre Rafa como jefe: \u00abTe convert\u00edas en un funcionario\u00bb<\/p>\n<p class=\"ft-text\">Carlos explica que el<strong> problema de muchos exjugadores cuando pasan a ser entrenadores es el ego.<\/strong> El extenista explica que ser parte del equipo de Rafa era algo incre\u00edble que iba m\u00e1s all\u00e1 de una relaci\u00f3n \u00fanicamente profesional:<strong> \u00ab\u00c9ramos todos amigos, Rafa es un jefe espectacular, demasiado bueno, era incapaz de echar a alguien\u00bb. <\/strong>Para a\u00f1adir que, una vez entrabas, <strong>\u00abte convert\u00edas en un funcionario\u00bb <\/strong>y que la exigencia que ejerc\u00eda sobre \u00e9l no era comparable con lo <strong>flexible que era con los \u00abque est\u00e1bamos a su alrededor\u00bb<\/strong>.<\/p>\n<p class=\"ft-text\">Moy\u00e1 asegura que <strong>le recomendaba que experimentase con gente nueva,<\/strong> porque para \u00e9l hay una fecha de caducidad en la relaci\u00f3n de tenista-entrenador.<strong> \u00abYo creo que lo ideal es que un entrenador tiene que estar cuatro a\u00f1os con un tenista, y yo estuve siete con Rafa\u00bb.<\/strong><\/p>\n<p><img decoding=\"async\" src=\"https:\/\/www.europesays.com\/es\/wp-content\/uploads\/2026\/06\/5d4bdd98-c2f2-4c18-bc13-aee14e677f6c_alta-libre-aspect-ratio_default_0.jpg\" width=\"1200\" height=\"675\" alt=\"Rafa Nadal junto a su entrenador, Carlos Moy\u00e1, en un entrenamiento\" class=\"ft-helper-img-rd\" loading=\"lazy\" fetchpriority=\"auto\"\/><\/p>\n<p class=\"ft-helper-fontColor-quaternary ft-helper-fontSize-body-S ft-helper-spacer-t-xxs\">Rafa Nadal junto a su entrenador, Carlos Moy\u00e1, en un entrenamiento  \/ EFE<\/p>\n<p class=\"ft-text\">Adem\u00e1s, destaca que cuando<strong> lleg\u00f3 al equipo Rafa ten\u00eda 30 a\u00f1os, no 20, y que, por tanto, \u00ablas piernas no eran las mismas\u00bb. <\/strong>Su objetivo era mejorar algunas cosas de su tenis, sobre todo el posicionamiento en la pista; <strong>\u00abintentaba aportarle cosas nuevas y \u00e9l estaba muy abierto a cambiar\u00bb.<\/strong><\/p>\n<p class=\"ft-text\">Antes de entrar en el equipo, Moy\u00e1 explica que mantuvo una conversaci\u00f3n muy bonita con Rafa, donde trataron todos aquellos aspectos en los que trabajar\u00edan: <strong>\u00abYo vi que \u00e9l estaba dispuesto a afrontar la evoluci\u00f3n y los cambios que le propon\u00eda\u00bb.<\/strong><\/p>\n<p>\u00abEstando mal sigue siendo el mejor de la historia\u00bb<\/p>\n<p class=\"ft-text\">El exn\u00famero uno afirma que <strong>exist\u00eda un mito en cuanto a la necesidad de que Rafa necesitara jugar muchas competiciones:<\/strong> \u00abPara m\u00ed<strong> nunca era que necesitara ritmo<\/strong>, hacer muchos partidos o campeonatos, y \u00e9l se lo crey\u00f3\u00bb. Asegurando que \u00e9l pod\u00eda estar lesionado y no jugar, y aun as\u00ed volver y ganar.<\/p>\n<p class=\"ft-text\">Con su edad, lo que <strong>necesitaba<\/strong>, seg\u00fan su opini\u00f3n, era ser <strong>\u00abm\u00e1s eficiente, entrenar menos horas y guardar m\u00e1s energ\u00eda\u00bb. <\/strong>Una mentalidad muy diferente a la que se hab\u00eda acostumbrado Nadal. <strong>\u00ab\u00c9l pensaba que iba a empeorar si no calentaba una hora o si el d\u00eda anterior no tocaba bola<\/strong>, pero es que, sin estar bien, para m\u00ed sigue siendo el mejor de la historia\u00bb, conclu\u00eda el t\u00e9cnico.<\/p>\n","protected":false},"excerpt":{"rendered":"Carlos Moy\u00e1, exn\u00famero uno y entrenador de Rafa Nadal durante su \u00faltima etapa en el tenis, consigui\u00f3 guiar&hellip;\n","protected":false},"author":2,"featured_media":600355,"comment_status":"","ping_status":"","sticky":false,"template":"","format":"standard","meta":{"footnotes":""},"categories":[274],"tags":[415,168,25,24,18721,6894,20585,9474,23,167,112965,327,326,4710],"class_list":["post-600354","post","type-post","status-publish","format-standard","has-post-thumbnail","category-tenis","tag-carlos","tag-deportes","tag-es","tag-espana","tag-moya","tag-rafa-nadal","tag-roland-garros","tag-sincera","tag-spain","tag-sports","tag-suponia","tag-tenis","tag-tennis","tag-trabajar"],"share_on_mastodon":{"url":"https:\/\/pubeurope.com\/@es\/116731432068712444","error":""},"_links":{"self":[{"href":"https:\/\/www.europesays.com\/es\/wp-json\/wp\/v2\/posts\/600354","targetHints":{"allow":["GET"]}}],"collection":[{"href":"https:\/\/www.europesays.com\/es\/wp-json\/wp\/v2\/posts"}],"about":[{"href":"https:\/\/www.europesays.com\/es\/wp-json\/wp\/v2\/types\/post"}],"author":[{"embeddable":true,"href":"https:\/\/www.europesays.com\/es\/wp-json\/wp\/v2\/users\/2"}],"replies":[{"embeddable":true,"href":"https:\/\/www.europesays.com\/es\/wp-json\/wp\/v2\/comments?post=600354"}],"version-history":[{"count":0,"href":"https:\/\/www.europesays.com\/es\/wp-json\/wp\/v2\/posts\/600354\/revisions"}],"wp:featuredmedia":[{"embeddable":true,"href":"https:\/\/www.europesays.com\/es\/wp-json\/wp\/v2\/media\/600355"}],"wp:attachment":[{"href":"https:\/\/www.europesays.com\/es\/wp-json\/wp\/v2\/media?parent=600354"}],"wp:term":[{"taxonomy":"category","embeddable":true,"href":"https:\/\/www.europesays.com\/es\/wp-json\/wp\/v2\/categories?post=600354"},{"taxonomy":"post_tag","embeddable":true,"href":"https:\/\/www.europesays.com\/es\/wp-json\/wp\/v2\/tags?post=600354"}],"curies":[{"name":"wp","href":"https:\/\/api.w.org\/{rel}","templated":true}]}}