{"id":600360,"date":"2026-06-11T12:20:15","date_gmt":"2026-06-11T12:20:15","guid":{"rendered":"https:\/\/www.europesays.com\/es\/600360\/"},"modified":"2026-06-11T12:20:15","modified_gmt":"2026-06-11T12:20:15","slug":"la-ley-vinicius-entra-en-vigor-hoy-todas-las-novedades-reglamentarias-del-mundial-2026","status":"publish","type":"post","link":"https:\/\/www.europesays.com\/es\/600360\/","title":{"rendered":"La &#8216;Ley Vinicius&#8217; entra en vigor hoy: todas las novedades reglamentarias del Mundial 2026"},"content":{"rendered":"<p class=\"ft-text\">La <strong>FIFA <\/strong>y la <strong>IFAB <\/strong><a class=\"ft-link ft-link--decoration\" href=\"https:\/\/www.sport.es\/es\/videos\/mundial-futbol\/20260610\/nuevas-reglas-mundial\/2026.shtml-explicadas-131229092\" rel=\"nofollow noopener\" target=\"_blank\">anunciaron esta semana oficialmente los cambios m\u00e1s importantes en las <\/a><a class=\"ft-link ft-link--decoration\" href=\"https:\/\/www.sport.es\/es\/videos\/mundial-futbol\/20260610\/nuevas-reglas-mundial\/2026.shtml-explicadas-131229092\" rel=\"nofollow noopener\" target=\"_blank\"><strong>Reglas de Juego 2026\/27<\/strong><\/a> que se implementar\u00e1n en el Mundial de <strong>Estados Unidos, M\u00e9xico y Canad\u00e1 2026.<\/strong><\/p>\n<p class=\"ft-text\">Adem\u00e1s de los <a class=\"ft-link ft-link--decoration\" href=\"https:\/\/www.sport.es\/es\/noticias\/mundial-futbol\/olise-cae-trampa-funciona-normas-131184243\" rel=\"nofollow noopener\" target=\"_blank\">cambios que ya han ido saliendo a la luz para reducir las p\u00e9rdidas de tiempo y mejorar el ritmo de partido<\/a>, el m\u00e1ximo organismo del f\u00fatbol mundial inform\u00f3 que, a partir de esta temporada, se <strong>empezar\u00e1 a utilizar la llamada &#8216;Ley Vinicius&#8217;<\/strong>, una norma surgida tras la pol\u00e9mica en el partido entre el<strong> Benfica y el Real Madrid<\/strong> del pasado 17 de febrero en la Champions League, que involucr\u00f3 al jugador brasile\u00f1o con el argentino<strong> <\/strong><a href=\"https:\/\/www.sport.es\/es\/noticias\/real-madrid\/portugal-afirman-prestianni-admitio-insulto-127317316\" class=\"ft-link ft-link--decoration\" rel=\"nofollow noopener\" target=\"_blank\"><strong>Gianluca Prestianni<\/strong><\/a>.<\/p>\n<p class=\"ft-text\">Con <a class=\"ft-link ft-link--decoration\" href=\"https:\/\/www.sport.es\/es\/noticias\/mundial-futbol\/simulador\/infantino-presidente-fifa-prepara-ley-127432805\" rel=\"nofollow noopener\" target=\"_blank\">tal de \u00abcombatir la discriminaci\u00f3n\u00bb<\/a>, a partir de hoy jueves 11 de junio de 2026, d\u00eda del partido inaugural del Mundial, cualquier <strong>jugador del torneo que sea visto cubri\u00e9ndose la boca en una situaci\u00f3n de confrontaci\u00f3n con un oponente puede recibir una tarjeta roja por parte del \u00e1rbitro<\/strong>.<\/p>\n<p><img decoding=\"async\" src=\"https:\/\/www.europesays.com\/es\/wp-content\/uploads\/2026\/06\/85944e21-549e-4a4c-99fe-2e2176db141f_alta-libre-aspect-ratio_default_0_x610y227.jpg\" width=\"1200\" height=\"672\" alt=\"El l\u00edo entre Prestianni y Vin\u00edcius marca la eliminatoria Real Madrid-Benfica\" class=\"ft-helper-img-rd\" loading=\"lazy\" fetchpriority=\"auto\"\/><\/p>\n<p class=\"ft-helper-fontColor-quaternary ft-helper-fontSize-body-S ft-helper-spacer-t-xxs\">El l\u00edo entre Prestianni y Vin\u00edcius marca la eliminatoria Real Madrid-Benfica  \/ EFE<\/p>\n<p>Los otros cambios que se aplican a partir de esta Copa del Mundo<\/p>\n<p class=\"ft-text\">Adem\u00e1s, entre los <a class=\"ft-link ft-link--decoration\" href=\"https:\/\/www.sport.es\/es\/noticias\/mundial-futbol\/fifa-cambia-reglas-mundial-cuatro-128451313\" rel=\"nofollow noopener\" target=\"_blank\">otros cambios destacados <\/a>se incluyen <strong>cuentas regresivas de cinco segundos en saques de porter\u00eda o saques de banda<\/strong>, adem\u00e1s del<strong> l\u00edmite de 10 segundos para abandonar el terreno de juego en una sustituci\u00f3n<\/strong>. De no hacerlo, el equipo jugar\u00eda con un jugador menos durante 1 minuto. <a class=\"ft-link ft-link--decoration\" href=\"https:\/\/www.sport.es\/es\/noticias\/mundial-futbol\/nuevas-reglas-perdidas-tiempo-mundial-victima-islandia-japon-130864259\" rel=\"nofollow noopener\" target=\"_blank\">Una norma que ya se ha aplicado en los partidos amistosos previos al Mundial y han generado m\u00e1s de un dolor de cabeza a los equipos<\/a>.<\/p>\n<p class=\"ft-text\">En otro cambio en la misma l\u00ednea,<strong> cuando un jugador sea evaluado en el terreno de juego por una lesi\u00f3n, o si su lesi\u00f3n provoca la interrupci\u00f3n del partido, deber\u00e1 abandonar el terreno de juego y permanecer fuera durante un minuto<\/strong> despu\u00e9s de la reanudaci\u00f3n del juego.<\/p>\n<p>Cambios en el VAR<\/p>\n<p class=\"ft-text\">Finalmente, en cuanto al VAR, el v\u00eddeoarbitraje, a partir de esta Copa del Mundo, <strong>podr\u00e1 revisar una jugada de tarjeta roja provocada por una segunda tarjeta amarilla claramente incorrecta<\/strong>, adem\u00e1s de revisar identidades cuando \u00e1rbitro sanciona al equipo equivocado por una infracci\u00f3n, lo que resulta en que se muestre una tarjeta roja o amarilla al jugador equivocado.<\/p>\n<p class=\"ft-text\">El VAR tambi\u00e9n podr\u00e1 intervenir en <strong>saques de esquina concedidos de forma incorrecta<\/strong> \u00absiempre que la revisi\u00f3n pueda completarse de inmediato y sin retrasar la reanudaci\u00f3n del juego\u00bb.<\/p>\n<p class=\"ft-text\">Adem\u00e1s, \u00abse sancionar\u00e1n las<strong> faltas claras del equipo atacante antes de que el bal\u00f3n entre en juego en tiros libres o saques de esquina, cuando influyan directamente en un gol<\/strong>, un penalti o una sanci\u00f3n disciplinaria\u00bb. <a class=\"ft-link ft-link--decoration\" href=\"https:\/\/www.sport.es\/es\/noticias\/futbol\/aprueba-nueva-norma-corners-le-130872515\" rel=\"nofollow noopener\" target=\"_blank\">Un cambio que se implenta tras la t\u00e1ctica de bloqueos del Arsenal esta temporada<\/a>.<\/p>\n<p><img decoding=\"async\" src=\"https:\/\/www.europesays.com\/es\/wp-content\/uploads\/2026\/06\/b0a9fc14-6159-48ed-8404-d4cb6663c3c1_alta-libre-aspect-ratio_default_0_x960y360.jpg\" width=\"1200\" height=\"675\" alt=\"Las nuevas reglas del Mundial 2026, explicadas por la FIFA\" class=\"ft-helper-img-rd\" loading=\"lazy\" fetchpriority=\"auto\"\/><\/p>\n<p class=\"ft-helper-fontColor-quaternary ft-helper-fontSize-body-S ft-helper-spacer-t-xxs\">Las nuevas reglas del Mundial 2026, explicadas por la FIFA  \/ FIFA<\/p>\n<p>La &#8216;norma anti Senegal&#8217;<\/p>\n<p class=\"ft-text\">A ra\u00edz de otro episodio tambi\u00e9n muy comentado en los \u00faltimos meses, la FIFA ha aprobado una <strong>norma que indica que si un jugador abandona el terreno de juego en protesta por una decisi\u00f3n arbitral podr\u00eda recibir tambi\u00e9n una tarjeta roja<\/strong>.<\/p>\n<p class=\"ft-text\">Adem\u00e1s, se le puede mostrar una tarjeta roja a cualquier miembro del cuerpo t\u00e9cnico que incite o anime a los jugadores a abandonar el terreno de juego debido a una decisi\u00f3n arbitral. <\/p>\n<p class=\"ft-text\">Este cambio de reglamento viene influenciado por la<a class=\"ft-link ft-link--decoration\" href=\"https:\/\/www.sport.es\/es\/noticias\/mundial-futbol\/simulador\/senegal-rinde-tas-acepta-recurso-128414832\" rel=\"nofollow noopener\" target=\"_blank\"> decisi\u00f3n de <\/a><a class=\"ft-link ft-link--decoration\" href=\"https:\/\/www.sport.es\/es\/noticias\/mundial-futbol\/simulador\/senegal-rinde-tas-acepta-recurso-128414832\" rel=\"nofollow noopener\" target=\"_blank\"><strong>Senegal<\/strong><\/a><a class=\"ft-link ft-link--decoration\" href=\"https:\/\/www.sport.es\/es\/noticias\/mundial-futbol\/simulador\/senegal-rinde-tas-acepta-recurso-128414832\" rel=\"nofollow noopener\" target=\"_blank\"> en la final de la <\/a><a class=\"ft-link ft-link--decoration\" href=\"https:\/\/www.sport.es\/es\/noticias\/mundial-futbol\/simulador\/senegal-rinde-tas-acepta-recurso-128414832\" rel=\"nofollow noopener\" target=\"_blank\"><strong>Copa Africana de Naciones 2026<\/strong><\/a>, al abandonar el terreno de juego en el<strong> partido ante Marruecos<\/strong> por decisiones del \u00e1rbitro del partido en el tramo final del encuentro. Con esta nueva norma, el \u00e1rbitro podr\u00eda expulsar a jugadores y a miembros del cuerpo t\u00e9cnico, por lo que <strong>el partido podr\u00eda suspenderse por incomparecencia t\u00e9cnica de un equipo que tenga menos de 7 jugadores disponibles para continuar un choque<\/strong>.<\/p>\n","protected":false},"excerpt":{"rendered":"La FIFA y la IFAB anunciaron esta semana oficialmente los cambios m\u00e1s importantes en las Reglas de Juego&hellip;\n","protected":false},"author":2,"featured_media":600361,"comment_status":"","ping_status":"","sticky":false,"template":"","format":"standard","meta":{"footnotes":""},"categories":[268],"tags":[168,7115,25,24,280,282,315,1464,32463,281,23,167,32250,13334],"class_list":["post-600360","post","type-post","status-publish","format-standard","has-post-thumbnail","category-futbol","tag-deportes","tag-entra","tag-es","tag-espana","tag-football","tag-futbol","tag-hoy","tag-ley","tag-mundial-2026","tag-soccer","tag-spain","tag-sports","tag-vigor","tag-vinicius"],"share_on_mastodon":{"url":"https:\/\/pubeurope.com\/@es\/116731447166992559","error":""},"_links":{"self":[{"href":"https:\/\/www.europesays.com\/es\/wp-json\/wp\/v2\/posts\/600360","targetHints":{"allow":["GET"]}}],"collection":[{"href":"https:\/\/www.europesays.com\/es\/wp-json\/wp\/v2\/posts"}],"about":[{"href":"https:\/\/www.europesays.com\/es\/wp-json\/wp\/v2\/types\/post"}],"author":[{"embeddable":true,"href":"https:\/\/www.europesays.com\/es\/wp-json\/wp\/v2\/users\/2"}],"replies":[{"embeddable":true,"href":"https:\/\/www.europesays.com\/es\/wp-json\/wp\/v2\/comments?post=600360"}],"version-history":[{"count":0,"href":"https:\/\/www.europesays.com\/es\/wp-json\/wp\/v2\/posts\/600360\/revisions"}],"wp:featuredmedia":[{"embeddable":true,"href":"https:\/\/www.europesays.com\/es\/wp-json\/wp\/v2\/media\/600361"}],"wp:attachment":[{"href":"https:\/\/www.europesays.com\/es\/wp-json\/wp\/v2\/media?parent=600360"}],"wp:term":[{"taxonomy":"category","embeddable":true,"href":"https:\/\/www.europesays.com\/es\/wp-json\/wp\/v2\/categories?post=600360"},{"taxonomy":"post_tag","embeddable":true,"href":"https:\/\/www.europesays.com\/es\/wp-json\/wp\/v2\/tags?post=600360"}],"curies":[{"name":"wp","href":"https:\/\/api.w.org\/{rel}","templated":true}]}}