{"id":600456,"date":"2026-06-11T13:31:28","date_gmt":"2026-06-11T13:31:28","guid":{"rendered":"https:\/\/www.europesays.com\/es\/600456\/"},"modified":"2026-06-11T13:31:28","modified_gmt":"2026-06-11T13:31:28","slug":"rafael-zapata-el-fotografo-al-que-la-sordoceguera-no-impide-capturar-la-belleza-de-lo-que-le-rodea-doy-lo-que-a-mi-me-falta","status":"publish","type":"post","link":"https:\/\/www.europesays.com\/es\/600456\/","title":{"rendered":"Rafael Zapata, el fot\u00f3grafo al que la sordoceguera no impide capturar la belleza de lo que le rodea: \u00abDoy lo que a m\u00ed me falta\u00bb"},"content":{"rendered":"<p class=\"c-paragraph\">Rafael Zapata muestra que ser una <b>persona con sordoceguera<\/b> no le impide capturar momentos de gran delicadeza con su c\u00e1mara fotogr\u00e1fica. Y as\u00ed lo demuestra con<b> \u2018Entre la realidad y la fantas\u00eda de un invidente\u2019<\/b>, exposici\u00f3n que puede verse,<b> hasta el 3 de octubre, en el Museo Tiflol\u00f3gico de la ONCE.\u00a0<\/b><\/p>\n<p class=\"c-paragraph\">\u00c1ngel Luis G\u00f3mez, director de Promoci\u00f3n Sociocultural, Art\u00edstica y Deportiva de la ONCE, Ana D\u00edaz, consejera general de la <a href=\"https:\/\/www.20minutos.es\/tags\/instituciones-empresas\/once.html\" title=\"ONCE\" target=\"_blank\" rel=\"nofollow noopener\">ONCE<\/a>, el propio Rafael Zapata, y Mireia Rodr\u00edguez, t\u00e9cnica del Museo Tiflol\u00f3gico, han inaugurado esta exposici\u00f3n, en la tarde de ayer.<\/p>\n<p class=\"c-paragraph\">\u201cEstas fotograf\u00edas son para mirar, pero tambi\u00e9n para analizar, porque <b>intento darles todo aquello que a m\u00ed me falta<\/b>. Yo no percibo muchas cosas de la fotograf\u00eda, y retoc\u00e1ndola en el ordenador aporto a la foto lo que a m\u00ed me falta: tonalidad m\u00e1s intensa, los colores, contrastes, para dar m\u00e1s presencia a la imagen\u201d, comentaba Rafael Zapata minutos antes de la inauguraci\u00f3n.<\/p>\n<p class=\"c-paragraph\"><b>Rafael Zapata (Gallur, Zaragoza, 1963)<\/b> expone en el Museo Tiflol\u00f3gico 18 fotograf\u00edas en las que busca la<b> esencia del mundo que le rodea<\/b>. Afiliado a la ONCE debido a su sordoceguera, encuentra en la fotograf\u00eda una poderosa forma de expresi\u00f3n art\u00edstica.<\/p>\n<p class=\"c-paragraph\"><b>Desaf\u00eda las barreras de la <a href=\"https:\/\/www.20minutos.es\/tags\/temas\/discapacidad.html\" title=\"Discapacidad\" target=\"_blank\" rel=\"nofollow noopener\">discapacidad<\/a> a trav\u00e9s del arte<\/b>, y destaca la superaci\u00f3n personal y la belleza del entorno local en el que se desenvuelve. Zapata utiliza la fotograf\u00eda y los programas de edici\u00f3n digital para <b>capturar im\u00e1genes que oscilan entre la realidad y la abstracci\u00f3n<\/b>.<\/p>\n<p class=\"c-paragraph\">Se centra en paisajes naturales, los entornos rurales, bodegones y atardeceres, en un <b>uso vibrante del color <\/b>y en un amplio nivel de detalle. Todo esto puede verse en fotograf\u00edas como \u2018Entrada al oto\u00f1o\u2019, \u2018Humedad del oto\u00f1o\u2019, \u2018Toma casta\u00f1a\u2019 o \u2018Piedras en el camino\u2019, algunas de las obras que expone.<\/p>\n<p class=\"c-paragraph\">Destaca tambi\u00e9n la fotograf\u00eda titulada \u2018Simulaci\u00f3n\u2019, un montaje en el que, en la parte superior, se muestra el detalle de una<b> mirada femenina<\/b> y, en la inferior, la misma imagen desde la perspectiva de Rafael Zapata, con su <b>visi\u00f3n en t\u00fanel<\/b>.<\/p>\n<p class=\"c-paragraph\">A partir de sus obras, Rafael Zapata colabora dando<b> visibilidad a colectivos de personas con discapacidad<\/b>, mostrando que es posible ocupar un lugar activo en el escenario cultural y social.<\/p>\n<p class=\"c-paragraph\">Adem\u00e1s de su faceta art\u00edstica, Rafael Zapata es un<b> apasionado de la cocina<\/b> y ha retado a grandes chefs a elaborar, provistos de antifaces, postres que \u00e9l hab\u00eda preparado.<\/p>\n<p class=\"c-paragraph\">El <b>Museo Tiflol\u00f3gico de la ONCE <\/b>est\u00e1 en la calle La Coru\u00f1a, 18 (Madrid), y est\u00e1 abierto de martes a viernes, de 10:00 a 15:00 horas y de 16:00 a 19:00 horas; y los s\u00e1bados, de 10:00 a 14:00 horas.<\/p>\n","protected":false},"excerpt":{"rendered":"Rafael Zapata muestra que ser una persona con sordoceguera no le impide capturar momentos de gran delicadeza con&hellip;\n","protected":false},"author":2,"featured_media":600457,"comment_status":"","ping_status":"","sticky":false,"template":"","format":"standard","meta":{"footnotes":""},"categories":[173],"tags":[229,233,231,230,232,234,146,147,25,24,6638,2074,12527,112974,23,15634],"class_list":["post-600456","post","type-post","status-publish","format-standard","has-post-thumbnail","category-arte-y-diseno","tag-arte","tag-arte-y-diseno","tag-arts","tag-arts-and-design","tag-design","tag-diseno","tag-entertainment","tag-entretenimiento","tag-es","tag-espana","tag-fotografo","tag-que","tag-rafael","tag-sordoceguera","tag-spain","tag-zapata"],"share_on_mastodon":{"url":"https:\/\/pubeurope.com\/@es\/116731726168707052","error":""},"_links":{"self":[{"href":"https:\/\/www.europesays.com\/es\/wp-json\/wp\/v2\/posts\/600456","targetHints":{"allow":["GET"]}}],"collection":[{"href":"https:\/\/www.europesays.com\/es\/wp-json\/wp\/v2\/posts"}],"about":[{"href":"https:\/\/www.europesays.com\/es\/wp-json\/wp\/v2\/types\/post"}],"author":[{"embeddable":true,"href":"https:\/\/www.europesays.com\/es\/wp-json\/wp\/v2\/users\/2"}],"replies":[{"embeddable":true,"href":"https:\/\/www.europesays.com\/es\/wp-json\/wp\/v2\/comments?post=600456"}],"version-history":[{"count":0,"href":"https:\/\/www.europesays.com\/es\/wp-json\/wp\/v2\/posts\/600456\/revisions"}],"wp:featuredmedia":[{"embeddable":true,"href":"https:\/\/www.europesays.com\/es\/wp-json\/wp\/v2\/media\/600457"}],"wp:attachment":[{"href":"https:\/\/www.europesays.com\/es\/wp-json\/wp\/v2\/media?parent=600456"}],"wp:term":[{"taxonomy":"category","embeddable":true,"href":"https:\/\/www.europesays.com\/es\/wp-json\/wp\/v2\/categories?post=600456"},{"taxonomy":"post_tag","embeddable":true,"href":"https:\/\/www.europesays.com\/es\/wp-json\/wp\/v2\/tags?post=600456"}],"curies":[{"name":"wp","href":"https:\/\/api.w.org\/{rel}","templated":true}]}}