{"id":600488,"date":"2026-06-11T13:54:18","date_gmt":"2026-06-11T13:54:18","guid":{"rendered":"https:\/\/www.europesays.com\/es\/600488\/"},"modified":"2026-06-11T13:54:18","modified_gmt":"2026-06-11T13:54:18","slug":"reves-al-mnac-del-colegio-de-arquitectos-la-mejor-rehabilitacion-del-ano-es-sijena","status":"publish","type":"post","link":"https:\/\/www.europesays.com\/es\/600488\/","title":{"rendered":"Rev\u00e9s al MNAC del colegio de arquitectos: la mejor rehabilitaci\u00f3n del a\u00f1o es Sijena"},"content":{"rendered":"<p style=\"\">El Museo Nacional de Arte de Catalu\u00f1a (MNAC), <a href=\"https:\/\/www.abc.es\/espana\/aragon\/semana-duro-cordialidad-urtasunazcon-sentencia-sobre-sijena-20260608130548-nt.html\" target=\"_self\" data-voc-vtm-id=\"in-text-traffic\" title=\"el ministro de Cultura\" rel=\"nofollow noopener\">el ministro de Cultura<\/a> y la \u00f3rbita independentista que claman contra la vuelta de las obras de Sijena a su enclave originario, el Real Monasterio de Santa Mar\u00eda de Sijena (en Villanueva de Sijena, provincia de  &#8230; Huesca) invocando que el lugar no est\u00e1 preparado para la vuelta de los frescos, no solo recibe varapalos de la Justicia, sino tambi\u00e9n de los expertos en Arquitectura, que contradicen la versi\u00f3n de que el cenobio no pueda albergar las pinturas murales de vuelta. <\/p>\n<p class=\"v-d-p\" style=\"\">El proyecto de Intervenciones en el Real Monasterio de Santa Mar\u00eda de Sijena (Huesca), realizado por Pem\u00e1n y Franco Arquitectos + Sebasti\u00e1n Arquitectos, ha obtenido el Premio Rehabilitaci\u00f3n que otorga el Consejo de Colegios de Arquitectos de Espa\u00f1a (CSCAE) en el marco de los Premios Arquitectura 2026. Los premios se entregaron el pasado martes 9 de junio en una gala celebrada en el Teatro Alc\u00e1zar de Madrid.<\/p>\n<p class=\"v-d-p\" style=\"\">De acuerdo con el dictamen del jurado, \u00ablas intervenciones en el Real Monasterio de Santa Mar\u00eda de Sijena sobresalen por la sutileza y el rigor con que abordan una actuaci\u00f3n compleja\u00ab. Se han llevado a cabo \u00bbcon coherencia desde la escala arquitect\u00f3nica hasta el detalle constructivo y del mobiliario\u00ab, as\u00ed como \u00bbla sensibilidad y el sentido com\u00fan frente a las preexistencias, con soluciones precisas que equilibran conservaci\u00f3n e incorporaci\u00f3n contempor\u00e1nea\u00ab. <\/p>\n<ul class=\"v-cmp-rld__u\">\n<li class=\"v-cmp-rld__l\">\n<p><a class=\"v-a-lnk\" href=\"http:\/\/www.abc.es\/espana\/aragon\/semana-duro-cordialidad-urtasunazcon-sentencia-sobre-sijena-20260608130548-nt.html#vtm_modulosEngag=noticiasrelacionadas-cmp-uno:espana:noticia:1\" title=\"Una semana dur\u00f3 la cordialidad Urtasun-Azc\u00f3n: \u00abLa sentencia del Supremo sobre Sijena es una verg\u00fcenza\u00bb\" data-voc-vtm-id=\"in-text-traffic\" rel=\"nofollow noopener\" target=\"_blank\"><br \/>\n<img decoding=\"async\" loading=\"lazy\" src=\"https:\/\/www.europesays.com\/es\/wp-content\/uploads\/2026\/06\/WhatsApp Image 2026-06-05 at 13.31.14-U17742387274euH-366x256@diario_abc.jpg\" class=\"v-a-img\" width=\"258\" height=\"180\" alt=\"Una semana dur\u00f3 la cordialidad Urtasun-Azc\u00f3n: \u00abLa sentencia del Supremo sobre Sijena es una verg\u00fcenza\u00bb\"\/><br \/>\n<\/a><\/p>\n<\/li>\n<\/ul>\n<p class=\"v-d-p\" style=\"\">\u00abEl paso de las instalaciones se resuelve<strong\/>de forma creativa, acondicionando el espacio sin afectar su espacialidad\u00bb y remarca que \u00abel uso de materiales evidencia las distintas capas temporales. <a href=\"https:\/\/www.abc.es\/cultura\/real-monasterio-sijena-exhibe-riqueza-ocho-siglos-20250406055840-nt.html\" target=\"_self\" data-voc-vtm-id=\"in-text-traffic\" title=\"La intervenci\u00f3n integra lo nuevo y lo antiguo,\" data-mrf-link=\"www.abc.es\" rel=\"nofollow noopener\">La intervenci\u00f3n integra lo nuevo y lo antiguo,<\/a><strong>devolviendo al conjunto su dignidad<\/strong> y un uso contempor\u00e1neo.\u00bb<\/p>\n<p class=\"v-d-p\" style=\"\">El Premio Rehabilitaci\u00f3n 2026, que forma parte de las seis distinciones a valores de los Premios Arquitectura, reconoce aquellas obras que destacan por valores asociados a la rehabilitaci\u00f3n, renovaci\u00f3n y regeneraci\u00f3n. 25 propuestas finalistas optaban a los premios. Y lo ha ganado el realizado en la comarca de los Monegros. <\/p>\n","protected":false},"excerpt":{"rendered":"El Museo Nacional de Arte de Catalu\u00f1a (MNAC), el ministro de Cultura y la \u00f3rbita independentista que claman&hellip;\n","protected":false},"author":2,"featured_media":600489,"comment_status":"","ping_status":"","sticky":false,"template":"","format":"standard","meta":{"footnotes":""},"categories":[173],"tags":[1611,3739,229,233,231,230,42658,232,234,146,147,25,24,1684,3453,5699,24316,3452,23],"class_list":["post-600488","post","type-post","status-publish","format-standard","has-post-thumbnail","category-arte-y-diseno","tag-ano","tag-arquitectos","tag-arte","tag-arte-y-diseno","tag-arts","tag-arts-and-design","tag-colegio","tag-design","tag-diseno","tag-entertainment","tag-entretenimiento","tag-es","tag-espana","tag-mejor","tag-mnac","tag-rehabilitacion","tag-reves","tag-sijena","tag-spain"],"share_on_mastodon":{"url":"https:\/\/pubeurope.com\/@es\/116731816649576337","error":""},"_links":{"self":[{"href":"https:\/\/www.europesays.com\/es\/wp-json\/wp\/v2\/posts\/600488","targetHints":{"allow":["GET"]}}],"collection":[{"href":"https:\/\/www.europesays.com\/es\/wp-json\/wp\/v2\/posts"}],"about":[{"href":"https:\/\/www.europesays.com\/es\/wp-json\/wp\/v2\/types\/post"}],"author":[{"embeddable":true,"href":"https:\/\/www.europesays.com\/es\/wp-json\/wp\/v2\/users\/2"}],"replies":[{"embeddable":true,"href":"https:\/\/www.europesays.com\/es\/wp-json\/wp\/v2\/comments?post=600488"}],"version-history":[{"count":0,"href":"https:\/\/www.europesays.com\/es\/wp-json\/wp\/v2\/posts\/600488\/revisions"}],"wp:featuredmedia":[{"embeddable":true,"href":"https:\/\/www.europesays.com\/es\/wp-json\/wp\/v2\/media\/600489"}],"wp:attachment":[{"href":"https:\/\/www.europesays.com\/es\/wp-json\/wp\/v2\/media?parent=600488"}],"wp:term":[{"taxonomy":"category","embeddable":true,"href":"https:\/\/www.europesays.com\/es\/wp-json\/wp\/v2\/categories?post=600488"},{"taxonomy":"post_tag","embeddable":true,"href":"https:\/\/www.europesays.com\/es\/wp-json\/wp\/v2\/tags?post=600488"}],"curies":[{"name":"wp","href":"https:\/\/api.w.org\/{rel}","templated":true}]}}