{"id":60051,"date":"2025-08-20T11:32:08","date_gmt":"2025-08-20T11:32:08","guid":{"rendered":"https:\/\/www.europesays.com\/es\/60051\/"},"modified":"2025-08-20T11:32:08","modified_gmt":"2025-08-20T11:32:08","slug":"jesus-cintora-frena-a-un-tertuliano-de-malas-lenguas-por-su-comentario-sobre-la-gestion-de-los-incendios-bulos-no","status":"publish","type":"post","link":"https:\/\/www.europesays.com\/es\/60051\/","title":{"rendered":"Jes\u00fas Cintora frena a un tertuliano de &#8216;Malas lenguas&#8217; por su comentario sobre la gesti\u00f3n de los incendios: \u00abBulos, no\u00bb"},"content":{"rendered":"<p class=\"article-text\">\n        <strong>Jes\u00fas Cintora<\/strong> fren\u00f3 este martes a uno de los tertulianos de <strong>Malas lenguas<\/strong> (RTVE) por un comentario sobre la gesti\u00f3n de los incendios. El tertuliano en cuesti\u00f3n fue <strong>Hugo Pereira<\/strong>, que en el primer tramo del programa hab\u00eda defendido unos argumentos opuestos a los de sus compa\u00f1eros de debate. Mientras el grueso de la mesa, con <strong>Ernesto Ekaizer<\/strong> a la cabeza, sosten\u00eda que las comunidades aut\u00f3nomas gobernadas por el PP no estaban gestionando bien los incendios que estos d\u00edas est\u00e1n asolando gran parte de Espa\u00f1a, Pereira exig\u00eda responsabilidades al Gobierno de <strong>Pedro S\u00e1nchez<\/strong> a pesar de que \u00e9ste no tiene las competencias para actuar en dicha materia.\n    <\/p>\n<p>    <a href=\"https:\/\/www.eldiario.es\/noticias\/cintora-volvio-malas-lenguas-rtve-seria-denuncia-incendios-tienes-jugarte-vida-cubo_1_12543218.html\" data-mrf-recirculation=\"saber-mas\" data-dl-event=\"saber-mas\" rel=\"nofollow noopener\" target=\"_blank\"><\/p>\n<p class=\"know-more__title\">Cintora volvi\u00f3 a &#8216;Malas lenguas&#8217; de RTVE con una seria denuncia de los incendios: \u00abTienes que jugarte la vida con un cubo\u00bb<\/p>\n<p>            <img decoding=\"async\" class=\"lazy\" loading=\"lazy\" data-src=\"https:\/\/static.eldiario.es\/clip\/58392f8b-5a50-4b48-81ef-503a09992d3c_16-9-aspect-ratio_default_0.jpg\" src=\"data:image\/svg+xml,%3Csvg xmlns=\" http:=\"\" viewbox=\"0 0 880 495\" alt=\"Cintora volvi\u00f3 a 'Malas lenguas' de RTVE con una seria denuncia de los incendios: &quot;Tienes que jugarte la vida con un cubo&quot;\"\/><\/p>\n<p>                        <\/a><\/p>\n<p class=\"article-text\">\n        \u201cLas comunidades aut\u00f3nomas no est\u00e1n invirtiendo correctamente, eso es evidente, lo ha reconocido hasta el Partido Popular. \u00bfPero no tiene nada que, al menos, vigilar el Gobierno Central? \u00bfNo tiene ning\u00fan tipo de responsabilidad el Gobierno Central en una pol\u00edtica tan importante como es la gesti\u00f3n forestal y la prevenci\u00f3n y extinci\u00f3n de incendios? \u00bfNo tiene nada que decir?\u201d, se pregunt\u00f3 el tertuliano, al que r\u00e1pidamente ech\u00f3 el freno Cintora: \u201c<strong>Hugo, no. Bulos, no<\/strong>. \u00bfQu\u00e9 va a controlar si las competencias est\u00e1n en manos de las comunidades aut\u00f3nomas?\u201d\n    <\/p>\n<p class=\"article-text\">\n        \u201cDurante el a\u00f1o tienen las competencias, tienen un presupuesto y deciden d\u00f3nde invierten m\u00e1s y d\u00f3nde invierten menos. Luego habr\u00e1 que debatir si las competencias deber\u00edan estar o no en manos de las comunidades aut\u00f3nomas, pero ahora mismo est\u00e1n\u201d, a\u00f1adi\u00f3 el presentador de RTVE en respuesta al colaborador.\n    <\/p>\n<p>    El tenso debate entre Ekaizer y Pereira<\/p>\n<p class=\"article-text\">\n        La intervenci\u00f3n de Cintora se produjo despu\u00e9s de que Pereira tuviera sus m\u00e1s y sus menos con Ekaizer. Sobre todo despu\u00e9s de que el primero insistiera en que las ayudas del Gobierno hab\u00edan llegado \u201ca cuentagotas\u201d. \u201cMe parece una barbaridad lo que has dicho porque los medios del Gobierno y las ayudas que ha dispuesto el resto de Europa han sido todo lo r\u00e1pido que han podido ser\u201d, respondi\u00f3, visiblemente enfadado, el argentino.\n    <\/p>\n<p class=\"article-text\">\n        Sin embargo, su enfado fue a\u00fan mayor cuando vio que su compa\u00f1ero insist\u00eda en que faltaban 200 soldados en la ayuda contra los incendios, que es la cifra que hab\u00eda solicitado p\u00fablicamente el presidente de la Xunta de Galicia, <strong>Alfonso Rueda<\/strong>. Para Ekaizer, que Pereira insistiera en una cifra tan relativamente peque\u00f1a para una crisis tan grande \u201cno es ser corto, es directamente <strong>no tener ninguna capacidad<\/strong> para analizar la situaci\u00f3n\u201d.\n    <\/p>\n<p>    <a href=\"https:\/\/www.eldiario.es\/vertele\/audiencias-tv\/el-diario-de-verano-telecinco-audiencias-primer-mes-cristina-lasvignes-analisis-mediaset_1_12541501.html\" data-mrf-recirculation=\"saber-mas-abajo\" data-dl-event=\"saber-mas-abajo\" rel=\"nofollow noopener\" target=\"_blank\"><\/p>\n<p class=\"know-more__title\">As\u00ed marcha &#8216;El diario de verano&#8217; en audiencias tras su primer mes con Cristina Lasvignes en Telecinco\n<\/p>\n<p>            <img decoding=\"async\" class=\"lazy\" loading=\"lazy\" data-src=\"https:\/\/static.eldiario.es\/clip\/2afa7562-64c7-48ce-be8f-e8d2a2135ffa_16-9-aspect-ratio_default_0.jpg\" src=\"data:image\/svg+xml,%3Csvg xmlns=\" http:=\"\" viewbox=\"0 0 880 495\" alt=\"As\u00ed marcha 'El diario de verano' en audiencias tras su primer mes con Cristina Lasvignes en Telecinco\"\/><\/p>\n<p>                        <\/a><\/p>\n<p class=\"article-text\">\n        Tras un par de entrevistas de Cintora a afectados por los incendios, Pereira tom\u00f3 la palabra y acus\u00f3 a Ekaizer de haberle insultado con sus palabras. \u201cCorto no es un insulto. La palabra la inventaste t\u00fa. <strong>\u00a1T\u00fa lo que quieres es discutir conmigo!<\/strong>\u201d, exclam\u00f3, a\u00fan m\u00e1s cabreado, el periodista bonaerense. Tambi\u00e9n cuando, en otra intervenci\u00f3n, defendi\u00f3 que Andaluc\u00eda, gobernada por el PP, es la comunidad aut\u00f3noma que m\u00e1s dinero invierte contra los incendios. \u201c\u00a1Pero c\u00f3mo no va a invertir m\u00e1s Andaluc\u00eda si tiene m\u00e1s territorio!\u201d, respondi\u00f3 Ekaizer en otro de los puntos \u00e1lgidos del debate.\n    <\/p>\n","protected":false},"excerpt":{"rendered":"Jes\u00fas Cintora fren\u00f3 este martes a uno de los tertulianos de Malas lenguas (RTVE) por un comentario sobre&hellip;\n","protected":false},"author":2,"featured_media":60052,"comment_status":"","ping_status":"","sticky":false,"template":"","format":"standard","meta":{"footnotes":""},"categories":[171],"tags":[23659,2724,146,147,25,24,6058,5064,4342,11945,19600,689,23,25198,214],"class_list":{"0":"post-60051","1":"post","2":"type-post","3":"status-publish","4":"format-standard","5":"has-post-thumbnail","7":"category-tv","8":"tag-bulos","9":"tag-comentario","10":"tag-entertainment","11":"tag-entretenimiento","12":"tag-es","13":"tag-espana","14":"tag-frena","15":"tag-gestion","16":"tag-incendios","17":"tag-jesus-cintora","18":"tag-malas-lenguas","19":"tag-no","20":"tag-spain","21":"tag-tertuliano","22":"tag-tv"},"share_on_mastodon":{"url":"","error":""},"_links":{"self":[{"href":"https:\/\/www.europesays.com\/es\/wp-json\/wp\/v2\/posts\/60051","targetHints":{"allow":["GET"]}}],"collection":[{"href":"https:\/\/www.europesays.com\/es\/wp-json\/wp\/v2\/posts"}],"about":[{"href":"https:\/\/www.europesays.com\/es\/wp-json\/wp\/v2\/types\/post"}],"author":[{"embeddable":true,"href":"https:\/\/www.europesays.com\/es\/wp-json\/wp\/v2\/users\/2"}],"replies":[{"embeddable":true,"href":"https:\/\/www.europesays.com\/es\/wp-json\/wp\/v2\/comments?post=60051"}],"version-history":[{"count":0,"href":"https:\/\/www.europesays.com\/es\/wp-json\/wp\/v2\/posts\/60051\/revisions"}],"wp:featuredmedia":[{"embeddable":true,"href":"https:\/\/www.europesays.com\/es\/wp-json\/wp\/v2\/media\/60052"}],"wp:attachment":[{"href":"https:\/\/www.europesays.com\/es\/wp-json\/wp\/v2\/media?parent=60051"}],"wp:term":[{"taxonomy":"category","embeddable":true,"href":"https:\/\/www.europesays.com\/es\/wp-json\/wp\/v2\/categories?post=60051"},{"taxonomy":"post_tag","embeddable":true,"href":"https:\/\/www.europesays.com\/es\/wp-json\/wp\/v2\/tags?post=60051"}],"curies":[{"name":"wp","href":"https:\/\/api.w.org\/{rel}","templated":true}]}}