{"id":600519,"date":"2026-06-11T14:17:14","date_gmt":"2026-06-11T14:17:14","guid":{"rendered":"https:\/\/www.europesays.com\/es\/600519\/"},"modified":"2026-06-11T14:17:14","modified_gmt":"2026-06-11T14:17:14","slug":"la-voz-eterna-de-camilo-sesto-ya-resuena-en-su-museo-en-alcoy","status":"publish","type":"post","link":"https:\/\/www.europesays.com\/es\/600519\/","title":{"rendered":"La voz eterna de Camilo Sesto ya resuena en su museo en Alcoy"},"content":{"rendered":"<p class=\"ft-text ft-helper-closenews\">La voz de <strong>Camilo Sesto<\/strong> resuena ya por los<strong> 300 metros cuadrados<\/strong> con los que cuenta su espectacular e innovador museo.  Un complejo que cuenta con espacios interactivos y una <strong>vitrina hologr\u00e1fica<\/strong> in\u00e9dita a Europa. <\/p>\n<p class=\"ft-text\">Toda una delicia para su <strong>legi\u00f3n de fans<\/strong>, que pueden recorrer una instalaci\u00f3n que incluye un escenario para conciertos y <strong>karaoke<\/strong>, un estudio de grabaci\u00f3n, una <strong>gramola interactiva<\/strong> y una secci\u00f3n sobre \u00ab<strong>Jesucristo Superstar<\/strong>\u00ab.<\/p>\n<p class=\"ft-text\">El Ayuntamiento de Alcoy ha inaugurado este jueves el Museo Camilo Sesto, un espacio con el que la ciudad salda una deuda con su artista m\u00e1s universal, al que dedica un <strong>inmueble emblem\u00e1tico<\/strong> para poner en valor <strong>su gigantesco legado<\/strong>.<\/p>\n<p class=\"ft-text\">El acto ha contado con la presencia de<strong> Lourdes Ornelas<\/strong>, madre de Camilo Blanes, conocido ahora como <strong>Sheila Devil<\/strong> y \u00fanico hijo del cantante. <\/p>\n<p class=\"ft-text\">Los asistentes a la inauguraci\u00f3n institucional han recorrido las instalaciones, en las que se ha invertido un mill\u00f3n de euros, financiados en parte con <strong>fondos europeos<\/strong>. Y han podido descubrir un espacio que conjuga el respeto por la obra del artista con la <strong>innovaci\u00f3n<\/strong>, de forma que la visita se convierte en una <strong>experiencia inmersiva<\/strong> a trav\u00e9s de la vida y la m\u00fasica de Camilo.<\/p>\n<p class=\"ft-text\">El museo est\u00e1 estructurado en <strong>dos plantas<\/strong> para separar la trayectoria profesional y la dimensi\u00f3n personal e \u00edntima del cantante. Eso s\u00ed, <strong>todav\u00eda no est\u00e1 operativo el ascensor<\/strong> para hacer plenamente accesible el inmueble.<\/p>\n<p class=\"ft-text\"><strong>Noticia en elaboraci\u00f3n<\/strong><\/p>\n<p data-close=\"closedContent\" class=\"subscribeHideForDisplay\">Suscr\u00edbete para seguir leyendo<\/p>\n","protected":false},"excerpt":{"rendered":"La voz de Camilo Sesto resuena ya por los 300 metros cuadrados con los que cuenta su espectacular&hellip;\n","protected":false},"author":2,"featured_media":600520,"comment_status":"","ping_status":"","sticky":false,"template":"","format":"standard","meta":{"footnotes":""},"categories":[173],"tags":[39242,229,233,231,230,19316,98232,208,232,234,146,147,25,10558,24,9193,470,39241,23],"class_list":["post-600519","post","type-post","status-publish","format-standard","has-post-thumbnail","category-arte-y-diseno","tag-alcoy","tag-arte","tag-arte-y-diseno","tag-arts","tag-arts-and-design","tag-camilo","tag-camilo-sesto","tag-conciertos","tag-design","tag-diseno","tag-entertainment","tag-entretenimiento","tag-es","tag-espacio","tag-espana","tag-inauguracion","tag-museo","tag-sesto","tag-spain"],"share_on_mastodon":{"url":"https:\/\/pubeurope.com\/@es\/116731907087287118","error":""},"_links":{"self":[{"href":"https:\/\/www.europesays.com\/es\/wp-json\/wp\/v2\/posts\/600519","targetHints":{"allow":["GET"]}}],"collection":[{"href":"https:\/\/www.europesays.com\/es\/wp-json\/wp\/v2\/posts"}],"about":[{"href":"https:\/\/www.europesays.com\/es\/wp-json\/wp\/v2\/types\/post"}],"author":[{"embeddable":true,"href":"https:\/\/www.europesays.com\/es\/wp-json\/wp\/v2\/users\/2"}],"replies":[{"embeddable":true,"href":"https:\/\/www.europesays.com\/es\/wp-json\/wp\/v2\/comments?post=600519"}],"version-history":[{"count":0,"href":"https:\/\/www.europesays.com\/es\/wp-json\/wp\/v2\/posts\/600519\/revisions"}],"wp:featuredmedia":[{"embeddable":true,"href":"https:\/\/www.europesays.com\/es\/wp-json\/wp\/v2\/media\/600520"}],"wp:attachment":[{"href":"https:\/\/www.europesays.com\/es\/wp-json\/wp\/v2\/media?parent=600519"}],"wp:term":[{"taxonomy":"category","embeddable":true,"href":"https:\/\/www.europesays.com\/es\/wp-json\/wp\/v2\/categories?post=600519"},{"taxonomy":"post_tag","embeddable":true,"href":"https:\/\/www.europesays.com\/es\/wp-json\/wp\/v2\/tags?post=600519"}],"curies":[{"name":"wp","href":"https:\/\/api.w.org\/{rel}","templated":true}]}}