{"id":600540,"date":"2026-06-11T14:34:30","date_gmt":"2026-06-11T14:34:30","guid":{"rendered":"https:\/\/www.europesays.com\/es\/600540\/"},"modified":"2026-06-11T14:34:30","modified_gmt":"2026-06-11T14:34:30","slug":"serena-williams-regresa-con-triunfo-en-un-partido-de-dobles-en-queens","status":"publish","type":"post","link":"https:\/\/www.europesays.com\/es\/600540\/","title":{"rendered":"Serena Williams regresa con triunfo en un partido de dobles en Queen&#8217;s"},"content":{"rendered":"<p style=\"\">Casi cuatro a\u00f1os despu\u00e9s de su \u00faltima participaci\u00f3n en un partido profesional de tenis, la emblem\u00e1tica <a href=\"https:\/\/www.abc.es\/noticias\/serena-williams\/\" title=\"www.abc.es\" data-voc-vtm-id=\"in-text-traffic\" data-mrf-link=\"www.abc.es\" rel=\"nofollow noopener\" target=\"_blank\">Serena Williams<\/a> ha regresado este martes a la competici\u00f3n a sus 44 a\u00f1os y lo ha hecho <strong>con una victoria<\/strong> junto a la joven canadiense Victoria Mboko  &#8230; en la primera ronda de dobles femeninos del torneo londinense sobre c\u00e9sped de Queen&#8217;s.<\/p>\n<p class=\"v-d-p\" style=\"\">La menor de las Williams, que tiene <strong>23 t\u00edtulos individuales del Grand Slam<\/strong> en su palmar\u00e9s, no jugaba en el circuito de la WTA desde septiembre de 2022, exactamente hace 1.376 d\u00edas. Entonces, perdi\u00f3 en la tercera ronda del torneo individual del US Open ante la australiana Ajla Tomljanovic, un d\u00eda despu\u00e9s de caer en dobles junto a su hermana mayor, Venus.<\/p>\n<p class=\"v-d-p\" style=\"\">Asociada en Queen&#8217;s a una jugadora prometedora de 19 a\u00f1os como Mboko, la ex n\u00famero uno mundial demostr\u00f3 que su visi\u00f3n del juego y sus reflejos <strong>contin\u00faan intactos<\/strong>, con lo que consiguieron la victoria por 7-6 (7\/2) y 6-2 sobre la dupla conformada por la estadounidense Nicole Melichar-Martinez y la neozelandesa Erin Routliffe.<\/p>\n<ul class=\"v-cmp-rld__u\">\n<li class=\"v-cmp-rld__l\">\n<p><a class=\"v-a-lnk\" href=\"http:\/\/www.abc.es\/deportes\/tenis\/serena-willimas-regresara-tenis-jugara-torneo-queens-20260601164008-nt.html#vtm_modulosEngag=noticiasrelacionadas-cmp-uno:deportes:noticia:1\" title=\"Serena Williams regresar\u00e1 al tenis con 44 a\u00f1os y jugar\u00e1 el dobles de Queen&#039;s\" data-voc-vtm-id=\"in-text-traffic\" rel=\"nofollow noopener\" target=\"_blank\"><br \/>\n<img decoding=\"async\" loading=\"lazy\" src=\"https:\/\/www.europesays.com\/es\/wp-content\/uploads\/2026\/06\/000001497041256-kxt--366x256@diario_abc.jpg\" class=\"v-a-img\" width=\"258\" height=\"180\" alt=\"Serena Williams regresar\u00e1 al tenis con 44 a\u00f1os y jugar\u00e1 el dobles de Queen's\"\/><br \/>\n<\/a><\/p>\n<\/li>\n<\/ul>\n<p class=\"v-d-p\" style=\"\">En declaraciones al micr\u00f3fono de los organizadores en la pista despu\u00e9s de la victoria, Serena Williams se ha mantenido sobria y ha destacado sobre todo los m\u00e9ritos de su compa\u00f1era. \u00abHa sido estupendo. Vicky (Victoria Mboko) acept\u00f3 unirse a nuestro equipo. Nunca hab\u00edamos jugado juntas y ha sido incre\u00edble poder estar con ella hoy\u00bb, dijo Serena.<\/p>\n<p class=\"v-d-p\" style=\"\">Durante el partido, las dos se mostraron muy c\u00f3mplices y con un di\u00e1logo fluido. \u00abEs <strong>un honor muy grande <\/strong>jugar con Serena. He disfrutado mucho, pero seguimos adelante\u00bb, ha se\u00f1alado Mboko.<\/p>\n<p>\nUn palmar\u00e9s espectacular\n<\/p>\n<p class=\"v-d-p\" style=\"\">Serena Williams anunci\u00f3 el lunes de la pasada semana que <a href=\"https:\/\/www.abc.es\/deportes\/tenis\/serena-willimas-regresara-tenis-jugara-torneo-queens-20260601164008-nt.html\" title=\"www.abc.es\" data-voc-vtm-id=\"in-text-traffic\" data-mrf-link=\"www.abc.es\" rel=\"nofollow noopener\" target=\"_blank\">iba a retomar la competici\u00f3n<\/a> en este torneo de Queen&#8217;s y que despu\u00e9s, la pr\u00f3xima semana, <strong>juguar\u00e1 en otra cita sobre hierba<\/strong>, en Berl\u00edn. Para su reaparici\u00f3n en individuales, la tenista norteamericana afirm\u00f3 el domingo en una rueda de prensa que no hay una fecha y que debe entrenar m\u00e1s, sin confirmar si finalmente volver\u00e1 tambi\u00e9n a jugar en solitario en esta nueva etapa de su carrera.<\/p>\n<p class=\"v-d-p\" style=\"\">Los dobles son un terreno que Serena Williams conoce bien despu\u00e9s de haber jugado regularmente en su carrera torneos junto a Venus, con la que form\u00f3 <strong>una de las mejores duplas <\/strong>de la historia.<\/p>\n<p class=\"v-d-p\" style=\"\">En su palmar\u00e9s, Serena tiene <strong>23 torneos de dobles femeninos<\/strong>, 14 de ellos de Grand Slam. A ellos a\u00f1ade, adem\u00e1s, t\u00edtulos en Wimbledon y el Open de EE.UU. en dobles mixtos, junto al bielorruso Max Mirnyi. Es por ahora la \u00fanica persona -hombres y mujeres- que gan\u00f3 los cuatro &#8216;grandes&#8217; <strong>tanto en individuales como en dobles<\/strong>. <\/p>\n","protected":false},"excerpt":{"rendered":"Casi cuatro a\u00f1os despu\u00e9s de su \u00faltima participaci\u00f3n en un partido profesional de tenis, la emblem\u00e1tica Serena Williams&hellip;\n","protected":false},"author":2,"featured_media":600541,"comment_status":"","ping_status":"","sticky":false,"template":"","format":"standard","meta":{"footnotes":""},"categories":[274],"tags":[168,24750,25,24,1045,45533,2902,54090,23,167,327,326,2886,308],"class_list":["post-600540","post","type-post","status-publish","format-standard","has-post-thumbnail","category-tenis","tag-deportes","tag-dobles","tag-es","tag-espana","tag-partido","tag-queens","tag-regresa","tag-serena","tag-spain","tag-sports","tag-tenis","tag-tennis","tag-triunfo","tag-williams"],"share_on_mastodon":{"url":"https:\/\/pubeurope.com\/@es\/116731974724141915","error":""},"_links":{"self":[{"href":"https:\/\/www.europesays.com\/es\/wp-json\/wp\/v2\/posts\/600540","targetHints":{"allow":["GET"]}}],"collection":[{"href":"https:\/\/www.europesays.com\/es\/wp-json\/wp\/v2\/posts"}],"about":[{"href":"https:\/\/www.europesays.com\/es\/wp-json\/wp\/v2\/types\/post"}],"author":[{"embeddable":true,"href":"https:\/\/www.europesays.com\/es\/wp-json\/wp\/v2\/users\/2"}],"replies":[{"embeddable":true,"href":"https:\/\/www.europesays.com\/es\/wp-json\/wp\/v2\/comments?post=600540"}],"version-history":[{"count":0,"href":"https:\/\/www.europesays.com\/es\/wp-json\/wp\/v2\/posts\/600540\/revisions"}],"wp:featuredmedia":[{"embeddable":true,"href":"https:\/\/www.europesays.com\/es\/wp-json\/wp\/v2\/media\/600541"}],"wp:attachment":[{"href":"https:\/\/www.europesays.com\/es\/wp-json\/wp\/v2\/media?parent=600540"}],"wp:term":[{"taxonomy":"category","embeddable":true,"href":"https:\/\/www.europesays.com\/es\/wp-json\/wp\/v2\/categories?post=600540"},{"taxonomy":"post_tag","embeddable":true,"href":"https:\/\/www.europesays.com\/es\/wp-json\/wp\/v2\/tags?post=600540"}],"curies":[{"name":"wp","href":"https:\/\/api.w.org\/{rel}","templated":true}]}}