{"id":600608,"date":"2026-06-11T15:21:18","date_gmt":"2026-06-11T15:21:18","guid":{"rendered":"https:\/\/www.europesays.com\/es\/600608\/"},"modified":"2026-06-11T15:21:18","modified_gmt":"2026-06-11T15:21:18","slug":"una-nueva-ruta-ciclista-recorre-los-escenarios-de-la-batalla-de-vitoria","status":"publish","type":"post","link":"https:\/\/www.europesays.com\/es\/600608\/","title":{"rendered":"Una nueva ruta ciclista recorre los escenarios de la Batalla de Vitoria"},"content":{"rendered":"<p style=\"\">Qui\u00e9n sabe qu\u00e9 le hubiera deparado a Vitoria, a \u00c1lava, a toda Europa si el General \u00c1lava, el Duque de Wellington y los suyos hubieran  &#8230; tenido ocasi\u00f3n de dejar a sus corceles en los establos y poder subirse a una bicicleta aquel 21 de junio de 1813. Lo mismo todo hubiera sido distinto, lo mismo se hubiera derramado menos sangre y la victoria se hubiera podido lograr sin tanto sufrimiento. M\u00e1s de 200 a\u00f1os despu\u00e9s, es posible recorrer a pedales aquellos mismos escenarios en los que se libr\u00f3 la Batalla de Vitoria. El Gobierno vasco y la Diputaci\u00f3n alavesa han presentado este jueves una nueva ruta ciclista que pretende convertirse en uno de los nuevos atractivos de la provincia.<\/p>\n<p class=\"v-d-p\" style=\"\">Del Museo de Armer\u00eda de \u00c1lava al campo de batalla en La Puebla de Arganz\u00f3n, Ari\u00f1ez, Margarita, Lopidana&#8230;, del cerro de J\u00fandiz al coraz\u00f3n de Vitoria, a los pies del Monumento y de ah\u00ed hasta Arg\u00f3maniz, a Gamarra y al Mirador de La Llanada. La nueva ruta ciclista que se acaba de habilitar recorre 83 kil\u00f3metros en un viaje por \u00abel episodio hist\u00f3rico m\u00e1s importante de Vitoria\u00bb, se\u00f1alan los promotores de una iniciativa que, por primera vez, pone el foco en el valor tur\u00edstico de un acontecimiento crucial por estos lares. <\/p>\n<p><img decoding=\"async\" loading=\"lazy\" src=\"https:\/\/www.europesays.com\/es\/wp-content\/uploads\/2026\/06\/ala-mapa-U40624287013fKw-680x476@El Correo.jpg\" class=\"v-a-img\" width=\"680\" height=\"478\" alt=\"Mapa del recorrido de la nueva ruta ciclista.\" data-voc-vtm-id=\"in-text-traffic\"\/><\/p>\n<p>Mapa del recorrido de la nueva ruta ciclista.<\/p>\n<p>(E. C.)<\/p>\n<p class=\"v-d-p\" style=\"\">El recorrido se estructura en dos tramos distintos. El primero se centra en el frente principal de la batalla y propone al visitante pedalear por el campo de la Batalla en el entorno de Vitoria e Iru\u00f1a de Oca. La segunda parte, hacia el este, discurre por el mismo camino de huida que tuvo que emprender el derrotado ej\u00e9rcito franc\u00e9s hasta llegar a la localidad de Arg\u00f3maniz.<\/p>\n<p>\nEl Waterloo alav\u00e9s\n<\/p>\n<p class=\"v-d-p\" style=\"\">La Asociaci\u00f3n Hist\u00f3rica Batalla de Vitoria 1813 lleva a\u00f1os reivindicando el valor patrimonial del acontecimiento hist\u00f3rico y se\u00f1alando su enorme potencial tur\u00edstico. \u00abEn Europa, el turismo b\u00e9lico mueve a miles de personas\u00bb, defiende el presidente del colectivo, Patxi Viana. Esta es la primera ocasi\u00f3n en que las instituciones recogen el guante y se animan a explotar la posibilidades de una contienda \u00abque los brit\u00e1nicos consideran tan importante como Waterloo y que cambi\u00f3 la historia de Europa\u00bb, ha recordado Viana este jueves durante el acto de presentaci\u00f3n de la iniciativa, que ha tenido lugar en Iru\u00f1a de Oca. <\/p>\n<p class=\"v-d-p\" style=\"\">\u00abEsta ruta de la batalla de Vitoria es memoria y es turismo\u00bb ha destacado el consejero de Turismo del Gobierno vasco, el socialista Javier Hurtado sobre una iniciativa que \u00abpermite integrar patrimonio hist\u00f3rico, paisaje y movilidad sostenible en una experiencia tur\u00edstica completa, al tiempo que contribuye a dinamizar el entorno rural y a distribuir mejor los flujos de visitantes\u00bb.<\/p>\n<p class=\"v-d-p\" style=\"\">Por su parte, la diputada foral de Turismo y teniente de diputado general, la tambi\u00e9n socialista Cristina Gonz\u00e1lez, ha incidido en que esta nueva ruta supone un atractivo m\u00e1s \u00aben la estrategia de desestacionalizar el turismo aumentar las cifras de pernoctaciones\u00bb. Las cifras del Eustat, desde luego, invitan a pensar que \u00c1lava ya est\u00e1 cumpliendo con este objetivo. \u00abCerramos 2025 con cifras hist\u00f3ricas y mantenemos la tendencia en 2026: las noches contratadas en nuestros alojamientos han crecido entre enero y abril el 2,5% y la estancia media roza ya los 2,4 d\u00edas, la m\u00e1s alta de Euskadi\u00bb, ha sostenido.<\/p>\n","protected":false},"excerpt":{"rendered":"Qui\u00e9n sabe qu\u00e9 le hubiera deparado a Vitoria, a \u00c1lava, a toda Europa si el General \u00c1lava, el&hellip;\n","protected":false},"author":2,"featured_media":600609,"comment_status":"","ping_status":"","sticky":false,"template":"","format":"standard","meta":{"footnotes":""},"categories":[273],"tags":[4095,313,1757,312,168,25,15158,24,795,53894,2236,23,167,2177],"class_list":["post-600608","post","type-post","status-publish","format-standard","has-post-thumbnail","category-ciclismo","tag-batalla","tag-ciclismo","tag-ciclista","tag-cycling","tag-deportes","tag-es","tag-escenarios","tag-espana","tag-nueva","tag-recorrera","tag-ruta","tag-spain","tag-sports","tag-vitoria"],"share_on_mastodon":{"url":"https:\/\/pubeurope.com\/@es\/116732159148184015","error":""},"_links":{"self":[{"href":"https:\/\/www.europesays.com\/es\/wp-json\/wp\/v2\/posts\/600608","targetHints":{"allow":["GET"]}}],"collection":[{"href":"https:\/\/www.europesays.com\/es\/wp-json\/wp\/v2\/posts"}],"about":[{"href":"https:\/\/www.europesays.com\/es\/wp-json\/wp\/v2\/types\/post"}],"author":[{"embeddable":true,"href":"https:\/\/www.europesays.com\/es\/wp-json\/wp\/v2\/users\/2"}],"replies":[{"embeddable":true,"href":"https:\/\/www.europesays.com\/es\/wp-json\/wp\/v2\/comments?post=600608"}],"version-history":[{"count":0,"href":"https:\/\/www.europesays.com\/es\/wp-json\/wp\/v2\/posts\/600608\/revisions"}],"wp:featuredmedia":[{"embeddable":true,"href":"https:\/\/www.europesays.com\/es\/wp-json\/wp\/v2\/media\/600609"}],"wp:attachment":[{"href":"https:\/\/www.europesays.com\/es\/wp-json\/wp\/v2\/media?parent=600608"}],"wp:term":[{"taxonomy":"category","embeddable":true,"href":"https:\/\/www.europesays.com\/es\/wp-json\/wp\/v2\/categories?post=600608"},{"taxonomy":"post_tag","embeddable":true,"href":"https:\/\/www.europesays.com\/es\/wp-json\/wp\/v2\/tags?post=600608"}],"curies":[{"name":"wp","href":"https:\/\/api.w.org\/{rel}","templated":true}]}}