{"id":600902,"date":"2026-06-11T18:35:13","date_gmt":"2026-06-11T18:35:13","guid":{"rendered":"https:\/\/www.europesays.com\/es\/600902\/"},"modified":"2026-06-11T18:35:13","modified_gmt":"2026-06-11T18:35:13","slug":"tharp-el-huracan-que-vuela-sobre-las-vallas","status":"publish","type":"post","link":"https:\/\/www.europesays.com\/es\/600902\/","title":{"rendered":"Tharp, el hurac\u00e1n que vuela sobre las vallas"},"content":{"rendered":"<p style=\"\">Nadie esperaba esto. En el insospechado escenario de las semifinales de los Universitarios USA, en el sagrado Hayward Field de Oregon, <strong>un vallista de 20 a\u00f1os y 1,93 de estatura llamado Ja&#8217;Kobe Tharp<\/strong> ha logrado lo que parec\u00eda reservado a las leyendas  &#8230; intocables: ha pulverizado el r\u00e9cord mundial de los 110 metros vallas. 12.75. Cinco cent\u00e9simas menos que los 12.80 que Aries Merritt hab\u00eda clavado hace casi 14 a\u00f1os en Bruselas. Un terremoto en toda regla.<\/p>\n<p class=\"v-d-p\" style=\"\">No era la final. Ni siquiera una prueba de la Diamond League con los mejores del mundo como rivales. Se trataba simplemente de<strong> una semifinal universitaria<\/strong>, con el viento a favor legal (+1.0). La joven estrella de la Universidad de Auburn sali\u00f3 como si llevara dentro un resorte de otra \u00e9poca. T\u00e9cnica impecable en el paso de valla, potencia descomunal y esa hambre de quien no ha venido a participar, sino a reescribir los libros. Los que saben de esto se quedaron mudos. Grant Holloway, la \u00faltima gran referencia de las vallas, ha visto c\u00f3mo le arrancaban de golpe su plusmarca universitaria\u2026 por 23 cent\u00e9simas. Tharp no solo corri\u00f3: arras\u00f3. Un r\u00e9cord inesperado, insospechado, brutal.<\/p>\n<p class=\"v-d-p\" style=\"\">Nacido en Murfreesboro (Tennessee), hijo de dos jugadores de baloncesto, Tharp es uno de esos portentos f\u00edsicos, <strong>uno de esos fen\u00f3menos de la gen\u00e9tica que el atletismo americano saca de vez en cuando<\/strong> de sus campus universitarios: Tharp ya hab\u00eda dejado huella este invierno con 7.32 en los 60 vallas indoor, la tercera marca de la historia. Pero estos 12.75 en semifinales\u2026 pertenecen a otra galaxia.<\/p>\n<ul class=\"v-cmp-rld__u\">\n<li class=\"v-cmp-rld__l\">\n<p><a class=\"v-a-lnk\" href=\"http:\/\/www.abc.es\/deportes\/jordan-vuela-record-espana-100-metros-20260530084310-nt.html#vtm_modulosEngag=noticiasrelacionadas-cmp-uno:deportes:noticia:1\" title=\"Abel Jord\u00e1n vuela hacia el r\u00e9cord de Espa\u00f1a de 100 metros\" data-voc-vtm-id=\"in-text-traffic\" rel=\"nofollow noopener\" target=\"_blank\"><br \/>\n<img decoding=\"async\" loading=\"lazy\" src=\"https:\/\/www.europesays.com\/es\/wp-content\/uploads\/2026\/06\/DAMBin-U07307033280PAA-366x256@diario_abc.jpg\" class=\"v-a-img\" width=\"258\" height=\"180\" alt=\"Abel Jord\u00e1n vuela hacia el r\u00e9cord de Espa\u00f1a de 100 metros\"\/><br \/>\n<\/a><\/p>\n<\/li>\n<\/ul>\n<p class=\"v-d-p\" style=\"\">\u00abSab\u00eda que estaba para bajar de 13 segundos, que llegaba fino. Pero no para esto, hermano. No era mi intenci\u00f3n\u00bb, confesaba Tharp tras el r\u00e9cord, todav\u00eda con la mirada perdida. El de Auburn quiso enviar un mensaje potente y el mensaje lleg\u00f3 en forma de bomba at\u00f3mica. Tharp suele decir que en los entrenamientos da el 98%; ese 2% extra le sali\u00f3 del alma en las m\u00edticas pistas de Oregon, donde se gest\u00f3 la compa\u00f1\u00eda Nike. Las \u00faltimas vallas se le echaban encima como si el tiempo se hubiera acelerado.<\/p>\n<p>\nUn brillante futuro\n<\/p>\n<p class=\"v-d-p\" style=\"\">Toni Puig, el entrenador del valenciano Llopis, se sobresalt\u00f3 cuando ABC le transmiti\u00f3 la noticia esta madrugada. \u00ab\u00bfEn serio? \u00a1Vaya tela!\u00bb. Tharp ya fue sexto en la final del Mundial de Tokio, 15 cent\u00e9simas por detr\u00e1s de Llopis, quien roz\u00f3 el milagro acabando cuarto. Campe\u00f3n del mundo sub-20, ganador de los \u00faltimos campeonatos USA&#8230; y ahora, a\u00fan en plena progresi\u00f3n, due\u00f1o absoluto de la plusmarca mundial. Todav\u00eda le queda un curso m\u00e1s en Auburn, <strong>bajo la tutela de un programa que lidera el m\u00edtico exvelocista Leroy Burrell.<\/strong> \u00bfQu\u00e9 puede lograr este portento cuando madure del todo? \u00abHacer 12,75 es totalmente incre\u00edble, su alt\u00edsimo nivel de su frecuencia entre vallas y que lo mantenga hasta la d\u00e9cima valla me parece extraordinario\u00bb, explic\u00f3 Puig.<\/p>\n<p class=\"v-d-p\" style=\"\">En el atletismo actual, que a veces parece encorsetado por el profesionalismo, la tecnolog\u00eda y las zapatillas m\u00e1gicas, ver a un joven universitario destrozar un r\u00e9cord que llevaba m\u00e1s de una d\u00e9cada intacto es ox\u00edgeno puro. Tharp no ha venido a pedir permiso. Ha venido a volar. Y el atletismo mundial, a partir de hoy, tiene un nuevo rey de las vallas. Un rey que todav\u00eda no ha alcanzado su trono definitivo.<\/p>\n<p class=\"v-d-p\" style=\"\">En la misma competici\u00f3n, el espa\u00f1ol <strong>Abel Jord\u00e1n corri\u00f3 los 100 metros en 10.29<\/strong>, lejos del r\u00e9cord nacional. El de Alcobendas no logr\u00f3 el pase a la final y deber\u00e1 esperar a su pr\u00f3xima competici\u00f3n para intentar derribar los 10.06 de Bruno Hortelano.<\/p>\n","protected":false},"excerpt":{"rendered":"Nadie esperaba esto. En el insospechado escenario de las semifinales de los Universitarios USA, en el sagrado Hayward&hellip;\n","protected":false},"author":2,"featured_media":600903,"comment_status":"","ping_status":"","sticky":false,"template":"","format":"standard","meta":{"footnotes":""},"categories":[93],"tags":[168,25,24,16210,57,23,167,113013,33577,19606],"class_list":["post-600902","post","type-post","status-publish","format-standard","has-post-thumbnail","category-deportes","tag-deportes","tag-es","tag-espana","tag-huracan","tag-sobre","tag-spain","tag-sports","tag-tharp","tag-vallas","tag-vuela"],"share_on_mastodon":{"url":"https:\/\/pubeurope.com\/@es\/116732922017690887","error":""},"_links":{"self":[{"href":"https:\/\/www.europesays.com\/es\/wp-json\/wp\/v2\/posts\/600902","targetHints":{"allow":["GET"]}}],"collection":[{"href":"https:\/\/www.europesays.com\/es\/wp-json\/wp\/v2\/posts"}],"about":[{"href":"https:\/\/www.europesays.com\/es\/wp-json\/wp\/v2\/types\/post"}],"author":[{"embeddable":true,"href":"https:\/\/www.europesays.com\/es\/wp-json\/wp\/v2\/users\/2"}],"replies":[{"embeddable":true,"href":"https:\/\/www.europesays.com\/es\/wp-json\/wp\/v2\/comments?post=600902"}],"version-history":[{"count":0,"href":"https:\/\/www.europesays.com\/es\/wp-json\/wp\/v2\/posts\/600902\/revisions"}],"wp:featuredmedia":[{"embeddable":true,"href":"https:\/\/www.europesays.com\/es\/wp-json\/wp\/v2\/media\/600903"}],"wp:attachment":[{"href":"https:\/\/www.europesays.com\/es\/wp-json\/wp\/v2\/media?parent=600902"}],"wp:term":[{"taxonomy":"category","embeddable":true,"href":"https:\/\/www.europesays.com\/es\/wp-json\/wp\/v2\/categories?post=600902"},{"taxonomy":"post_tag","embeddable":true,"href":"https:\/\/www.europesays.com\/es\/wp-json\/wp\/v2\/tags?post=600902"}],"curies":[{"name":"wp","href":"https:\/\/api.w.org\/{rel}","templated":true}]}}