{"id":601102,"date":"2026-06-11T20:49:18","date_gmt":"2026-06-11T20:49:18","guid":{"rendered":"https:\/\/www.europesays.com\/es\/601102\/"},"modified":"2026-06-11T20:49:18","modified_gmt":"2026-06-11T20:49:18","slug":"un-tesoro-centenario-en-asturias-con-suelos-disenados-por-gaudi-busca-dueno-por-280-000-euros","status":"publish","type":"post","link":"https:\/\/www.europesays.com\/es\/601102\/","title":{"rendered":"Un tesoro centenario en Asturias con suelos dise\u00f1ados por Gaud\u00ed busca due\u00f1o por 280.000 euros"},"content":{"rendered":"<p style=\"\">Lo que a simple vista podr\u00eda parecer otra hermosa casona del occidente asturiano es, en realidad, un tesoro oculto del modernismo, cuyo principal reclamo descansa  &#8230; bajo los pies de sus visitantes: conserva suelos dise\u00f1ados por el mism\u00edsimo Antoni Gaud\u00ed. Se trata de Casa El Moreno, una vivienda de estilo indiano que acaba de salir a la venta por 280.000 euros, cuyos cimientos reposan en Tapia de Casariego.<\/p>\n<p class=\"v-d-p\" style=\"\">Est\u00e1 situada a tan solo un kil\u00f3metro del mar y a cinco minutos en coche de los servicios principales del concejo. Adem\u00e1s, en unos diez minutos se llega a Ribadeo y en aproximadamente otros quince minutos a la playa de las Catedrales, uno de los enclaves m\u00e1s conocidos de la costa gallega.<\/p>\n<ul class=\"v-sld__g \">\n<p><img decoding=\"async\" loading=\"lazy\" src=\"https:\/\/www.europesays.com\/es\/wp-content\/uploads\/2026\/06\/suelo-gaudi-casa-moreno-tapia-casariego-kesG--1200x840@El Comercio.jpg\" class=\"v-a-img\" width=\"680\" height=\"476\" alt=\"Imagen de Galeria \"\/><\/p>\n<p>El suelo dise\u00f1ado por Antoni Guad\u00ed.<\/p>\n<p><img decoding=\"async\" loading=\"lazy\" src=\"https:\/\/www.europesays.com\/es\/wp-content\/uploads\/2026\/06\/suelo-gaudi-casa-moreno-tapia-casariego2-kesG--1200x840@El Comercio.jpg\" class=\"v-a-img\" width=\"680\" height=\"476\" alt=\"Imagen de Galeria \"\/><\/p>\n<p>El suelo dise\u00f1ado por Antoni Guad\u00ed.<\/p>\n<\/ul>\n<p>\n1.500 metros cuadrados, tres plantas y una galer\u00eda\n<\/p>\n<p class=\"v-d-p\" style=\"\">Construida en 1921, la vivienda cuenta con una superficie de 368 metros cuadrados distribuidos en tres plantas, la propiedad cuenta con una arquitectura de indiano cl\u00e1sica, donde destaca una deslumbrante galer\u00eda acristalada que ba\u00f1a de luz natural las estancias y conecta el interior con el caracter\u00edstico paisaje verde.<\/p>\n<p class=\"v-d-p\" style=\"\">M\u00e1s all\u00e1 de sus cuatro habitaciones y su ubicaci\u00f3n privilegiada -en una generosa finca de 1.500 metros cuadrados que forma parte del trazado del Camino de Santiago del Norte-, el valor diferencial de la inmueble reside en su extraordinario patrimonio art\u00edstico. Junto a los pavimentos con el sello de Gaud\u00ed, las estancias atesoran una variedad de frescos pintados a mano y mobiliario de \u00e9poca colonial y modernista. <\/p>\n<p class=\"v-d-p\" style=\"\">La propiedad, que actualmente es habitable pero precisa de una reforma para lucir en todo su esplendor, se sit\u00faa adem\u00e1s en un enclave estrat\u00e9gico, a solo diez minutos de Ribadeo y quince de la Playa de las Catedrales.<\/p>\n","protected":false},"excerpt":{"rendered":"Lo que a simple vista podr\u00eda parecer otra hermosa casona del occidente asturiano es, en realidad, un tesoro&hellip;\n","protected":false},"author":2,"featured_media":601103,"comment_status":"","ping_status":"","sticky":false,"template":"","format":"standard","meta":{"footnotes":""},"categories":[173],"tags":[113031,229,233,231,230,1770,331,5204,232,113030,234,4393,146,147,25,24,1557,31791,23,66447,14613],"class_list":["post-601102","post","type-post","status-publish","format-standard","has-post-thumbnail","category-arte-y-diseno","tag-113031","tag-arte","tag-arte-y-diseno","tag-arts","tag-arts-and-design","tag-asturias","tag-busca","tag-centenario","tag-design","tag-disenados","tag-diseno","tag-dueno","tag-entertainment","tag-entretenimiento","tag-es","tag-espana","tag-euros","tag-gaudi","tag-spain","tag-suelos","tag-tesoro"],"share_on_mastodon":{"url":"https:\/\/pubeurope.com\/@es\/116733448570848992","error":""},"_links":{"self":[{"href":"https:\/\/www.europesays.com\/es\/wp-json\/wp\/v2\/posts\/601102","targetHints":{"allow":["GET"]}}],"collection":[{"href":"https:\/\/www.europesays.com\/es\/wp-json\/wp\/v2\/posts"}],"about":[{"href":"https:\/\/www.europesays.com\/es\/wp-json\/wp\/v2\/types\/post"}],"author":[{"embeddable":true,"href":"https:\/\/www.europesays.com\/es\/wp-json\/wp\/v2\/users\/2"}],"replies":[{"embeddable":true,"href":"https:\/\/www.europesays.com\/es\/wp-json\/wp\/v2\/comments?post=601102"}],"version-history":[{"count":0,"href":"https:\/\/www.europesays.com\/es\/wp-json\/wp\/v2\/posts\/601102\/revisions"}],"wp:featuredmedia":[{"embeddable":true,"href":"https:\/\/www.europesays.com\/es\/wp-json\/wp\/v2\/media\/601103"}],"wp:attachment":[{"href":"https:\/\/www.europesays.com\/es\/wp-json\/wp\/v2\/media?parent=601102"}],"wp:term":[{"taxonomy":"category","embeddable":true,"href":"https:\/\/www.europesays.com\/es\/wp-json\/wp\/v2\/categories?post=601102"},{"taxonomy":"post_tag","embeddable":true,"href":"https:\/\/www.europesays.com\/es\/wp-json\/wp\/v2\/tags?post=601102"}],"curies":[{"name":"wp","href":"https:\/\/api.w.org\/{rel}","templated":true}]}}