{"id":601200,"date":"2026-06-11T21:59:03","date_gmt":"2026-06-11T21:59:03","guid":{"rendered":"https:\/\/www.europesays.com\/es\/601200\/"},"modified":"2026-06-11T21:59:03","modified_gmt":"2026-06-11T21:59:03","slug":"el-ayuntamiento-da-un-paso-mas-para-acoger-una-sede-del-museo-europeo-de-arte-moderno-de-barcelona-en-caballerizas","status":"publish","type":"post","link":"https:\/\/www.europesays.com\/es\/601200\/","title":{"rendered":"El Ayuntamiento da un paso m\u00e1s para acoger una sede del Museo Europeo de Arte Moderno de Barcelona en Caballerizas"},"content":{"rendered":"<p class=\"article-text\">\n        El Ayuntamiento de C\u00f3rdoba ha dado este mi\u00e9rcoles un nuevo paso en su objetivo de implantar una sede del Museo Europeo de Arte Moderno (MEAM) en las Caballerizas Reales con la firma de una declaraci\u00f3n de intenciones entre el alcalde, Jos\u00e9 Mar\u00eda Bellido, y el presidente de la Fundaci\u00f3n Les Arts i els Artistes de Barcelona, Xavier Bassons.\n    <\/p>\n<p>    <a href=\"https:\/\/cordopolis.eldiario.es\/cultura\/cesion-sala-caballerizas-museo-barcelones-desata-levantamiento-mundo-cultura-cordobesa_1_13199528.html\" data-mrf-recirculation=\"saber-mas\" data-dl-event=\"saber-mas\" rel=\"nofollow noopener\" target=\"_blank\"><\/p>\n<p class=\"know-more__title\">La cesi\u00f3n de una sala de Caballerizas a un museo barcelon\u00e9s desata un levantamiento del mundo de la cultura cordobesa<\/p>\n<p>            <img decoding=\"async\" class=\"lazy\" loading=\"lazy\" data-src=\"https:\/\/static.eldiario.es\/clip\/c3faa94c-f71b-42ba-adf6-be05330d56cf_16-9-aspect-ratio_default_0.jpg\" src=\"data:image\/svg+xml,%3Csvg xmlns=\" http:=\"\" viewbox=\"0 0 880 495\" alt=\"La cesi\u00f3n de una sala de Caballerizas a un museo barcelon\u00e9s desata un levantamiento del mundo de la cultura cordobesa\"\/><\/p>\n<p>                        <\/a><\/p>\n<p class=\"article-text\">\n        El acuerdo marca el inicio de una fase de colaboraci\u00f3n entre ambas instituciones para desarrollar el proyecto muse\u00edstico en el emblem\u00e1tico edificio cordob\u00e9s, una iniciativa que Bellido enmarc\u00f3 dentro de la estrategia de la ciudad para reforzar su oferta cultural y patrimonial. \u201cEste es un proyecto de la C\u00f3rdoba del futuro\u201d, ha afirmado el alcalde, quien destac\u00f3 que la llegada del MEAM permitir\u00eda incorporar a la ciudad un museo de referencia internacional especializado en arte contempor\u00e1neo figurativo.\n    <\/p>\n<p class=\"article-text\">\n        En este sentido, Bellido record\u00f3 que C\u00f3rdoba lleva a\u00f1os persiguiendo la incorporaci\u00f3n de una gran colecci\u00f3n (ha rememorado el caso de la colecci\u00f3n de Pilar Citoler, pero no el frustrado paso de la TBA21 Thyssen-Bornemisza Academy por el C3A) y se\u00f1al\u00f3 que esta propuesta podr\u00eda materializar una aspiraci\u00f3n que no lleg\u00f3 a fructificar en anteriores intentos. El regidor ha defendido adem\u00e1s que el proyecto contribuir\u00e1 a ampliar la oferta art\u00edstica local y ha recordado el \u00e9xito de las dos exposiciones vinculadas a la nueva figuraci\u00f3n celebradas en los \u00faltimos a\u00f1os en la sala Vimcorsa. \u201cAqu\u00ed cabemos todos\u201d, ha asegurado, rechazando que la iniciativa suponga una exclusi\u00f3n de otras corrientes art\u00edsticas.\n    <\/p>\n<p class=\"article-text\">\n        No obstante, el alcalde se ha esforzado por aclarar que queda todav\u00eda mucho para que el proyecto sea una realidad. A tenor de lo firmado este mi\u00e9rcoles, la futura implantaci\u00f3n del museo se articular\u00e1 mediante una concesi\u00f3n demanial directa, cuyos detalles econ\u00f3micos y temporales a\u00fan est\u00e1n pendientes de concretar. Asimismo, avanz\u00f3 la creaci\u00f3n de una comisi\u00f3n de seguimiento para que la fundaci\u00f3n colabore en el dise\u00f1o de los espacios expositivos que se habilitar\u00e1n en Caballerizas Reales.\n    <\/p>\n<p class=\"article-text\">\n        Bellido ha insistido en que el procedimiento se desarrollar\u00e1 con transparencia (este mismo d\u00eda ha habido una reuni\u00f3n con los portavoces de los grupos pol\u00edticos) y ha recordado que el proyecto ha sido dise\u00f1ado con el asesoramiento de los servicios jur\u00eddicos municipales. Adem\u00e1s, ha se\u00f1alado que continuar\u00e1 su tramitaci\u00f3n por los \u00f3rganos de participaci\u00f3n ciudadana, entre ellos el Consejo del Movimiento Ciudadano y el Consejo Social de la ciudad.\n    <\/p>\n<p>            <img decoding=\"async\" class=\"lazy\" loading=\"lazy\" data-src=\"https:\/\/static.eldiario.es\/clip\/469ed876-b9d8-4d9d-bf16-d817c2ab0171_16-9-discover-aspect-ratio_default_0.jpg\" src=\"data:image\/svg+xml,%3Csvg xmlns=\" http:=\"\" viewbox=\"0 0 1200 675\" alt=\"El presidente de la Fundaci\u00f3n Les Arts i els Artistes de Barcelona, Xavier Bassons.\"\/><\/p>\n<p>    C\u00f3rdoba, pieza clave en la expansi\u00f3n del MEAM<\/p>\n<p class=\"article-text\">\n        Por su parte, Xavier Bassons ha explicado que la elecci\u00f3n de C\u00f3rdoba responde al plan estrat\u00e9gico de expansi\u00f3n de la instituci\u00f3n catalana, que busca contar con una segunda sede de relevancia similar a la de Barcelona como paso previo para impulsar su crecimiento internacional. El presidente de la fundaci\u00f3n destac\u00f3 el valor patrimonial de la ciudad, sus conexiones de transporte y la existencia de una importante tradici\u00f3n de artistas figurativos. \u201cQuer\u00edamos un segundo emplazamiento tan fuerte como Barcelona para prepararnos para la expansi\u00f3n internacional\u201d, se\u00f1alaba.\n    <\/p>\n<p class=\"article-text\">\n        Bassons explic\u00f3 que la fundaci\u00f3n dispone de alrededor de un millar de obras preparadas para ser expuestas y subray\u00f3 la proyecci\u00f3n internacional de la instituci\u00f3n, que desarrolla actividades y exposiciones en distintos pa\u00edses de Europa, Asia y Am\u00e9rica y que, justo en estos momentos, est\u00e1 en conversaciones para dar el salto a China, tras frustrarse un proyecto en Dubai por la situaci\u00f3n del Golfo P\u00e9rsico.\n    <\/p>\n<p class=\"article-text\">\n        Asimismo, ha defendido la figuraci\u00f3n como una disciplina art\u00edstica plenamente vigente, aunque ha rechazado cualquier confrontaci\u00f3n con otras tendencias. \u201cYo no estoy en contra del arte conceptual o abstracto. Son colegas y me gustar\u00eda sentarme con ellos y hablar\u201d, ha afirmado el presidente de la Fundaci\u00f3n Les Arts i els Artistes, que ha insistido en que su \u00fanico baremo es la calidad de los artistas.\n    <\/p>\n<p>            <img decoding=\"async\" class=\"lazy\" loading=\"lazy\" data-src=\"https:\/\/static.eldiario.es\/clip\/9d7793d5-a89e-4d56-b36c-f16f565f4c7e_16-9-discover-aspect-ratio_default_0.jpg\" src=\"data:image\/svg+xml,%3Csvg xmlns=\" http:=\"\" viewbox=\"0 0 1200 675\" alt=\"Firma de la declaraci\u00f3n de intenciones para el establecimiento de una subsede del Museo Europeo de Arte Contempor\u00e1neo (MEAM)\"\/><\/p>\n<p>    El alcalde pone sobre la mesa Regina como espacio de arte conceptual<\/p>\n<p class=\"article-text\">\n        La firma de la declaraci\u00f3n de intenciones llega despu\u00e9s de que un grupo de artistas, comisarios, cr\u00edticos y gestores culturales de gran relevancia hiciera p\u00fablica una carta abierta en la que cuestionaban la cesi\u00f3n de las futuras salas de Caballerizas Reales al MEAM y reclamaban un espacio expositivo municipal abierto a todas las corrientes del arte contempor\u00e1neo. A ellos se han dirigido tanto Bassons como el alcalde.\n    <\/p>\n<p class=\"article-text\">\n        Bassons ha indicado que le encantar\u00eda poder hablar con el sector cr\u00edtico. \u201cLes invito que se sienten conmigo y lo hablemos\u201d, ha propuesto. Por su parte, Bellido ha asegurado que respeta la opini\u00f3n cr\u00edtica y ha mostrado su disposici\u00f3n a abrir una v\u00eda de di\u00e1logo con sus representantes. El alcalde ha planteado adem\u00e1s la posibilidad de explorar alternativas para este sector en otros espacios municipales, citando expresamente el Convento Regina, que, seg\u00fan ha dicho, estar\u00e1 terminado mucho antes que la sala de Caballerizas.\n    <\/p>\n<p class=\"article-text\">\n        \u201cLes tiendo la mano para estudiar la viabilidad de desarrollar all\u00ed un proyecto que encaje con las caracter\u00edsticas que demandan\u201d, ha se\u00f1alado el alcalde, que ha negado cualquier \u201cfavoritismo\u201d y ha pedido a los cordobeses que den una oportunidad a una iniciativa que, a su juicio, permitir\u00e1 aumentar la oferta muse\u00edstica de la ciudad. \u201cAqu\u00ed cabemos todos\u201d, ha concluido el alcalde.\n    <\/p>\n<p>            <img decoding=\"async\" class=\"lazy\" loading=\"lazy\" data-src=\"https:\/\/static.eldiario.es\/clip\/771d80ba-12c8-4a8e-bb11-0a746d947e65_16-9-discover-aspect-ratio_default_0.jpg\" src=\"data:image\/svg+xml,%3Csvg xmlns=\" http:=\"\" viewbox=\"0 0 1200 675\" alt=\"Firma de la declaraci\u00f3n de intenciones para el establecimiento de una subsede del Museo Europeo de Arte Contempor\u00e1neo (MEAM)\"\/><\/p>\n","protected":false},"excerpt":{"rendered":"El Ayuntamiento de C\u00f3rdoba ha dado este mi\u00e9rcoles un nuevo paso en su objetivo de implantar una sede&hellip;\n","protected":false},"author":2,"featured_media":601201,"comment_status":"","ping_status":"","sticky":false,"template":"","format":"standard","meta":{"footnotes":""},"categories":[173],"tags":[14760,229,233,231,230,1250,210,104618,7164,232,234,146,147,25,24,5824,34493,470,4191,4569,23],"class_list":["post-601200","post","type-post","status-publish","format-standard","has-post-thumbnail","category-arte-y-diseno","tag-acoger","tag-arte","tag-arte-y-diseno","tag-arts","tag-arts-and-design","tag-ayuntamiento","tag-barcelona","tag-caballerizas","tag-da","tag-design","tag-diseno","tag-entertainment","tag-entretenimiento","tag-es","tag-espana","tag-europeo","tag-moderno","tag-museo","tag-paso","tag-sede","tag-spain"],"share_on_mastodon":{"url":"https:\/\/pubeurope.com\/@es\/116733723643983765","error":""},"_links":{"self":[{"href":"https:\/\/www.europesays.com\/es\/wp-json\/wp\/v2\/posts\/601200","targetHints":{"allow":["GET"]}}],"collection":[{"href":"https:\/\/www.europesays.com\/es\/wp-json\/wp\/v2\/posts"}],"about":[{"href":"https:\/\/www.europesays.com\/es\/wp-json\/wp\/v2\/types\/post"}],"author":[{"embeddable":true,"href":"https:\/\/www.europesays.com\/es\/wp-json\/wp\/v2\/users\/2"}],"replies":[{"embeddable":true,"href":"https:\/\/www.europesays.com\/es\/wp-json\/wp\/v2\/comments?post=601200"}],"version-history":[{"count":0,"href":"https:\/\/www.europesays.com\/es\/wp-json\/wp\/v2\/posts\/601200\/revisions"}],"wp:featuredmedia":[{"embeddable":true,"href":"https:\/\/www.europesays.com\/es\/wp-json\/wp\/v2\/media\/601201"}],"wp:attachment":[{"href":"https:\/\/www.europesays.com\/es\/wp-json\/wp\/v2\/media?parent=601200"}],"wp:term":[{"taxonomy":"category","embeddable":true,"href":"https:\/\/www.europesays.com\/es\/wp-json\/wp\/v2\/categories?post=601200"},{"taxonomy":"post_tag","embeddable":true,"href":"https:\/\/www.europesays.com\/es\/wp-json\/wp\/v2\/tags?post=601200"}],"curies":[{"name":"wp","href":"https:\/\/api.w.org\/{rel}","templated":true}]}}