{"id":601302,"date":"2026-06-11T23:17:11","date_gmt":"2026-06-11T23:17:11","guid":{"rendered":"https:\/\/www.europesays.com\/es\/601302\/"},"modified":"2026-06-11T23:17:11","modified_gmt":"2026-06-11T23:17:11","slug":"como-afecta-la-subida-de-tipos-del-bce-a-tus-inversiones-y-que-hacer-con-tu-dinero","status":"publish","type":"post","link":"https:\/\/www.europesays.com\/es\/601302\/","title":{"rendered":"C\u00f3mo afecta la subida de tipos del BCE a tus inversiones y qu\u00e9 hacer con tu dinero"},"content":{"rendered":"<p style=\"\">La sacudida del Banco Central Europeo en los tipos de inter\u00e9s, con una subida del 2,25% como la de ayer jueves, suele generar dudas  &#8230; inmediatas entre los ahorradores: \u00bfes momento de revolucionar el dinero o de quedarse quieto? Para el economista Agust\u00edn Markaide, la respuesta exige un ejercicio de calma y pedagog\u00eda, empezando por comprender que los efectos de esta medida son \u00abdistintos y contrapuestos\u00bb seg\u00fan se mire el retrovisor o el parabrisas de nuestras finanzas. El impacto, por tanto, var\u00eda por completo si analizamos \u00ablos activos financieros que ya se ten\u00edan en cartera\u00bb o si planeamos \u00ablas nuevas inversiones que se realicen\u00bb a partir de ahora.<\/p>\n<p class=\"v-d-p\" style=\"\">En el universo de la renta fija, el movimiento del BCE altera de forma inmediata el valor de lo que ya hemos comprado. Markaide explica did\u00e1cticamente que \u00abtodos los t\u00edtulos de deuda cotizada que ya estuvieran en el mercado antes de esta subida a largo plazo bajar\u00e1n su cotizaci\u00f3n\u00bb. El motivo es puramente matem\u00e1tico: el precio de los bonos antiguos debe caer para que su rentabilidad se adapte y compita con los nuevos tipos del mercado. <\/p>\n<p class=\"v-d-p\" style=\"\">En este reajuste t\u00e9cnico, aclara el experto guipuzcoano, \u00abel emisor de la deuda no sufre por ello sino el que compr\u00f3 el t\u00edtulo\u00bb. En el lado opuesto de la balanza, la buena noticia es para el dinero fresco, ya que \u00ablos nuevos pr\u00e9stamos que se formalicen tendr\u00e1n que pagar un mayor tipo de inter\u00e9s\u00bb, permitiendo a los ahorradores cazar rendimientos m\u00e1s jugosos.<\/p>\n<p>\nRenta variable\n<\/p>\n<p class=\"v-d-p\" style=\"\">La renta variable tampoco es inmune a esta fuerza gravitatoria de los tipos altos. Siguiendo la misma l\u00f3gica de reajuste de valor, el economista se\u00f1ala que \u00abel precio de las acciones y otros valores cotizados, por el mismo motivo que en el caso anterior, bajar\u00e1n\u00bb. Sin embargo, lejos de ser una debacle, este abaratamiento generalizado en las bolsas se convierte en un incentivo para el capital entrante. Tal y como apunta Markaide, con los precios m\u00e1s bajos, \u00ablos nuevos compradores tendr\u00e1n una mayor rentabilidad de sus acciones, a la medida de los nuevos tipos del mercado\u00bb.<\/p>\n<p class=\"v-d-p\" style=\"\">Ante este panorama de subidas y bajadas, la gran pregunta es c\u00f3mo modular la cartera. El economista opta por lanzar un mensaje de tranquilidad, recordando que \u00abeste tipo de efectos es ya bastante conocido por los inversores\u00bb. Por ello, en lugar de dejarse llevar por los impulsos o deshacer posiciones presa del p\u00e1nico, la mejor receta sigue siendo el rigor estrat\u00e9gico. <\/p>\n<p class=\"v-d-p\" style=\"\">Markaide concluye de manera tajante que \u00abuna cartera bien equilibrada y ajustada a los objetivos del inversor en cuanto a plazo y riesgo deseados no debe verse afectada por una decisi\u00f3n del BCE del tipo de la de este jueves\u00bb. Al final, un plan financiero bien dise\u00f1ado a largo plazo ya lleva impl\u00edcitos estos cambios de ciclo.<\/p>\n","protected":false},"excerpt":{"rendered":"La sacudida del Banco Central Europeo en los tipos de inter\u00e9s, con una subida del 2,25% como la&hellip;\n","protected":false},"author":2,"featured_media":601303,"comment_status":"","ping_status":"","sticky":false,"template":"","format":"standard","meta":{"footnotes":""},"categories":[80],"tags":[5505,1842,82,534,95,94,25,24,4320,23,12083,26620,55281],"class_list":["post-601302","post","type-post","status-publish","format-standard","has-post-thumbnail","category-economia","tag-afecta","tag-bce","tag-business","tag-dinero","tag-economia","tag-economy","tag-es","tag-espana","tag-inversiones","tag-spain","tag-subida","tag-tipos","tag-tus"],"share_on_mastodon":{"url":"https:\/\/pubeurope.com\/@es\/116734030421979279","error":""},"_links":{"self":[{"href":"https:\/\/www.europesays.com\/es\/wp-json\/wp\/v2\/posts\/601302","targetHints":{"allow":["GET"]}}],"collection":[{"href":"https:\/\/www.europesays.com\/es\/wp-json\/wp\/v2\/posts"}],"about":[{"href":"https:\/\/www.europesays.com\/es\/wp-json\/wp\/v2\/types\/post"}],"author":[{"embeddable":true,"href":"https:\/\/www.europesays.com\/es\/wp-json\/wp\/v2\/users\/2"}],"replies":[{"embeddable":true,"href":"https:\/\/www.europesays.com\/es\/wp-json\/wp\/v2\/comments?post=601302"}],"version-history":[{"count":0,"href":"https:\/\/www.europesays.com\/es\/wp-json\/wp\/v2\/posts\/601302\/revisions"}],"wp:featuredmedia":[{"embeddable":true,"href":"https:\/\/www.europesays.com\/es\/wp-json\/wp\/v2\/media\/601303"}],"wp:attachment":[{"href":"https:\/\/www.europesays.com\/es\/wp-json\/wp\/v2\/media?parent=601302"}],"wp:term":[{"taxonomy":"category","embeddable":true,"href":"https:\/\/www.europesays.com\/es\/wp-json\/wp\/v2\/categories?post=601302"},{"taxonomy":"post_tag","embeddable":true,"href":"https:\/\/www.europesays.com\/es\/wp-json\/wp\/v2\/tags?post=601302"}],"curies":[{"name":"wp","href":"https:\/\/api.w.org\/{rel}","templated":true}]}}