{"id":601459,"date":"2026-06-12T01:37:13","date_gmt":"2026-06-12T01:37:13","guid":{"rendered":"https:\/\/www.europesays.com\/es\/601459\/"},"modified":"2026-06-12T01:37:13","modified_gmt":"2026-06-12T01:37:13","slug":"openai-abrira-su-primera-oficina-en-espana-expansion","status":"publish","type":"post","link":"https:\/\/www.europesays.com\/es\/601459\/","title":{"rendered":"OpenAI abrir\u00e1 su primera oficina en Espa\u00f1a &#8211; Expansi\u00f3n"},"content":{"rendered":"<ol>\n<li><a href=\"https:\/\/news.google.com\/rss\/articles\/CBMimAFBVV95cUxPZkRsRENwNXRpUFk3Z0hsYVNtcHJOdVdicU1qN010TmdXR2Q3d1RST3ZONHNkVXhqVWJmazhCdlhSM3YweFZNemVxQkg4ZFVNVUN2YW85a3RyMS04Y3FSeVlaNkRpZkU2eFZDU2ZoSHEyZU5sQUJNVDRveVhOaEttSEc4N2ZieWRidklDQUdXREtPUFFaWF9NctIBmAFBVV95cUxOYmxyWFBLXzJDRW5zYW9xX0JGSWFxVmdVUV84d3BPY3VfSGltOGZ4Sjh4RWNUQ0F0LS1LX0wyemVpSEtEZGdYVVF5ZWNUZnFnYkZ5dnhPTzdVcUxQWGppN0FzM25YSWV1a0xYZUFpSnVDMkx2TmRKeDFjZzh0TE9ZNTRycHQ5OGs2Um9DLUpYVjA0VXZyUWlFMQ?oc=5\" target=\"_blank\" rel=\"nofollow noopener\">OpenAI abrir\u00e1 su primera oficina en Espa\u00f1a<\/a>&nbsp;&nbsp;Expansi\u00f3n<\/li>\n<li><a href=\"https:\/\/news.google.com\/rss\/articles\/CBMiiAFBVV95cUxOWHN2d3Fwb2pWNmtCenBWaDdrd2UzZlhVd2RTVUpBRTZUdzZPSG45U3lrNmxyRFZuY0lzM2Nqek4xMXUxWWRYQktsenNhSmZwMlkwYk9XcGpIU1hvTmtNVjRPRmlzWnpKcnRDTFlGcTVmejlaYjFNQ1hwWGhNQVVlTVQ1ek9hZTE00gGIAUFVX3lxTE1WMmpsQmZGZ0ZaZ3lRSUFZRnVWQlBYSnNsckpPbzRDVlNFTjJHSm5xeXRrVnFkcFJFaWQwcTZqNU5MclR1d21HZ1c5Yk5TZUdzS0Fmd2RVcEtua3ZuekpQUDlvck5yUk5zRm5zUkhCRDk2VnFtSERrWktXM29CVHJsektESUwwRHg?oc=5\" target=\"_blank\" rel=\"nofollow noopener\">OpenAI abrir\u00e1 en Madrid su primera oficina en Espa\u00f1a en la segunda mitad de este a\u00f1o<\/a>&nbsp;&nbsp;El Mundo<\/li>\n<li><a href=\"https:\/\/news.google.com\/rss\/articles\/CBMiygFBVV95cUxQZlVxYzMtTlpRcU94a3g5MU51MTZnOUZscHFqaGZoMWhwSXRlbUEydjh1OExSeGhZZjNYMkFGZEtlczFsUHBWSDVyZ1QwWHpJUVJrT0tZdE4xUm52OXRmZW4yMFpBbFZNX05Ed3plbVgzNDIzVmJncE9wQ0o1S3lhZDFXWHRIOUFoMmYxQkhETXFmU1pxZ2xhTzRqX2lFYURjejlHYUd4NjlUSTYwYkFRdlluM0dKbXE1V3pRb2hPVGpMamwwSGZHMjZn?oc=5\" target=\"_blank\" rel=\"nofollow noopener\">OpenAI, creadora de ChatGPT, abre oficina en Espa\u00f1a para reforzar su colaboraci\u00f3n con las empresas del pa\u00eds<\/a>&nbsp;&nbsp;elDiario.es<\/li>\n<li><a href=\"https:\/\/news.google.com\/rss\/articles\/CBMimgFBVV95cUxQcGtnTTR5V0tIZ0p1QmZIdmJwYWpHMXZGeW9nenBmYzlJOHFxUV83Q0dJWUdEejZSdFF6Y0xBRThDOGhUNWtmd2ZWTzBpS1pSVEc1eGpzOGJEbDRTcXlRWWIyWUtfMHVvZmswU2RJQ2J3WFV2U2x2VkNZXy1VLXRaRXA4amFHNHlUbXhab1pGUFd1UjRhUjZzUVRn?oc=5\" target=\"_blank\" rel=\"nofollow noopener\">OpenAI completa con Madrid su mapa europeo antes de salir a bolsa<\/a>&nbsp;&nbsp;infoLibre<\/li>\n<li><a href=\"https:\/\/news.google.com\/rss\/articles\/CBMinAFBVV95cUxNM0RDdzh0blJBQ1NtenJNVWREMVRVbzFrYThRTzdER0dLcmpmRENOX3ptNlNxcG1IRFcwUlQwNlN1eXYzeHc4VXFyNEdlY2lGemVxQmwydERxNmZHOFNrQm9mQTAxNXRSd25ZVmRWdk8tdHhmSktfelpIUFlGUmhQTExiQ2RiYVhPUm5ndzJ4R2lMaEhOMGhMSExnajU?oc=5\" target=\"_blank\" rel=\"nofollow noopener\">\u00d3scar L\u00f3pez cree que la primera oficina de OpenAI en Espa\u00f1a demuestra competitividad<\/a>&nbsp;&nbsp;ABC<\/li>\n<\/ol>\n","protected":false},"excerpt":{"rendered":"OpenAI abrir\u00e1 su primera oficina en Espa\u00f1a&nbsp;&nbsp;Expansi\u00f3n OpenAI abrir\u00e1 en Madrid su primera oficina en Espa\u00f1a en la&hellip;\n","protected":false},"author":2,"featured_media":601460,"comment_status":"","ping_status":"","sticky":false,"template":"","format":"standard","meta":{"footnotes":""},"categories":[80],"tags":[82,1275,95,47946,94,25,24,136,5004,23,120],"class_list":["post-601459","post","type-post","status-publish","format-standard","has-post-thumbnail","category-economia","tag-business","tag-chatgpt","tag-economia","tag-economia-digital-companias","tag-economy","tag-es","tag-espana","tag-inteligencia-artificial","tag-openai","tag-spain","tag-tecnologia"],"share_on_mastodon":{"url":"https:\/\/pubeurope.com\/@es\/116734580951249621","error":""},"_links":{"self":[{"href":"https:\/\/www.europesays.com\/es\/wp-json\/wp\/v2\/posts\/601459","targetHints":{"allow":["GET"]}}],"collection":[{"href":"https:\/\/www.europesays.com\/es\/wp-json\/wp\/v2\/posts"}],"about":[{"href":"https:\/\/www.europesays.com\/es\/wp-json\/wp\/v2\/types\/post"}],"author":[{"embeddable":true,"href":"https:\/\/www.europesays.com\/es\/wp-json\/wp\/v2\/users\/2"}],"replies":[{"embeddable":true,"href":"https:\/\/www.europesays.com\/es\/wp-json\/wp\/v2\/comments?post=601459"}],"version-history":[{"count":0,"href":"https:\/\/www.europesays.com\/es\/wp-json\/wp\/v2\/posts\/601459\/revisions"}],"wp:featuredmedia":[{"embeddable":true,"href":"https:\/\/www.europesays.com\/es\/wp-json\/wp\/v2\/media\/601460"}],"wp:attachment":[{"href":"https:\/\/www.europesays.com\/es\/wp-json\/wp\/v2\/media?parent=601459"}],"wp:term":[{"taxonomy":"category","embeddable":true,"href":"https:\/\/www.europesays.com\/es\/wp-json\/wp\/v2\/categories?post=601459"},{"taxonomy":"post_tag","embeddable":true,"href":"https:\/\/www.europesays.com\/es\/wp-json\/wp\/v2\/tags?post=601459"}],"curies":[{"name":"wp","href":"https:\/\/api.w.org\/{rel}","templated":true}]}}