{"id":60166,"date":"2025-08-20T12:46:13","date_gmt":"2025-08-20T12:46:13","guid":{"rendered":"https:\/\/www.europesays.com\/es\/60166\/"},"modified":"2025-08-20T12:46:13","modified_gmt":"2025-08-20T12:46:13","slug":"bertin-osborne-y-gabriela-guillen-presentan-a-su-hijo-david-en-una-exclusiva-no-quiero-que-sea-un-nino-escondido-el-mundo","status":"publish","type":"post","link":"https:\/\/www.europesays.com\/es\/60166\/","title":{"rendered":"Bert\u00edn Osborne y Gabriela Guill\u00e9n presentan a su hijo David en una exclusiva: &quot;No quiero que sea un ni\u00f1o escondido&quot; &#8211; El Mundo"},"content":{"rendered":"<ol>\n<li><a href=\"https:\/\/news.google.com\/rss\/articles\/CBMigAFBVV95cUxQTmJEZi15THRwN2NSdU9vb1NGUzZyT3NmTGJoN2xwT25uQzJYOTRBSG5oMWlYMlVpb3J0bkFWNEJ4X1lkazk4cVVpdjVSNmZmLVQtYkRUZDRjRjJYY0dMQ0kzS1ZNaFJsMlg2anVDdW9DYVhxVHl1WV92WFVMcFVNRNIBgAFBVV95cUxNMTJIekRGZ2E5a1hjZTFSV3NRVWIwX25PdlQxbmRfOG54N214VVdiQ2xQWjhGU2c4YjlSX1RCR0Nyd0lYVnRCZmxqMFNqeFJVVXRPVjVaMnRtaFN2ajQyYmt0UTZRa1E3LU5WVW05TXhTZGN4QkdaN2NsQ3c0bWVQZw?oc=5\" target=\"_blank\" rel=\"nofollow noopener\">Bert\u00edn Osborne y Gabriela Guill\u00e9n presentan a su hijo David en una exclusiva: \u00abNo quiero que sea un ni\u00f1o escondido\u00bb<\/a>&nbsp;&nbsp;El Mundo<\/li>\n<li><a href=\"https:\/\/news.google.com\/rss\/articles\/CBMiuAFBVV95cUxQMHRKOGdfSGg3OFpSSk5LajNqd3Y1OXBHanFvZm03MnE5WmhPOTRzWEhCdjVtamVubE5waDZVcHBubVJIOTl2elUzSXlZLXZjRnhaODJzdVZPbVByMlp1M2UxYXBkUVpTYndKek1wOTFfaUtvLWRQaXR3d3RKMWZxZ2FQTEZnNWh2bEV4enFXOXQzVmJ5WE9fSVpzSE5iXzFFVGkycURUOWExcEY0VTM0ME93UWx4ai0x0gHEAUFVX3lxTFBDZjNIWVFlLTJyZWFkdUU5dE5xdWU2Y29WcFlldElINXFIUEdFenBYMW5oQ1o3TnZWWjBoQ2NZWFJPVWpia1RhZGFWekNvcUpjN1JaM2JBOEFZUFVhSWM1Q1hwTlVqLWE5THoxaUNQM3RTVmpQX1pDa1hQSHZWa1RwaDRIWjBKZmlybzEzbjBhQVh3ekVrRlFrTkljcldrVG1KM3Baem5qV2xEQVVadkNsRThlRXpSaUtqTk15RHpLYUVjX3c?oc=5\" target=\"_blank\" rel=\"nofollow noopener\">El motivo por el que Bert\u00edn Osborne hab\u00eda protagonizado la pol\u00e9mica portada con su hijo: \u00abEs por una necesidad<\/a>&nbsp;&nbsp;Telecinco<\/li>\n<li><a href=\"https:\/\/news.google.com\/rss\/articles\/CBMi9gFBVV95cUxNcjNrQU9EbVlRWVRDVjByemJiaFdQVnBONGRnZXliTGVtUEJpZnNCZFMweTZkY19XVlBBZHh6N3VXN09CbEJLUm1VckNlYTh2ZWpBOVpmaUk0clo0N04tN1lIV3pjRjlTTnU5Sl8wdjR1emxldEppWlhQMnQyZEJmY2hJU3VYd0lsb2kzYTYzdEh0UFNzcGtxajJib25fS19tbWFaUzYySXJpcFdHTjZWNVN6N3lZRE1xUVlXaDE5OEYxLVAzc09zYjI0cUdjSWpDQzdTb1JDOVotR2V0eFI4Q3MxeVluVVhNRUFoSTFQbkpwaFRETlE?oc=5\" target=\"_blank\" rel=\"nofollow noopener\">Estas son las portadas de las revistas del coraz\u00f3n: Bert\u00edn Osborne y Gabriela Guill\u00e9n presentan a su hijo Davi<\/a>&nbsp;&nbsp;La Raz\u00f3n<\/li>\n<li><a href=\"https:\/\/news.google.com\/rss\/articles\/CBMi0AFBVV95cUxQUHU5YmJzd2J6am1rNHBKZ216V2ZnUmR0N2dmbmF6VW5LcXc0Wk5vR08zbkdTYWNBellBakxrMWYxcDlDMTR0Vi01T3BXcmxfdkh6bFpGaldxN2xpVE92R0NnTDlhZmlZWU9RMnpDclpDUVdGTXZ1TlB4SEowbWtNLVkyS29velNKRFgwYnh0cUFqa01IRWJ2RlRObHpKWnAyc3JmN0U4X2VPS3JNVFg0X29lRjVIT2VwZWVaa2VtdFJzQ3VWMHZkRGtFY3JYRC02?oc=5\" target=\"_blank\" rel=\"nofollow noopener\">Bert\u00edn Osborne, la infanta Cristina, el Cordob\u00e9s y Kate Middleton protagonizan las portadas<\/a>&nbsp;&nbsp;La Vanguardia<\/li>\n<li><a href=\"https:\/\/news.google.com\/rss\/articles\/CBMiuwFBVV95cUxPRTRheldGT0d2RldaNVNoR01feVB1OS0zXzFOZ1R4bWRzd3JqaUxINjZfOHZIemp2b2dDQkxRRTRpNXE3RVc3Q3hRbkNYazFxSEU5YVVWbmhxeVhiVVhNRzVmQTJCeC1admxRbURqRnhLeDQ2dnlDUGxpV2xRanNTUlZFVG03WUh3TlVkS1QwMEVZQW1mSVgtZ1BXUkVPRlpYYmU5cU1TSzNoVjZZcTRIWmJiMmp3VktZUjM40gHHAUFVX3lxTFBGZmxJVjZkTC1FLS04Q2x6c0RmdnpVM25qLUJic21RUEFIelIzQkZCWUxmdDBhN3o3M29TbGIxUUg0ckg4cHpYdmNtXy1JQ2VCUHhOR1pqVWtpaVVsOHdyNGNyckphMHRDeTBiSEpzb2dsNkduVlBjYkxyU1ZkeGhBMXdSanNEN1FVY1o1QW5XWUtjYmVjMXFFUG5YTGpnZWloX2UwQ0puNENqRFJBd1dWRG9vRnpkZVA4NWdIb2lFR0YxQUdVcmM?oc=5\" target=\"_blank\" rel=\"nofollow noopener\">Gabriela Guill\u00e9n habla con &#8216;Vamos a ver&#8217; sobre su exclusiva: \u00abMi hijo est\u00e1 protegido\u00bb<\/a>&nbsp;&nbsp;Telecinco<\/li>\n<\/ol>\n","protected":false},"excerpt":{"rendered":"Bert\u00edn Osborne y Gabriela Guill\u00e9n presentan a su hijo David en una exclusiva: \u00abNo quiero que sea un&hellip;\n","protected":false},"author":2,"featured_media":60167,"comment_status":"","ping_status":"","sticky":false,"template":"","format":"standard","meta":{"footnotes":""},"categories":[91],"tags":[11194,146,147,25,24,25115,720,23],"class_list":{"0":"post-60166","1":"post","2":"type-post","3":"status-publish","4":"format-standard","5":"has-post-thumbnail","7":"category-entretenimiento","8":"tag-bertin-osborne","9":"tag-entertainment","10":"tag-entretenimiento","11":"tag-es","12":"tag-espana","13":"tag-gabriela-guillen","14":"tag-loc-famosos","15":"tag-spain"},"share_on_mastodon":{"url":"","error":""},"_links":{"self":[{"href":"https:\/\/www.europesays.com\/es\/wp-json\/wp\/v2\/posts\/60166","targetHints":{"allow":["GET"]}}],"collection":[{"href":"https:\/\/www.europesays.com\/es\/wp-json\/wp\/v2\/posts"}],"about":[{"href":"https:\/\/www.europesays.com\/es\/wp-json\/wp\/v2\/types\/post"}],"author":[{"embeddable":true,"href":"https:\/\/www.europesays.com\/es\/wp-json\/wp\/v2\/users\/2"}],"replies":[{"embeddable":true,"href":"https:\/\/www.europesays.com\/es\/wp-json\/wp\/v2\/comments?post=60166"}],"version-history":[{"count":0,"href":"https:\/\/www.europesays.com\/es\/wp-json\/wp\/v2\/posts\/60166\/revisions"}],"wp:featuredmedia":[{"embeddable":true,"href":"https:\/\/www.europesays.com\/es\/wp-json\/wp\/v2\/media\/60167"}],"wp:attachment":[{"href":"https:\/\/www.europesays.com\/es\/wp-json\/wp\/v2\/media?parent=60166"}],"wp:term":[{"taxonomy":"category","embeddable":true,"href":"https:\/\/www.europesays.com\/es\/wp-json\/wp\/v2\/categories?post=60166"},{"taxonomy":"post_tag","embeddable":true,"href":"https:\/\/www.europesays.com\/es\/wp-json\/wp\/v2\/tags?post=60166"}],"curies":[{"name":"wp","href":"https:\/\/api.w.org\/{rel}","templated":true}]}}