{"id":601718,"date":"2026-06-12T05:41:11","date_gmt":"2026-06-12T05:41:11","guid":{"rendered":"https:\/\/www.europesays.com\/es\/601718\/"},"modified":"2026-06-12T05:41:11","modified_gmt":"2026-06-12T05:41:11","slug":"reencuentro-de-los-tres-vascos-que-hicieron-de-dorleta-la-virgen-de-los-ciclistas","status":"publish","type":"post","link":"https:\/\/www.europesays.com\/es\/601718\/","title":{"rendered":"Reencuentro de los tres vascos que hicieron de Dorleta la virgen de los ciclistas"},"content":{"rendered":"<p style=\"\">Mar\u00eda, Reina del mundo, protege a la tierra recorrida en todas las direcciones por los ciclistas amantes de la naturaleza. Desde su pedestal sobre la  &#8230; carretera en el alto de Arlaban, la Virgen de Dorleta ampara a los incontables cicloturistas que pedalean habitualmente por este puerto de monta\u00f1a enclavado en la divisoria entre Gipuzkoa y Araba. <\/p>\n<p class=\"v-d-p\" style=\"\">La veneraci\u00f3n de los ciclistas por la Virgen de Dorleta viene de muchos a\u00f1os atr\u00e1s. Su solemne coronaci\u00f3n, celebrada el 26 de octubre de 1958 y oficiada en Arlaban por el entonces arcipreste y p\u00e1rroco de Mondrag\u00f3n, Jos\u00e9 Luis I\u00f1arra, prender\u00eda la mecha que dos a\u00f1os m\u00e1s tarde culmin\u00f3 con la entronizaci\u00f3n de la Virgen de Dorleta como patrona de los ciclistas espa\u00f1oles. <\/p>\n<p class=\"v-d-p\" style=\"\">La proclamaci\u00f3n se produjo el 28 de agosto de 1960 y este hito debe mucho a tres j\u00f3venes y esforzados ciclistas de aquel tiempo. Los hermanos Luis y \u00c1ngel Serrano, de Bilbao, y el gasteiztarra Jos\u00e9 Luis S\u00e1enz de Olazagoitia, pedalearon en un \u00e9pico viaje desde la capital alavesa hasta Roma, donde ten\u00edan concertada una audiencia con el papa Juan XXIII.<\/p>\n<p class=\"v-d-p\" style=\"\">Completaron un itinerario de 1.600 kil\u00f3metros en 20 d\u00edas, atravesando Irun y pasando por la Costa Azul y G\u00e9nova, portando en sus alforjas la petici\u00f3n de declaraci\u00f3n can\u00f3nica de la Virgen de Dorleta como patrona de los ciclistas. Entregaron a la Sagrada Congregaci\u00f3n de Ritos del Vaticano las &#8216;preces&#8217; (ruegos) del obispo de Donostia, que contaba con el respaldo del p\u00e1rroco de Leintz Gatzaga y, poco despu\u00e9s, de las federaciones de ciclismo vascas y tambi\u00e9n espa\u00f1ola.<\/p>\n<p>Recibimiento por parte de Juan XXIII, coronaci\u00f3n de la Virgen de Dorleta, y ofrenda floral como cada primer domingo de marzo..<\/p>\n<p class=\"v-d-p\" style=\"\">Juan XXIII, conocido como el &#8216;papa bueno&#8217;, era aficionado al ciclismo y &#8216;tifossi&#8217; de Bartali. Con esas credenciales, la bendici\u00f3n papal no se hizo esperar, y los tres j\u00f3venes ciclistas vascos emprendieron el regreso con el objetivo cumplido. Arribaron a la capital alavesa el 19 de agosto, y gracias a este heroico viaje, el d\u00eda 28 la Virgen de Dorleta era proclamada patrona de los ciclistas.<\/p>\n<p class=\"v-d-p\" style=\"\">Luis y \u00c1ngel Serrano y Jos\u00e9 Luis S\u00e1enz de Olazagoitia, ahora nonagenarios, ser\u00e1n obsequiados con un homenaje que se les tributar\u00e1 ma\u00f1ana en el Santuario de Dorleta, en Leintz Gatzaga. <\/p>\n<p class=\"v-d-p\" style=\"\">El club local Dorletako Ama Txirrindulari Elkartea y el ayuntamiento gatzagarra rendir\u00e1n tributo a los protagonistas de esta haza\u00f1a con un acto de bienvenida que tendr\u00e1 lugar en el Santuario a las 11.00 horas con un aurresku de honor. <\/p>\n<p class=\"v-d-p\" style=\"\">El arcipreste del Alto Deba Horacio Argarate y la alcaldesa Dorleta Elkorobarrutia recibir\u00e1n a los tres veteranos ciclistas, y el sacerdote dedicar\u00e1 un acto lit\u00fargico en honor a estos tres valientes ciclistas y peregrinos que, rebosantes de salud y fe, llegaron hasta Roma a golpe de pedal y convicci\u00f3n religiosa. <\/p>\n<p class=\"v-d-p\" style=\"\">A continuaci\u00f3n girar\u00e1n una visita al Museo del Ciclismo que alberga el Santuario, donde se les entregar\u00e1n unos obsequios. Este museo guarda gran n\u00famero de maillots entregados en ofrenda por ciclistas de todas las \u00e9pocas, como Olano, Indurain, Bahamontes, Mendiburu, Zulle, Somarriba&#8230; Depositado personalmente por familiares. La \u00faltima incorporaci\u00f3n ha sido el maillot de Pogacar, obsequiado a la delegaci\u00f3n gatzagarra que visit\u00f3 a primeros de mayo el Museo del ciclismo Klein -Sinnai de B\u00e9lgica.<\/p>\n<p>\n60 a\u00f1os sin verse\n<\/p>\n<p class=\"v-d-p\" style=\"\">El homenaje de ma\u00f1ana entra\u00f1a adem\u00e1s una carga emocional a\u00f1adida. \u00abLos hermanos Serrano y Jos\u00e9 Luis S\u00e1enz de Olazagoitia no se han vuelto a ver desde aquel hist\u00f3rico viaje a Roma\u00bb, explica Joxe Ramon Agirreurreta, miembro de Dorletako Ama Txirrindulari Elkartea y uno de los organizadores del homenaje. Ser\u00e1 por tanto un \u00abreencuentro m\u00e1gico despu\u00e9s de 60 a\u00f1os, un momento inolvidable\u00bb. <\/p>\n<p class=\"v-d-p\" style=\"\">Al mismo tiempo constituir\u00e1 tambi\u00e9n una revelaci\u00f3n hist\u00f3rica \u00abporque la hija de \u00c1ngel Serrano nos ha comunicado que traer\u00e1 el diario que su padre escribi\u00f3 durante aquel viaje a Roma, y una colecci\u00f3n de fotograf\u00edas\u00bb. En esas p\u00e1ginas in\u00e9ditas, y cuya existencia \u00abdesconoc\u00edamos\u00bb, se detallan al parecer las etapas, recorridos o alojamientos de aquella incre\u00edble gesta ciclista. <\/p>\n<p class=\"v-d-p\" style=\"\">Agirreurreta reconoce que \u00abten\u00edamos conocimiento de que tres ciclistas vascos hab\u00edan viajado hasta Roma para interceder ante el Papa a favor de la proclamaci\u00f3n de la Virgen de Dorleta patrona de los ciclistas, pero no conoc\u00edamos la identidad de los protagonistas de la haza\u00f1a\u00bb. No fue hasta hace seis a\u00f1os, \u00abcuando Bego\u00f1a Plazaola, del restaurante Arrate, nos coment\u00f3 que su marido conoc\u00eda al vitoriano Olazagoitia\u00bb. Contactaron con \u00e9l y \u00able invitamos a un homenaje que le tributamos en Dorleta y le obsequiamos con una placa\u00bb. Pero Olazagoitia, a su vez, hab\u00eda perdido todo contacto con los hermanos Serrano desde hac\u00eda d\u00e9cadas. <\/p>\n<p class=\"v-d-p\" style=\"\">Mucho m\u00e1s recientemente, un reportaje emitido por ETB sobre Gatzaga hac\u00eda menci\u00f3n al Santuario de Dorleta y la devoci\u00f3n de que es objeto la patrona de los ciclistas. La hija de \u00c1ngel Serrano \u00abcontact\u00f3 con nosotros a ra\u00edz del reportaje, e insisti\u00f3 en traer a su padre y a su t\u00edo Luis, y fue as\u00ed como trabamos amistad\u00bb.<\/p>\n<p class=\"v-d-p\" style=\"\">Los tres nonagenarios y una treintena de sus familiares volver\u00e1n a darse cita en el Santuario de Dorleta en un encuentro de alta intensidad emocional y un homenaje que llega cuando se cumplen 66 a\u00f1os de aquella haza\u00f1a ciclista imperecedera.<\/p>\n<p>Devoci\u00f3n ciclista y ofrenda floral en Arlaban cada inicio de temporada<\/p>\n<p class=\"v-d-p \">\nLa proclamaci\u00f3n de la Virgen de Dorleta, patrona de los ciclistas, se produjo en el contexto de una \u00e9poca en que los ciclistas italianos hab\u00edan hecho lo propio en 1948 con la Madonna del Ghisallo en la regi\u00f3n de Como. Y en 1959 Nuestra Se\u00f1ora de la Visitaci\u00f3n de Labastide D&#8217;Armagnac fue declarada patrona de los ciclistas franceses.\n<\/p>\n<p class=\"v-d-p \">\nPero no hubo en Espa\u00f1a y por lo que a los ciclistas espa\u00f1oles se refiere ninguna otra iniciativa m\u00e1s que la que desarroll\u00f3 el &#8216;Comit\u00e9 ciclista de Dorleta&#8217;. Este comit\u00e9, constituido en un principio por un n\u00facleo de cicloturistas bilba\u00ednos y vitorianos, estuvo presente en 1959 en Labastide D&#8217;Armagnac.\n<\/p>\n<p class=\"v-d-p \">\nEl origen de la devoci\u00f3n de los ciclistas por esta tambi\u00e9n conocida como &#8216;Virgen del Castillo&#8217;, que se venera en el Santuario de Dorleta, no est\u00e1 muy claro.\n<\/p>\n<p class=\"v-d-p \">\nSeg\u00fan Joxe Ramon Agirreurreta, del club ciclista gatzagarra Dorletako Ama, su ubicaci\u00f3n geogr\u00e1fica central en el coraz\u00f3n de Gipuzkoa, Araba y Bizkaia podr\u00eda ser una de las razones, m\u00e1s all\u00e1 de la devoci\u00f3n religiosa propia de la \u00e9poca. Pero Agirreurreta tambi\u00e9n apunta la circunstancia de que Luis S\u00e1enz de Olazagoitia, padre de Jos\u00e9 Luis, uno de los tres ciclistas que pedalearon hasta el Vaticano, era integrante del citado comit\u00e9 y, a la vez, secretario del obispo de San Sebasti\u00e1n Jacinto Argaya. Y ello en la \u00e9poca en que ten\u00eda lugar la solemne coronaci\u00f3n de la Virgen de Dorleta en la explanada del Santuario con la participaci\u00f3n de los obispos de Donostia y Gasteiz. A continuaci\u00f3n se coronar\u00eda la imagen que se levanta en el Alto de Arlaban (587 metros), en la muga entre Gipuzkoa y Araba.\n<\/p>\n<p class=\"v-d-p \">\nEste acontecimiento de car\u00e1cter estrictamente religioso unido a la devoci\u00f3n de los cicloturistas dar\u00eda origen al Comit\u00e9 Ciclista de Dorleta. Su deseo de proclamarla patrona de los ciclistas cont\u00f3 con la &#8216;bendici\u00f3n&#8217; del obispo y del p\u00e1rroco de Gatzaga y el benepl\u00e1cito de las federaciones guipuzcoana y vizca\u00edna. Y llegar\u00eda pedaleando hasta el papa Juan XXIII de la mano de los mencionados ciclistas vascos hermano Serrano junto con Olazagoitia.\n<\/p>\n<p class=\"v-d-p \">\nTodas estas circunstancias alentar\u00edan la veneraci\u00f3n que desde antiguo y a\u00fan hoy profesan los alaveses a Dorleta. \u00abNo en vano cada primer domingo de marzo, jornada inaugural de la temporada ciclista, la imagen de la Virgen que preside el Alto de Arlaban es objeto de una masiva ofrenda floral, a la que asisten puntualmente numerosos clubes cicloturistas vitorianos\u00bb, explica Joxe Ramon Agirreurreta. Todos ellos son recibidos con un perol de buen caldo caliente que elaboran los anfitriones del club Dorletako Ama Txirrindulari Elkartea.<\/p>\n","protected":false},"excerpt":{"rendered":"Mar\u00eda, Reina del mundo, protege a la tierra recorrida en todas las direcciones por los ciclistas amantes de&hellip;\n","protected":false},"author":2,"featured_media":601719,"comment_status":"","ping_status":"","sticky":false,"template":"","format":"standard","meta":{"footnotes":""},"categories":[273],"tags":[313,2838,312,168,112484,25,24,36265,20070,23,167,603,12826,7699],"class_list":["post-601718","post","type-post","status-publish","format-standard","has-post-thumbnail","category-ciclismo","tag-ciclismo","tag-ciclistas","tag-cycling","tag-deportes","tag-dorleta","tag-es","tag-espana","tag-hicieron","tag-reencuentro","tag-spain","tag-sports","tag-tres","tag-vascos","tag-virgen"],"share_on_mastodon":{"url":"https:\/\/pubeurope.com\/@es\/116735540306151981","error":""},"_links":{"self":[{"href":"https:\/\/www.europesays.com\/es\/wp-json\/wp\/v2\/posts\/601718","targetHints":{"allow":["GET"]}}],"collection":[{"href":"https:\/\/www.europesays.com\/es\/wp-json\/wp\/v2\/posts"}],"about":[{"href":"https:\/\/www.europesays.com\/es\/wp-json\/wp\/v2\/types\/post"}],"author":[{"embeddable":true,"href":"https:\/\/www.europesays.com\/es\/wp-json\/wp\/v2\/users\/2"}],"replies":[{"embeddable":true,"href":"https:\/\/www.europesays.com\/es\/wp-json\/wp\/v2\/comments?post=601718"}],"version-history":[{"count":0,"href":"https:\/\/www.europesays.com\/es\/wp-json\/wp\/v2\/posts\/601718\/revisions"}],"wp:featuredmedia":[{"embeddable":true,"href":"https:\/\/www.europesays.com\/es\/wp-json\/wp\/v2\/media\/601719"}],"wp:attachment":[{"href":"https:\/\/www.europesays.com\/es\/wp-json\/wp\/v2\/media?parent=601718"}],"wp:term":[{"taxonomy":"category","embeddable":true,"href":"https:\/\/www.europesays.com\/es\/wp-json\/wp\/v2\/categories?post=601718"},{"taxonomy":"post_tag","embeddable":true,"href":"https:\/\/www.europesays.com\/es\/wp-json\/wp\/v2\/tags?post=601718"}],"curies":[{"name":"wp","href":"https:\/\/api.w.org\/{rel}","templated":true}]}}