{"id":601830,"date":"2026-06-12T07:07:14","date_gmt":"2026-06-12T07:07:14","guid":{"rendered":"https:\/\/www.europesays.com\/es\/601830\/"},"modified":"2026-06-12T07:07:14","modified_gmt":"2026-06-12T07:07:14","slug":"la-legislatura-arranca-en-andalucia-sin-acuerdo-el-pp-quiere-gobernar-solo-y-vox-presiona","status":"publish","type":"post","link":"https:\/\/www.europesays.com\/es\/601830\/","title":{"rendered":"La legislatura arranca en Andaluc\u00eda sin acuerdo: el PP quiere gobernar solo y Vox presiona"},"content":{"rendered":"<p style=\"\">\u00abLes invito a dialogar desde la cortes\u00eda parlamentaria\u00bb. La frase del reci\u00e9n reelegido presidente del Parlamento de Andaluc\u00eda,<strong> Jes\u00fas Aguirre<\/strong>, en su breve discurso de agradecimiento al cierre de la sesi\u00f3n constitutiva de la XIII Legislatura ha sonado en el sal\u00f3n Alberto  &#8230; Jim\u00e9nez Becerril de la C\u00e1mara auton\u00f3mica como una declaraci\u00f3n de intenciones y tambi\u00e9n como un llamamiento a su partido, el PP, y a Vox para que hagan todo lo que est\u00e9 en sus manos para que la investidura del jefe del Ejecutivo no se convierta en un culebr\u00f3n.<\/p>\n<p class=\"v-d-p\" style=\"\">\u00a0<a href=\"https:\/\/www.abc.es\/espana\/andalucia\/jesus-aguirre-repite-presidente-parlamento-tender-puentes-20260611124840-nts.html\" target=\"_self\" data-voc-vtm-id=\"in-text-traffic\" title=\"Aguirre\" data-mrf-link=\"www.abc.es\" rel=\"nofollow noopener\">Aguirre<\/a>, a quien<strong> Juanma Moreno<\/strong> le comunic\u00f3 en la noche de este mi\u00e9rcoles de que el Partido Popular le iba a proponer para que repitiera en el cargo que ha ostentado en los \u00faltimos cuatro a\u00f1os despu\u00e9s de su etapa como Consejero de Salud, ha viajado esta ma\u00f1ana desde <strong>C\u00f3rdoba<\/strong> a <strong>Sevilla<\/strong> sin compartir la decisi\u00f3n ni con sus m\u00e1s estrechos colaboradores -as\u00ed se lo hab\u00eda pedido el presidente del PP-A-, que se han enterado de la noticia cuando el Pleno estaba a unos minutos de empezar: su renovaci\u00f3n en el puesto a sus 71 a\u00f1os ha sido enseguida interpretada como una se\u00f1al de continuidad, as\u00ed como de una voluntad de entendimiento con el partido de Santiago Abascal, necesario para que Moreno vuelva a ser presidente, y con el que los contactos de las \u00faltimas semanas no han cuajado. A\u00fan.<\/p>\n<ul class=\"v-cmp-rld__u\">\n<li class=\"v-cmp-rld__l\">\n<p><a class=\"v-a-lnk\" href=\"http:\/\/www.abc.es\/espana\/andalucia\/parlamento-xiii-legislatura-presidente-caras-nuevas-20260611153052-nts.html#vtm_modulosEngag=noticiasrelacionadas-cmp-uno:espana:noticia:1\" title=\"As\u00ed ser\u00e1 el Parlamento de la XIII legislatura: mismo presidente y algunas caras nuevas\" data-voc-vtm-id=\"in-text-traffic\" rel=\"nofollow noopener\" target=\"_blank\"><br \/>\n<img decoding=\"async\" loading=\"lazy\" src=\"https:\/\/www.europesays.com\/es\/wp-content\/uploads\/2026\/06\/aguirre-presidencia-parla-U45870436280iPO-366x256@diario_abc.jpg\" class=\"v-a-img\" width=\"258\" height=\"180\" alt=\"As\u00ed ser\u00e1 el Parlamento de la XIII legislatura: mismo presidente y algunas caras nuevas\"\/><br \/>\n<\/a><\/p>\n<\/li>\n<\/ul>\n<p class=\"v-d-p\" style=\"\">\u00abLa conversaci\u00f3n con <strong>Vox<\/strong> est\u00e1 en el principio: veremos qu\u00e9 pasos se van dando\u00bb, ha dejado claro Toni Mart\u00edn, que repetir\u00e1 como portavoz del grupo popular, al t\u00e9rmino de la sesi\u00f3n. \u00abNuestra voluntad es gobernar solos, con acuerdos program\u00e1ticos y desde fuera del Gobierno\u00bb, ha enfatizado para informar a continuaci\u00f3n a los periodistas de que Vox ha rechazado el ofrecimiento que le han hecho para que ocupara uno los cinco puestos del PP en la Mesa del Parlamento -una vicepresidencia o una secretar\u00eda-, y que \u00abha rechazado\u00bb. <\/p>\n<p class=\"v-d-p\" style=\"\">El portavoz de la formaci\u00f3n de Abascal en Andaluc\u00eda, Manuel Gavira, lo niega en redondo: \u00abMart\u00edn puede decir lo que quiera: a nosotros no nos han ofrecido nada. Nosotros hemos actuado con congruencia\u00bb en la sesi\u00f3n constitutiva de un Parlamento en el que no tiene representaci\u00f3n en sus \u00f3rganos de gobierno, ha aclarado Gavira en una conversaci\u00f3n con ABC.<\/p>\n<p class=\"v-a-t\">\nEl tablero parlamentario que dibuja el pistoletazo de salida de esta ma\u00f1ana es el de una situaci\u00f3n tensa. Hasta incierta aunque las fichas sigan, al menos en apariencia, en la casilla de salida\n<\/p>\n<p class=\"v-d-p\" style=\"\">El tablero parlamentario que dibuja el pistoletazo de salida de esta ma\u00f1ana es el de una situaci\u00f3n tensa. Hasta incierta aunque las fichas sigan, al menos en apariencia, en la casilla de salida. Aguirre tiene quince d\u00edas h\u00e1biles para proponerle a la C\u00e1mara un candidato a la investidura -el tope es el 29 de junio-, por lo que las dos semanas y media que quedan de este mes ser\u00e1n claves para que Moreno y Gavira, que se reunieron este martes por primera vez, lleguen a un acuerdo. <\/p>\n<p class=\"v-d-p\" style=\"\">El PP da por hecho que el primer intento de investidura ser\u00e1 durante el mes de julio. La cuesti\u00f3n estriba en hasta qu\u00e9 punto las posturas entre las dos partes se habr\u00e1n acercado para evitar que se trate de una convocatoria en balde.<\/p>\n<p><img decoding=\"async\" loading=\"lazy\" src=\"https:\/\/www.europesays.com\/es\/wp-content\/uploads\/2026\/06\/juanma-moreno-gavira-U35502414643KeH-680x476@diario_abc.jpg\" class=\"v-a-img\" width=\"680\" height=\"478\" alt=\"El portavoz de Vox, Manuel Gavira\" data-voc-vtm-id=\"in-text-traffic\"\/><\/p>\n<p>El portavoz de Vox, Manuel Gavira.<\/p>\n<p>(MANUEL GAVIRA)<\/p>\n<p class=\"v-d-p\" style=\"\">\u00bfEl escollo est\u00e1 en que Vox quiere entrar en el Gobierno, aunque sea con el mando en una Consejer\u00eda? \u00abNosotros queremos medidas concretas, y luego ya veremos qui\u00e9n las ejecuta; no decimos que renunciamos a estar en el Gobierno ni que entremos\u00bb, ha respondido <strong>Manuel Gavira<\/strong>, que no se mueve de ah\u00ed y que, con todo, es optimista sobre el avance de las negociaciones.<\/p>\n<p class=\"v-d-p\" style=\"\"> \u00abLa reuni\u00f3n que hemos tenido [la del martes] fue cordial y amable, de muy buena voluntad por las dos partes: volveremos a vernos y nos cruzaremos las medidas en los pr\u00f3ximos d\u00edas\u00bb, ha recalcado el portavoz de Vox, que ha alejado la posibilidad de que su inter\u00e9s se centre en el control directo de las pol\u00edticas relacionadas con el campo y la pesca a trav\u00e9s de la obtenci\u00f3n de la Consejer\u00eda de Agricultura.<\/p>\n<p>\nProvisionalidad\n<\/p>\n<p class=\"v-d-p\" style=\"\">A la tensi\u00f3n por la marcha de las conversaciones entre los dos actores pol\u00edticos que tienen en su mano la investidura de Juanma Moreno su suma otro elemento: la provisionalidad. No pocos parlamentarios del PP han le\u00eddo as\u00ed la reelecci\u00f3n de Jes\u00fas Aguirre como presidente de la C\u00e1mara: \u00abPuede ser un presidente de transici\u00f3n en el que Juanma se apoye para llevarse bien con Vox, para llegar a un acuerdo: Jes\u00fas tiene cintura y buen talante, se lleva bien con ellos desde que era consejero\u00bb, comentaba en un aparte con periodistas uno de ellos al t\u00e9rmino de la sesi\u00f3n. <\/p>\n<p class=\"v-d-p\" style=\"\">Pero, \u00bftransici\u00f3n hasta cu\u00e1ndo? Hasta que cuaje, si es que termina de cuajar, un pacto de PP y Vox: entonces s\u00ed que tendr\u00eda sentido que los de Santiago Abascal estuvieran en la Mesa del Parlamento, lo que significar\u00eda que al menos uno de los miembros del Partido Popular dejara de estar en ella.<\/p>\n<p class=\"v-d-p\" style=\"\">Esta posibilidad, la de que el dise\u00f1o de la Mesa cambie, la han expresado tanto Toni Mart\u00edn como Manuel Gavira, que ha citado el caso de Arag\u00f3n como un precedente reciente. La realidad es que el PP ha impuesto su mayor\u00eda en la Mesa porque est\u00e1n negociando para que, cuando se alcance un acuerdo en temas concretos, se pueda variar su composici\u00f3n sobre la marcha y Vox obtendr\u00eda una vicepresidencia.<\/p>\n<p>\nMontero no comparece\n<\/p>\n<p class=\"v-d-p\" style=\"\">De otro lado, la gran ausente en la atenci\u00f3n a los medios de comunicaci\u00f3n en el Parlamento ha sido la secretaria general socialista, <strong>Mar\u00eda Jes\u00fas Montero,<\/strong> que ha sido la \u00fanica portavoz de los grupos pol\u00edticos que no ha comparecido ante los medios de comunicaci\u00f3n al t\u00e9rmino de la sesi\u00f3n. <\/p>\n<p class=\"v-d-p\" style=\"\">En su lugar lo ha hecho su segunda, Mar\u00eda M\u00e1rquez, que ha se\u00f1alado que es \u00abuna falta de respeto a las mujeres de Andaluc\u00eda\u00bb que Moreno le haya vuelto a encomendar a Jes\u00fas Aguirre la presidencia del Parlamento, \u00abporque fue el consejero de los errores del cribado del c\u00e1ncer de mama\u00bb. M\u00e1rquez no ha respondido a las preguntas de los reporteros acerca de que Mar\u00eda Jes\u00fas Montero vaya a compatibilizar su puesto de diputada andaluza con el de senadora.<\/p>\n","protected":false},"excerpt":{"rendered":"\u00abLes invito a dialogar desde la cortes\u00eda parlamentaria\u00bb. La frase del reci\u00e9n reelegido presidente del Parlamento de Andaluc\u00eda,&hellip;\n","protected":false},"author":2,"featured_media":601831,"comment_status":"","ping_status":"","sticky":false,"template":"","format":"standard","meta":{"footnotes":""},"categories":[8],"tags":[259,17,18,25,24,13,14,69362,11,4712,715,19,20,198,9,10,15,16,956,6335,1138,23,12,21,22,624],"class_list":["post-601830","post","type-post","status-publish","format-standard","has-post-thumbnail","category-espana","tag-andalucia","tag-breaking-news","tag-breakingnews","tag-es","tag-espana","tag-featured-news","tag-featurednews","tag-gobernar","tag-headlines","tag-inicio","tag-insiste","tag-latest-news","tag-latestnews","tag-legislatura","tag-news","tag-noticias","tag-noticias-destacadas","tag-noticiasdestacadas","tag-pp","tag-presiona","tag-solo","tag-spain","tag-titulares","tag-ultimas-noticias","tag-ultimasnoticias","tag-vox"],"share_on_mastodon":{"url":"https:\/\/pubeurope.com\/@es\/116735879260225162","error":""},"_links":{"self":[{"href":"https:\/\/www.europesays.com\/es\/wp-json\/wp\/v2\/posts\/601830","targetHints":{"allow":["GET"]}}],"collection":[{"href":"https:\/\/www.europesays.com\/es\/wp-json\/wp\/v2\/posts"}],"about":[{"href":"https:\/\/www.europesays.com\/es\/wp-json\/wp\/v2\/types\/post"}],"author":[{"embeddable":true,"href":"https:\/\/www.europesays.com\/es\/wp-json\/wp\/v2\/users\/2"}],"replies":[{"embeddable":true,"href":"https:\/\/www.europesays.com\/es\/wp-json\/wp\/v2\/comments?post=601830"}],"version-history":[{"count":0,"href":"https:\/\/www.europesays.com\/es\/wp-json\/wp\/v2\/posts\/601830\/revisions"}],"wp:featuredmedia":[{"embeddable":true,"href":"https:\/\/www.europesays.com\/es\/wp-json\/wp\/v2\/media\/601831"}],"wp:attachment":[{"href":"https:\/\/www.europesays.com\/es\/wp-json\/wp\/v2\/media?parent=601830"}],"wp:term":[{"taxonomy":"category","embeddable":true,"href":"https:\/\/www.europesays.com\/es\/wp-json\/wp\/v2\/categories?post=601830"},{"taxonomy":"post_tag","embeddable":true,"href":"https:\/\/www.europesays.com\/es\/wp-json\/wp\/v2\/tags?post=601830"}],"curies":[{"name":"wp","href":"https:\/\/api.w.org\/{rel}","templated":true}]}}