{"id":601856,"date":"2026-06-12T07:30:14","date_gmt":"2026-06-12T07:30:14","guid":{"rendered":"https:\/\/www.europesays.com\/es\/601856\/"},"modified":"2026-06-12T07:30:14","modified_gmt":"2026-06-12T07:30:14","slug":"condenan-a-cinco-anos-de-carcel-a-un-profesor-de-lugo-por-abusar-sexualmente-de-una-de-sus-alumnas-la-voz-de-galicia","status":"publish","type":"post","link":"https:\/\/www.europesays.com\/es\/601856\/","title":{"rendered":"Condenan a cinco a\u00f1os de c\u00e1rcel a un profesor de Lugo por abusar sexualmente de una de sus alumnas &#8211; La Voz de Galicia"},"content":{"rendered":"<ol>\n<li><a href=\"https:\/\/news.google.com\/rss\/articles\/CBMi4gFBVV95cUxQdFBfN0V5VnBqSUtXSXhzZ1BxZUJrNXgxN1BPajctRUprOGpHbjI3d05pZVpLbW1FV1lyUWpreGxibzAxck9GZzBvc0lmOU90NXFhQThlWnlZM25heXU5U3dSZTQ3VXJOR2Vhbk1yekJocnhQdktvMnYzMllJckdFZ0MwTnZkVHBJWDJrNTlzc2paRlNSakNNbi1HYVBRa1l0T0U5MHZDMUJjZnlyM0Y2X1gyaWczb2stZGhSeHlXR0dfbmtObWlyOElORW1mendiM1J0Y0h1T3JxdF95VmNGa1d3?oc=5\" target=\"_blank\" rel=\"nofollow noopener\">Condenan a cinco a\u00f1os de c\u00e1rcel a un profesor de Lugo por abusar sexualmente de una de sus alumnas<\/a>&nbsp;&nbsp;La Voz de Galicia<\/li>\n<li><a href=\"https:\/\/news.google.com\/rss\/articles\/CBMigwJBVV95cUxPanhINmRRalRJZ0hjU1FVNEFqOEJZSDJlQTZOcTVoTmtycnNKenh6Mi16YXA5VE0zc1NEdnlEd0NPbnBIU0swaGdYOVpKTm5nazNGN0xrNG05ZkNtUlR1RFBZUEdSS19zMjZGcktPZjdzY1NsSDFFQXlwVUR5SkNaREVPdFZRVjlhb2h2VldWcGtzTGdpT28xX3IzcTBhcHRoczQ1S1hOSXJ3b2tFQUdzdThkb3U2RmQtNkpYUkRsVTcwLVNLTXU5YWI1UnVaazEzdkRvUWJzeU1PVFU1Vmd5RGhaalJIRXNfSklRX0VYWnpTRi01TnNWSHowRTlLYlpxYUhv0gGDAkFVX3lxTE03b2hfOVJQVkQ1dlUwVDBoUEY3WHpkclpCdkxRdmg4YzdqTGVWdVRzcGZPUGx2ejJ2S2IwQ1RERjl6ZGd4MTlwR1c5ZXBpQnVGbk40NVBYcUM1dGJ1QjlrOVZ6MzJlVnFTYWZZUWIyV2JpLVQ3dUg5Y0ZTVWlES0IwLW5iVUhIMGhEa1EyeFNueEdoanYzM0Y3TFFRVVFMMTlkM3c5Y3g2cWlvRkgtWnFwN0hmR3pNNUN5Y2xWeEMtTDM0VWdWTkJCdlJ3SDhfNGZrdC1WM1RocGNiUS15WHhBRllNbzVSd3JVS0tFTC11Vlh6amh1MkpYNDFJNU1uNG01Y00?oc=5\" target=\"_blank\" rel=\"nofollow noopener\">Condenan a cinco a\u00f1os de c\u00e1rcel a un profesor por realizar tocamientos de car\u00e1cter sexual a una alumna menor<\/a>&nbsp;&nbsp;LaSexta<\/li>\n<li><a href=\"https:\/\/news.google.com\/rss\/articles\/CBMipgFBVV95cUxOTjdOeG0xXzQ4a1BUb2xNRjFGZUN0Qk56WDZia1NjdmFNT0trelJ4RTZTblh5ZUNxRnBPM25FcEpkNi1yS0lJaDNKOUtCT3djX0NiMnctVXYzSzAzam9DSGdlUU5fSjVFSmpkS3d1Y1REbzhOV2trYzM4TThIYlcyTmlFNFk0YzB4b0hveENfZUZXcGdoTU5XZmQ4ZjZaNmJTcld4ZEZn?oc=5\" target=\"_blank\" rel=\"nofollow noopener\">Condenan a cinco a\u00f1os a un profesor de Lugo por abuso sexual a una alumna de Primaria<\/a>&nbsp;&nbsp;ABC<\/li>\n<li><a href=\"https:\/\/news.google.com\/rss\/articles\/CBMi4wFBVV95cUxOV0kyLS1kSHJhLUlPQW96RVJXOFRFd2tCNEVXMVBJdVZ5VVB5S00wMnNYUng0VVNHQjJRZmFWa0dmblhOd2wtWTBkRmFrM1JBT0JVTGN1WGFERlEzT1dpcVJ1dkVIclBMc0o3b1c5RmhmSzlLRDQ0WHhWNzJIQm1oamNCOV9hUU9aV29HQ0JVUmhORXVTOTBCSVZTajlmTjRlOWN2WkZTdnpuaWdlakNKLXVmbGM0WFAzQ05TclRiZnYtZTFVU3N5N1JKN2xLeUVJR05ldl9lTEhId0xpdnBka1B0WdIB9wFBVV95cUxNX09jQk5LZ01sbldwWkRRZjN6WnFwNnROUmJaczR3MTk2RWtRUG1oYkFyekdNWTM0NEpFSDFpc3YxMjl5NDZVa3Z3eHJ6R0Q0aGNCbHloZUFBbFVGcWVaMEUxRzRKNnFfcmYxUmlfeHhrdjU2LWxjZDl6eHVFR3NMNXhiY2Fkb2c0QVVKdmxjb0FsVWxmV2NyNjQwUTFwUW1Tc1cyZUZUVVlUOUtwaDdVUTJzY3cwdHNDNGxna3dnQXAtb2NuaHBka1h3MUxWN2VxbFlmQUx0cXhQdS1Jcy00SnpFMzQyeVJHVWY1LUJRRjZoYW9veHUw?oc=5\" target=\"_blank\" rel=\"nofollow noopener\">Condenado a 5 a\u00f1os de c\u00e1rcel el profesor de Albeiros acusado de agredir sexualmente a una alumna<\/a>&nbsp;&nbsp;Cadena SER<\/li>\n<li><a href=\"https:\/\/news.google.com\/rss\/articles\/CBMi0wFBVV95cUxNSWJFdmd4MDhPWnlRM09DcTBJdHczQU1sVWxWQXN1c0EycWszcEdzVnV2QTFLb29ZUERvRkJkS2djNTFJWXdablNRVnFYTFJoMmh2MjZFNkVwVmpla0JNakxIZDc1ZHpIMFlaaF9aOVNmWkQtUTBkNUVfek1QWXMzTWdYSXdQVUpRdE41aXRGeXVrS0ZWcVh2SllVRk9NdE5FTFFEN2FFaEVRNTZZeTh2Q0p2LWowTWxsc0pMejdrTXMwZEpESGtaaWZCYlRtVFhabU5j0gHYAUFVX3lxTE1PcGtpa3VsazZGQnBzb01Fb3dzVFVYX05oUlF2NzZIS2E4UnBELTJPc0dJNE0xMWp6SjhoNld1UUlGZUpZQ0tVRnZlalgtTTdORkJzOUFKVXJHdjB0ckRvbTI0MkIyU2ZjRHY5czdlWVVmOGhVYVBqQUhrSkVHUjNtaXhjZXo3TmViZlFpU1l3c2NNeGFKU3lZSGhZNl9uNkhxcDI2ZGdsSjVteEJJcHIyOFRSRGM4UEthWUhpNTdPSmhyNW93bklFQnZRejBDSFlIa1JYQWdNZQ?oc=5\" target=\"_blank\" rel=\"nofollow noopener\">El profesor de Lugo que abus\u00f3 sexualmente de una alumna podr\u00e1 volver a trabajar con ni\u00f1os en diez a\u00f1os<\/a>&nbsp;&nbsp;El Debate<\/li>\n<\/ol>\n","protected":false},"excerpt":{"rendered":"Condenan a cinco a\u00f1os de c\u00e1rcel a un profesor de Lugo por abusar sexualmente de una de sus&hellip;\n","protected":false},"author":2,"featured_media":601857,"comment_status":"","ping_status":"","sticky":false,"template":"","format":"standard","meta":{"footnotes":""},"categories":[8],"tags":[16594,91178,17,18,25,24,13,14,11,19,20,22425,9,10,15,16,23,257,12,21,22],"class_list":["post-601856","post","type-post","status-publish","format-standard","has-post-thumbnail","category-espana","tag-agresiones-sexuales","tag-audiencia-provincial-de-lugo","tag-breaking-news","tag-breakingnews","tag-es","tag-espana","tag-featured-news","tag-featurednews","tag-headlines","tag-latest-news","tag-latestnews","tag-lugo-ciudad","tag-news","tag-noticias","tag-noticias-destacadas","tag-noticiasdestacadas","tag-spain","tag-sucesos","tag-titulares","tag-ultimas-noticias","tag-ultimasnoticias"],"share_on_mastodon":{"url":"https:\/\/pubeurope.com\/@es\/116735968927725402","error":""},"_links":{"self":[{"href":"https:\/\/www.europesays.com\/es\/wp-json\/wp\/v2\/posts\/601856","targetHints":{"allow":["GET"]}}],"collection":[{"href":"https:\/\/www.europesays.com\/es\/wp-json\/wp\/v2\/posts"}],"about":[{"href":"https:\/\/www.europesays.com\/es\/wp-json\/wp\/v2\/types\/post"}],"author":[{"embeddable":true,"href":"https:\/\/www.europesays.com\/es\/wp-json\/wp\/v2\/users\/2"}],"replies":[{"embeddable":true,"href":"https:\/\/www.europesays.com\/es\/wp-json\/wp\/v2\/comments?post=601856"}],"version-history":[{"count":0,"href":"https:\/\/www.europesays.com\/es\/wp-json\/wp\/v2\/posts\/601856\/revisions"}],"wp:featuredmedia":[{"embeddable":true,"href":"https:\/\/www.europesays.com\/es\/wp-json\/wp\/v2\/media\/601857"}],"wp:attachment":[{"href":"https:\/\/www.europesays.com\/es\/wp-json\/wp\/v2\/media?parent=601856"}],"wp:term":[{"taxonomy":"category","embeddable":true,"href":"https:\/\/www.europesays.com\/es\/wp-json\/wp\/v2\/categories?post=601856"},{"taxonomy":"post_tag","embeddable":true,"href":"https:\/\/www.europesays.com\/es\/wp-json\/wp\/v2\/tags?post=601856"}],"curies":[{"name":"wp","href":"https:\/\/api.w.org\/{rel}","templated":true}]}}