{"id":601918,"date":"2026-06-12T08:25:18","date_gmt":"2026-06-12T08:25:18","guid":{"rendered":"https:\/\/www.europesays.com\/es\/601918\/"},"modified":"2026-06-12T08:25:18","modified_gmt":"2026-06-12T08:25:18","slug":"el-casademont-zaragoza-sube-tres-puestos-en-el-ranking-de-la-fiba-quintas-de-europa-y-primeras-de-espana","status":"publish","type":"post","link":"https:\/\/www.europesays.com\/es\/601918\/","title":{"rendered":"El Casademont Zaragoza sube tres puestos en el &#8216;ranking&#8217; de la FIBA: quintas de Europa y primeras de Espa\u00f1a"},"content":{"rendered":"<p class=\"ft-text\">Incluso con la temporada ya resuelta, el <a class=\"ft-link ft-link--decoration\" href=\"https:\/\/www.elperiodicodearagon.com\/cai-zaragoza\/\" target=\"_blank\" rel=\"nofollow noopener\">Casademont Zaragoza<\/a> sigue cosechando hitos y super\u00e1ndose. La Federaci\u00f3n Internacional de Baloncesto (FIBA) ha publicado este jueves el ranking de equipos femeninos y el conjunto rojillo ha escalado varios puestos: tres, concretamente. <strong>Las aragonesas han pasado de ocupar la octava posici\u00f3n a cerrar el quinteto de mejores<\/strong> <strong>equipos <\/strong>del continente.<\/p>\n<p class=\"ft-text\">Todo ello, tras una participaci\u00f3n hist\u00f3rica en la Euroliga, para cuya Final Six se clasificaron por primera vez en su historia las de Carlos Cantero. Tras entrar por su propio peso entre las mejores de Europa, el papel de las rojillas no dej\u00f3 que desear tampoco en la fase final,<strong> en la que consigui\u00f3 alzarse con la medalla de bronce ante su gente<\/strong> en el <a class=\"ft-link ft-link--decoration\" href=\"https:\/\/www.elperiodicodearagon.com\/tags\/pabellon-principe-felipe\/\" target=\"_blank\" rel=\"nofollow noopener\">Pr\u00edncipe Felipe<\/a>.<\/p>\n<p class=\"ft-text\">Por todo ello, la clasificaci\u00f3n de la federaci\u00f3n, que tiene en cuenta criterios deportivos en sus dos principales competiciones, la Euroliga y la Eurocup, ha visto escalar al Casademont hasta la quinta posici\u00f3n, siendo uno de los equipos que m\u00e1s ha crecido <strong>y coloc\u00e1ndose como primer club espa\u00f1ol de la lista<\/strong>.<\/p>\n<p><img decoding=\"async\" src=\"https:\/\/www.europesays.com\/es\/wp-content\/uploads\/2026\/06\/75c17920-68a2-4b98-be1a-c2071819aced_alta-libre-aspect-ratio_default_0_x1000y444.jpg\" width=\"1200\" height=\"800\" alt=\"CASADEMONT ZARAGOZA - BASKET GIRONA - EL CASADEMONT ZARAGOZA QUEDA TERCERO EN LA FINAL SIX DE ZARAGOZA\" class=\"ft-helper-img-rd\" loading=\"lazy\" fetchpriority=\"auto\"\/><\/p>\n<p class=\"ft-helper-fontColor-quaternary ft-helper-fontSize-body-S ft-helper-spacer-t-xxs\">Las jugadoras del Casademont se re\u00fanen en la pista antes del encuentro de Euroliga ante el Girona.  \/ MIGUEL \u00c1NGEL GRACIA<\/p>\n<p class=\"ft-text\">En este sentido, Espa\u00f1a, con tres equipos, es junto a Turqu\u00eda el pa\u00eds con mayor representaci\u00f3n en el ranking. <strong>Al cuadro zaragozano se suman el Valencia Basket, en octava posici\u00f3n tras bajar dos puestos, y el Uni Girona<\/strong>, que se cuela en la lista en novena posici\u00f3n al subir cuatro tras una gran temporada y su participaci\u00f3n en la Final Six junto al Casademont, contra el que cay\u00f3 en el partido por el tercer y cuarto puesto.<\/p>\n<p class=\"ft-text\">En el caso del pa\u00eds otomano, el Fenerbahce, campe\u00f3n de la <a class=\"ft-link ft-link--decoration\" href=\"https:\/\/www.elperiodicodearagon.com\/tags\/euroliga-femenina\/\" target=\"_blank\" rel=\"nofollow noopener\">Euroliga<\/a>, se mantiene en primera posici\u00f3n y el Mersin, ganador de la Eurocup tras su eliminaci\u00f3n de la m\u00e1xima competici\u00f3n a manos del Casademont, lo hace en la tercera. <strong>El Galatasaray, por su parte, es el que m\u00e1s asciende, nueve puestos, hasta colocarse sexto<\/strong>. Tras espa\u00f1oles y turcos, el \u00fanico pa\u00eds que cuenta con m\u00e1s de un equipo es Francia: Villeneuve, cuarto, y Basket Landes, noveno. A todos ellos se suman el Praga, de Rep\u00fablica Checa, que ocupa el segundo puesto, y el Beretta italiano, s\u00e9ptimo.<\/p>\n","protected":false},"excerpt":{"rendered":"Incluso con la temporada ya resuelta, el Casademont Zaragoza sigue cosechando hitos y super\u00e1ndose. La Federaci\u00f3n Internacional de&hellip;\n","protected":false},"author":2,"featured_media":601919,"comment_status":"","ping_status":"","sticky":false,"template":"","format":"standard","meta":{"footnotes":""},"categories":[269],"tags":[299,11503,298,2511,5369,168,25,24,40358,700,5370,6816,23,167,7247,603,491],"class_list":["post-601918","post","type-post","status-publish","format-standard","has-post-thumbnail","category-baloncesto","tag-baloncesto","tag-baloncesto-femenino","tag-basketball","tag-casademont","tag-casademont-zaragoza","tag-deportes","tag-es","tag-espana","tag-euroliga-femenina","tag-europa","tag-principe-felipe","tag-puestos","tag-spain","tag-sports","tag-sube","tag-tres","tag-zaragoza"],"share_on_mastodon":{"url":"https:\/\/pubeurope.com\/@es\/116736185904803423","error":""},"_links":{"self":[{"href":"https:\/\/www.europesays.com\/es\/wp-json\/wp\/v2\/posts\/601918","targetHints":{"allow":["GET"]}}],"collection":[{"href":"https:\/\/www.europesays.com\/es\/wp-json\/wp\/v2\/posts"}],"about":[{"href":"https:\/\/www.europesays.com\/es\/wp-json\/wp\/v2\/types\/post"}],"author":[{"embeddable":true,"href":"https:\/\/www.europesays.com\/es\/wp-json\/wp\/v2\/users\/2"}],"replies":[{"embeddable":true,"href":"https:\/\/www.europesays.com\/es\/wp-json\/wp\/v2\/comments?post=601918"}],"version-history":[{"count":0,"href":"https:\/\/www.europesays.com\/es\/wp-json\/wp\/v2\/posts\/601918\/revisions"}],"wp:featuredmedia":[{"embeddable":true,"href":"https:\/\/www.europesays.com\/es\/wp-json\/wp\/v2\/media\/601919"}],"wp:attachment":[{"href":"https:\/\/www.europesays.com\/es\/wp-json\/wp\/v2\/media?parent=601918"}],"wp:term":[{"taxonomy":"category","embeddable":true,"href":"https:\/\/www.europesays.com\/es\/wp-json\/wp\/v2\/categories?post=601918"},{"taxonomy":"post_tag","embeddable":true,"href":"https:\/\/www.europesays.com\/es\/wp-json\/wp\/v2\/tags?post=601918"}],"curies":[{"name":"wp","href":"https:\/\/api.w.org\/{rel}","templated":true}]}}