{"id":602041,"date":"2026-06-12T10:06:01","date_gmt":"2026-06-12T10:06:01","guid":{"rendered":"https:\/\/www.europesays.com\/es\/602041\/"},"modified":"2026-06-12T10:06:01","modified_gmt":"2026-06-12T10:06:01","slug":"epic-la-nueva-version-de-la-odisea-que-compite-con-nolan-cambiando-el-imax-por-la-animacion-2","status":"publish","type":"post","link":"https:\/\/www.europesays.com\/es\/602041\/","title":{"rendered":"&#8216;Epic&#8217;: la nueva versi\u00f3n de &#8216;La Odisea&#8217; que compite con Nolan cambiando el IMAX por la animaci\u00f3n"},"content":{"rendered":"<p class=\"c-paragraph\">Para llevar m\u00e1s de 3.000 a\u00f1os muerto, Odiseo est\u00e1 viviendo un 2026 inesperadamente ajetreado. El pr\u00f3ximo 17 de julio se estrena<b> <a href=\"https:\/\/www.20minutos.es\/cinemania\/noticias\/formato-vas-ver-odisea-christopher-nolan-tom-holland-quiere-saberlo_6981048_0.html\" title=\"\u00bfEn qu\u00e9 formato vas a ver &#039;La Odisea&#039; de Christopher Nolan? Tom Holland quiere saberlo\" rel=\"nofollow noopener\" target=\"_blank\">La Odisea<\/a><\/b> de <b>Christopher Nolan,<\/b> primera pel\u00edcula de la historia rodada \u00edntegramente en IMAX. Pero al celebrado director brit\u00e1nico ya le ha salido competencia en la adaptaci\u00f3n del poema hom\u00e9rico. Aunque, eso s\u00ed, no podr\u00eda ser m\u00e1s diferente. Nacido de un fen\u00f3meno de TikTok, el musical <b>Epic <\/b>promete entregar la cara B perfecta para la resaca que dejar\u00e1 el fen\u00f3meno Nolan.<\/p>\n<p class=\"c-paragraph\">El proyecto a\u00fan est\u00e1 en desarrollo, pero, seg\u00fan ha adelantado la revista <b><a href=\"https:\/\/www.hollywoodreporter.com\/movies\/movie-news\/epic-viral-musical-retelling-of-the-odyssey-movie-1236572337\/\" rel=\"nofollow noreferrer noopener\" title=\"The Hollywood Reporter\" target=\"_blank\">The Hollywood Reporter,<\/a><\/b> contar\u00e1 con el respaldo del m\u00edtico productor estadounidense Jerry Bruckheimer, responsable de taquillazos de la talla de Piratas del Caribe o Top Gun. Epic no ser\u00e1 el primer musical que produzca, en su curr\u00edculum cuenta con cintas como Flashdance, pero s\u00ed ser\u00e1 la primera vez que se atreva con la animaci\u00f3n. Pero, \u00bfpor qu\u00e9 ha decidido Bruckheimer lanzarse ahora a esta aventura?<\/p>\n<p class=\"c-paragraph\">La raz\u00f3n de este salto tiene nombre propio: <b>Jorge Rivera-Herrans.<\/b> El compositor puertorrique\u00f1o empez\u00f3 con esta adaptaci\u00f3n musical de La Odisea para su tesis en la Universidad de Notre Dame en Indiana. En la pandemia, empez\u00f3 a subir fragmentos de los temas que preparaba y de su proceso creativo a TikTok hasta que en 2021 empezaron a acumular millones de visitas. Despu\u00e9s, se decidi\u00f3 a autoproducir y lanzar las distintas sagas en las que divide el poema hom\u00e9rico en forma de EP y el clamor fue a\u00fan mayor.<\/p>\n<p>&#8216;La Odisea&#8217; de Jorge Rivera-Herrans<\/p>\n<p class=\"c-paragraph\">A medida que la bola se hac\u00eda m\u00e1s grande, empez\u00f3 a implicar a los fans en el proceso de audici\u00f3n de las distintas voces de la obra e incluso en el apartado gr\u00e1fico, que ilustraba las canciones con todo tipo de estilos. Los discos consiguieron millones de escuchas en las plataformas digitales y finalmente Rivera-Herrans acab\u00f3 fichando por la discogr\u00e1fica Atlantic Music Group de la mano de <b>Kevin Weaver, <\/b>director del sello y compositor de bandas sonoras como Barbie o El gran showman.<\/p>\n<p class=\"c-paragraph\">Con ellos, pudo publicar los discos en vinilo y de all\u00ed el salto al cine era ya inminente. La conexi\u00f3n entre Kevin Weaver y Jerry Bruckheimer viene de su colaboraci\u00f3n en la pel\u00edcula F1 del a\u00f1o pasado que, de hecho, consigui\u00f3 la nominaci\u00f3n al Oscar a mejor banda sonora. De Epic, en s\u00ed, a\u00fan se desconocen los detalles del reparto, el compositor o el estudio de animaci\u00f3n encargado, pero la historia est\u00e1 ya reflejada en los discos que su creador lleva a\u00f1os publicando.<\/p>\n<p class=\"c-paragraph\">Hace unos meses, el movimiento de Bruckheimer de apostar por talento joven surgido de las redes sociales podr\u00eda parecer del todo an\u00f3malo. Pero estas \u00faltimas semanas las cintas de terror Backrooms y Obsession, ambas dirigidas por veintea\u00f1eros que empezaron en YouTube, se han convertido en las grandes sorpresas del a\u00f1o en la taquilla. Hollywood busca sangre nueva y parece que ya sabe d\u00f3nde encontrarla.<\/p>\n","protected":false},"excerpt":{"rendered":"Para llevar m\u00e1s de 3.000 a\u00f1os muerto, Odiseo est\u00e1 viviendo un 2026 inesperadamente ajetreado. El pr\u00f3ximo 17 de&hellip;\n","protected":false},"author":2,"featured_media":602042,"comment_status":"","ping_status":"","sticky":false,"template":"","format":"standard","meta":{"footnotes":""},"categories":[169],"tags":[10689,177,146,147,128,25,24,176,112985,28201,175,23],"class_list":["post-602041","post","type-post","status-publish","format-standard","has-post-thumbnail","category-cine","tag-animacion","tag-cine","tag-entertainment","tag-entretenimiento","tag-epic","tag-es","tag-espana","tag-film","tag-jorge-rivera-herrans","tag-la-odisea","tag-movies","tag-spain"],"share_on_mastodon":{"url":"https:\/\/pubeurope.com\/@es\/116736582592411591","error":""},"_links":{"self":[{"href":"https:\/\/www.europesays.com\/es\/wp-json\/wp\/v2\/posts\/602041","targetHints":{"allow":["GET"]}}],"collection":[{"href":"https:\/\/www.europesays.com\/es\/wp-json\/wp\/v2\/posts"}],"about":[{"href":"https:\/\/www.europesays.com\/es\/wp-json\/wp\/v2\/types\/post"}],"author":[{"embeddable":true,"href":"https:\/\/www.europesays.com\/es\/wp-json\/wp\/v2\/users\/2"}],"replies":[{"embeddable":true,"href":"https:\/\/www.europesays.com\/es\/wp-json\/wp\/v2\/comments?post=602041"}],"version-history":[{"count":0,"href":"https:\/\/www.europesays.com\/es\/wp-json\/wp\/v2\/posts\/602041\/revisions"}],"wp:featuredmedia":[{"embeddable":true,"href":"https:\/\/www.europesays.com\/es\/wp-json\/wp\/v2\/media\/602042"}],"wp:attachment":[{"href":"https:\/\/www.europesays.com\/es\/wp-json\/wp\/v2\/media?parent=602041"}],"wp:term":[{"taxonomy":"category","embeddable":true,"href":"https:\/\/www.europesays.com\/es\/wp-json\/wp\/v2\/categories?post=602041"},{"taxonomy":"post_tag","embeddable":true,"href":"https:\/\/www.europesays.com\/es\/wp-json\/wp\/v2\/tags?post=602041"}],"curies":[{"name":"wp","href":"https:\/\/api.w.org\/{rel}","templated":true}]}}