{"id":60215,"date":"2025-08-20T13:16:11","date_gmt":"2025-08-20T13:16:11","guid":{"rendered":"https:\/\/www.europesays.com\/es\/60215\/"},"modified":"2025-08-20T13:16:11","modified_gmt":"2025-08-20T13:16:11","slug":"lo-mejor-de-la-malagueta-se-traslada-a-araboka-con-marca-toros","status":"publish","type":"post","link":"https:\/\/www.europesays.com\/es\/60215\/","title":{"rendered":"Lo mejor de La Malagueta se traslada a Araboka con Marca Toros"},"content":{"rendered":"<p><a href=\"https:\/\/www.merchanendirecto.es\/wp-content\/uploads\/2025\/08\/WhatsApp-Image-2025-08-20-at-14.42.59-1.webp\" data-caption=\"\" rel=\"nofollow noopener\" target=\"_blank\"><img loading=\"lazy\" decoding=\"async\" width=\"696\" height=\"522\" class=\"entry-thumb td-modal-image\" src=\"https:\/\/www.europesays.com\/es\/wp-content\/uploads\/2025\/08\/WhatsApp-Image-2025-08-20-at-14.42.59-1-696x522.webp.webp\"   alt=\"\" title=\"WhatsApp Image 2025-08-20 at 14.42.59\"\/><\/a><\/p>\n<p><strong>Radio MARCA M\u00e1laga<\/strong>\u00a0y\u00a0<strong>Araboka<\/strong>, como es habitual en estas fechas, han vuelto a unirse para vivir la\u00a0<strong>Feria Taurina de M\u00e1laga 2025<\/strong>. La radio del deporte se vuelca con el evento y contar\u00e1 con\u00a0<strong>siete d\u00edas<\/strong>\u00a0donde se volcar\u00e1 al m\u00e1ximo con el capote y todo lo que ocurra en una plaza de primera. Como es usual, durante los\u00a0<strong>\u00faltimos 16 a\u00f1os<\/strong>, el experto en\u00a0<strong>Toros<\/strong>\u00a0de\u00a0<strong>Radio MARCA<\/strong>,\u00a0<strong>Alfonso Mansilla<\/strong>, hace su tradicional programa en el que estar\u00e1n figuras claves y de gran realce del mundo del toreo. De\u00a0<strong>14:00h<\/strong>\u00a0a\u00a0<strong>15:00h<\/strong>, en cada d\u00eda de feria, a excepci\u00f3n del\u00a0<strong>domingo<\/strong>, se podr\u00e1 vivir la\u00a0<strong>mejor tertulia taurina<\/strong>\u00a0de la\u00a0<strong>feria de M\u00e1laga<\/strong>\u00a0en el micr\u00f3fono rojo. Una charla en la que, como cada a\u00f1o, tambi\u00e9n est\u00e1\u00a0<strong>Antonio Fern\u00e1ndez<\/strong>. El jefe de los fogones de\u00a0<strong>Araboka<\/strong>\u00a0es un experto taurino y un apasionado de este arte.<\/p>\n<p><img fetchpriority=\"high\" decoding=\"async\" width=\"1024\" height=\"768\" data-id=\"315055\" src=\"https:\/\/www.europesays.com\/es\/wp-content\/uploads\/2025\/08\/WhatsApp-Image-2025-08-20-at-14.42.59-1024x768.webp.webp\" alt=\"\" class=\"wp-image-315055\"  \/><br \/>\n<img loading=\"lazy\" decoding=\"async\" width=\"1024\" height=\"768\" data-id=\"315056\" src=\"https:\/\/www.europesays.com\/es\/wp-content\/uploads\/2025\/08\/mansilla-1024x768.webp.webp\" alt=\"\" class=\"wp-image-315056\"  \/><br \/>\n<img loading=\"lazy\" decoding=\"async\" width=\"1024\" height=\"768\" data-id=\"315057\" src=\"https:\/\/www.europesays.com\/es\/wp-content\/uploads\/2025\/08\/vicente-ortega-1024x768.webp.webp\" alt=\"\" class=\"wp-image-315057\"  \/><\/p>\n<p>Durante la fant\u00e1stica tertulia acontecida en Araboka hoy,\u00a0<strong>Alfonso Mansilla<\/strong>\u00a0ha gozado de la oportunidad de contar con un extenso elenco de m\u00e1s alto nivel. La mesa estuvo conformada por el ya mencionado\u00a0<strong>Antonio Fern\u00e1ndez<\/strong>; <strong>\u00d3scar Plaza<\/strong>, director de la escuela taurina de M\u00e1laga; Pedro Jaro, exfutbolista y aficionado; la voz de la alegr\u00eda y reconocido periodista de Radio MARCA,\u00a0<strong>Vicente Ortega<\/strong>;\u00a0<strong>Joaqu\u00edn Arjona<\/strong>, fot\u00f3grafo taurino; <strong>Adolfo Ramos<\/strong>, asesor presidencial de La Malagueta, y <strong>\u00c1lvaro Acevedo<\/strong>, periodista taurino.\u00a0<\/p>\n<p><img loading=\"lazy\" decoding=\"async\" width=\"1024\" height=\"939\" data-id=\"315061\" src=\"https:\/\/www.europesays.com\/es\/wp-content\/uploads\/2025\/08\/Oscar-Plaza-1024x939.webp.webp\" alt=\"\" class=\"wp-image-315061\"  \/><br \/>\n<img loading=\"lazy\" decoding=\"async\" width=\"1024\" height=\"768\" data-id=\"315058\" src=\"https:\/\/www.europesays.com\/es\/wp-content\/uploads\/2025\/08\/dfs-1024x768.webp.webp\" alt=\"\" class=\"wp-image-315058\"  \/><br \/>\n<img loading=\"lazy\" decoding=\"async\" width=\"1024\" height=\"768\" data-id=\"315059\" src=\"https:\/\/www.europesays.com\/es\/wp-content\/uploads\/2025\/08\/tertulia-toros-1024x768.webp.webp\" alt=\"\" class=\"wp-image-315059\"  \/><br \/>\n<img loading=\"lazy\" decoding=\"async\" width=\"1024\" height=\"768\" data-id=\"315062\" src=\"https:\/\/www.europesays.com\/es\/wp-content\/uploads\/2025\/08\/marca-toros-1-1024x768.webp.webp\" alt=\"\" class=\"wp-image-315062\"  \/><\/p>\n<p>\u201cVer a Morante es una delicia y hay que darle las gracias por el espaldarazo que le ha dado la fiesta. Ayer Diego Urdiales hizo una faena muy importante, yo dir\u00eda que la mejor de la semana\u201d, analizaba \u00d3scar Plaza durante el programa. \u201cTodos los d\u00edas como fot\u00f3grafo me brindan momentos magn\u00edficos para la foto. El triunfo ayer de Miranda fue rotundo e impactante con un primer toro espectacular\u201d, coment\u00f3 Joaqu\u00edn Arjona.<\/p>\n<p>Esta especial secci\u00f3n de MARCA Toros no podr\u00eda ser posible sin el apoyo de <strong>Araboka Centro, Ford Autovisa, Asador I\u00f1aki, Diputaci\u00f3n Provincial de M\u00e1laga, Famadesa, Grupo Los Mellizos, Hotel San Ferm\u00edn y Ayuntamiento de M\u00e1laga<\/strong>.<\/p>\n<p><img loading=\"lazy\" decoding=\"async\" width=\"724\" height=\"1024\" data-id=\"315054\" src=\"https:\/\/www.europesays.com\/es\/wp-content\/uploads\/2025\/08\/FERIA-DE-MALAGA-2025-16-724x1024.webp.webp\" alt=\"\" class=\"wp-image-315054\"  \/><br \/>\n<img loading=\"lazy\" decoding=\"async\" width=\"724\" height=\"1024\" data-id=\"315053\" src=\"https:\/\/www.europesays.com\/es\/wp-content\/uploads\/2025\/08\/FERIA-DE-MALAGA-2025-17-724x1024.webp.webp\" alt=\"\" class=\"wp-image-315053\"  \/><\/p>\n","protected":false},"excerpt":{"rendered":"Radio MARCA M\u00e1laga\u00a0y\u00a0Araboka, como es habitual en estas fechas, han vuelto a unirse para vivir la\u00a0Feria Taurina de&hellip;\n","protected":false},"author":2,"featured_media":60216,"comment_status":"","ping_status":"","sticky":false,"template":"","format":"standard","meta":{"footnotes":""},"categories":[277],"tags":[24097,373,168,25,24,24098,23,167,374],"class_list":{"0":"post-60215","1":"post","2":"type-post","3":"status-publish","4":"format-standard","5":"has-post-thumbnail","7":"category-toreo","8":"tag-alfonso-mansilla","9":"tag-bullfighting","10":"tag-deportes","11":"tag-es","12":"tag-espana","13":"tag-marca-toros","14":"tag-spain","15":"tag-sports","16":"tag-toreo"},"share_on_mastodon":{"url":"","error":""},"_links":{"self":[{"href":"https:\/\/www.europesays.com\/es\/wp-json\/wp\/v2\/posts\/60215","targetHints":{"allow":["GET"]}}],"collection":[{"href":"https:\/\/www.europesays.com\/es\/wp-json\/wp\/v2\/posts"}],"about":[{"href":"https:\/\/www.europesays.com\/es\/wp-json\/wp\/v2\/types\/post"}],"author":[{"embeddable":true,"href":"https:\/\/www.europesays.com\/es\/wp-json\/wp\/v2\/users\/2"}],"replies":[{"embeddable":true,"href":"https:\/\/www.europesays.com\/es\/wp-json\/wp\/v2\/comments?post=60215"}],"version-history":[{"count":0,"href":"https:\/\/www.europesays.com\/es\/wp-json\/wp\/v2\/posts\/60215\/revisions"}],"wp:featuredmedia":[{"embeddable":true,"href":"https:\/\/www.europesays.com\/es\/wp-json\/wp\/v2\/media\/60216"}],"wp:attachment":[{"href":"https:\/\/www.europesays.com\/es\/wp-json\/wp\/v2\/media?parent=60215"}],"wp:term":[{"taxonomy":"category","embeddable":true,"href":"https:\/\/www.europesays.com\/es\/wp-json\/wp\/v2\/categories?post=60215"},{"taxonomy":"post_tag","embeddable":true,"href":"https:\/\/www.europesays.com\/es\/wp-json\/wp\/v2\/tags?post=60215"}],"curies":[{"name":"wp","href":"https:\/\/api.w.org\/{rel}","templated":true}]}}