{"id":602189,"date":"2026-06-12T11:51:11","date_gmt":"2026-06-12T11:51:11","guid":{"rendered":"https:\/\/www.europesays.com\/es\/602189\/"},"modified":"2026-06-12T11:51:11","modified_gmt":"2026-06-12T11:51:11","slug":"la-hermana-de-rafa-nadal-tiene-el-vestido-perfecto-para-este-verano-de-una-marca-portuguesa-y-disponible-tanto-en-blanco-como-en-negro","status":"publish","type":"post","link":"https:\/\/www.europesays.com\/es\/602189\/","title":{"rendered":"La hermana de Rafa Nadal tiene el vestido perfecto para este verano: de una marca portuguesa y disponible tanto en blanco como en negro"},"content":{"rendered":"<p><strong><a href=\"https:\/\/www.menorca.info\/etiqueta\/Maribel+Nadal.html?utm_source=Inline-tag&amp;utm_medium=internal\" rel=\"nofollow noopener\" target=\"_blank\">Maribel Nadal<\/a> <\/strong>acapar\u00f3 miradas en la ceremonia de graduaci\u00f3n de la <a href=\"https:\/\/www.menorca.info\/etiqueta\/Rafa+Nadal.html?utm_source=Inline-tag&amp;utm_medium=internal\" rel=\"nofollow noopener\" target=\"_blank\">Rafa Nadal<\/a> Academy con un vestido blanco de la firma portuguesa Sole Lisboa. La hermana del extenista asisti\u00f3 al emotivo acto que reuni\u00f3 a casi cincuenta alumnos procedentes de distintos pa\u00edses de Europa y Am\u00e9rica para celebrar la <strong>d\u00e9cima promoci\u00f3n de estudiantes<\/strong> que finalizan sus estudios en el centro deportivo. El evento cont\u00f3 con la presencia de Rafa Nadal, quien se dirigi\u00f3 a los graduados recordando los valores fundamentales que se aprenden en torno al tenis.<\/p>\n<p>\u00abNo se trata solo de un deporte, es tambi\u00e9n sin\u00f3nimo del esfuerzo que unido a la educaci\u00f3n hace que los estudiantes y deportistas se conviertan en buenas personas\u00bb, se\u00f1al\u00f3 el extenista durante su intervenci\u00f3n ante los alumnos y familiares congregados en las instalaciones. Maribel Nadal eligi\u00f3 para la ocasi\u00f3n un <strong>vestido largo de la marca Sole Lisboa<\/strong> en color blanco que ya no est\u00e1 disponible en el cat\u00e1logo actual de la firma. El dise\u00f1o destacaba por su escote bardot que dejaba los hombros al descubierto y presentaba un volante ancho con calados bordados en forma de hoja. Estos calados aparec\u00edan integrados en la <strong>parte superior del volante<\/strong> y se repet\u00edan en la falda, justo antes del bajo, creando un efecto visual elegante y veraniego.<\/p>\n<blockquote class=\"instagram-media\" style=\"background: #FFF; border: 0; border-radius: 3px; box-shadow: 0 0 1px 0 rgba(0,0,0,0.5),0 1px 10px 0 rgba(0,0,0,0.15); margin: 1px; max-width: 540px; min-width: 326px; padding: 0; width: calc(100% - 2px);\" data-instgrm-captioned=\"\" data-instgrm-permalink=\"https:\/\/www.instagram.com\/reel\/DLnR3BEtoXB\/?utm_source=ig_embed&amp;utm_campaign=loading\" data-instgrm-version=\"14\"><p>&#13;<\/p>\n<p>Ver esta publicaci\u00f3n en Instagram<\/p>\n<p>&#13;<\/p>\n<p><a style=\"color: #c9c8cd; font-family: Arial,sans-serif; font-size: 14px; font-style: normal; font-weight: normal; line-height: 17px; text-decoration: none;\" href=\"https:\/\/www.instagram.com\/reel\/DLnR3BEtoXB\/?utm_source=ig_embed&amp;utm_campaign=loading\" target=\"_blank\" rel=\"noopener nofollow\">Una publicaci\u00f3n compartida de Namast\u00e9 Sevilla (@namastesevilla)<\/a><\/p>\n<p>&#13;\n<\/p><\/blockquote>\n<p>Para completar su look, Maribel combin\u00f3 el vestido blanco con<strong> sandalias doradas<\/strong> <strong>planas de tiras finas<\/strong> y acabado metalizado. Adem\u00e1s, llev\u00f3 un clutch de textura natural en tono beige que parec\u00eda confeccionado en rafia o material trenzado, aportando un toque mediterr\u00e1neo al conjunto. La elecci\u00f3n de complementos minimalistas permiti\u00f3 que el protagonismo recayera en el vestido de bordados calados. El modelo original que luci\u00f3 Maribel Nadal pertenec\u00eda a la colecci\u00f3n del a\u00f1o pasado y <strong>se comercializaba tanto en blanco como en negro<\/strong>, aunque actualmente ya no figura en el cat\u00e1logo disponible de la marca portuguesa.<\/p>\n<p>La firma se caracteriza por crear dise\u00f1os que celebran el estilo de vida mediterr\u00e1neo, donde la belleza se encuentra en la sencillez y cada prenda cuenta una historia atemporal. Aunque el dise\u00f1o exacto ya no est\u00e1 disponible, <strong>Sole Lisboa ofrece un modelo muy similar<\/strong> que mantiene el mismo tipo de calado en la falda. Se trata del Copacabana White Dress, que presenta escote en V y manga corta en lugar del escote bardot. Este vestido se puede adquirir tanto en color blanco como en negro a un precio de 273,90 euros. El Copacabana White Dress se describe como un vestido maxi fluido<strong> confeccionado en algod\u00f3n<\/strong> blanco crujiente, con mangas de bordado ingl\u00e9s con volantes y bordes festoneados, escote cruzado en V y bajo escalonado con ribete ancho de encaje bordado.<\/p>\n<p><img decoding=\"async\" src=\"https:\/\/www.europesays.com\/es\/wp-content\/uploads\/2026\/06\/4656867.jpg\" border=\"0\" alt=\"\" width=\"1155\" height=\"894\" loading=\"lazy\"\/>&#13;<br \/>\nVestido Copacabana de la marca Sole Lisboa.&#13;<\/p>\n<p>Los calados bordados son <strong>una t\u00e9cnica textil tradicional<\/strong> que consiste en crear patrones decorativos mediante peque\u00f1as perforaciones o aberturas en la tela. En el caso del vestido de Sole Lisboa, estos calados presentaban forma de hoja, aportando un toque rom\u00e1ntico y veraniego al dise\u00f1o. Esta t\u00e9cnica, conocida tambi\u00e9n como broderie anglaise o bordado ingl\u00e9s, es especialmente popular en prendas estivales. La presencia de estos bordados calados en dos zonas del vestido \u2014en el volante superior y en la falda\u2014 <strong>crea un equilibrio visual <\/strong>en la prenda.<\/p>\n<p>Los dise\u00f1os con este tipo de detalles resultan ideales para eventos diurnos y celebraciones al aire libre durante los meses de primavera y verano, ya que combinan elegancia con frescura y comodidad. La prenda est\u00e1 dise\u00f1ada en Lisboa y fabricada en Portugal, garantizando la producci\u00f3n local y europea. Las tallas disponibles van desde la XS-34 hasta la XL-42, siguiendo el tallaje europeo. La <strong>composici\u00f3n del tejido<\/strong> incluye un 70% de algod\u00f3n, un 26% de poliamida y un 4% de elastano, lo que proporciona comodidad y transpirabilidad.<\/p>\n<p>Las instrucciones de cuidado recomiendan lavado a 30 grados cent\u00edgrados para mantener la calidad del bordado y la tela. Sole Lisboa es una firma portuguesa especializada en prendas que celebran el <strong>estilo de vida mediterr\u00e1neo<\/strong>. La marca se inspira en el esp\u00edritu art\u00edstico de Lisboa y la luz que ilumina sus calles para crear colecciones atemporales. Sus dise\u00f1os est\u00e1n pensados para mujeres que buscan conexi\u00f3n con sus ciudades, con la naturaleza y consigo mismas. La filosof\u00eda de la marca se basa en que la vida se<strong> desarrolla a un ritmo m\u00e1s suave<\/strong> en el Mediterr\u00e1neo, donde cada d\u00eda parece una historia intemporal.<\/p>\n<p>De Lisboa toman su esp\u00edritu art\u00edstico y la luminosidad caracter\u00edstica de la ciudad para trasladarla a cada prenda. Sus colecciones invitan a llevar esta esencia mediterr\u00e1nea dondequiera que se vaya, apostando por tejidos naturales, dise\u00f1os ligeros y detalles bordados. Los <a href=\"https:\/\/www.menorca.info\/etiqueta\/vestidos.html?utm_source=Inline-tag&amp;utm_medium=internal\" rel=\"nofollow noopener\" target=\"_blank\">vestidos<\/a> blancos largos son <strong>una opci\u00f3n vers\u00e1til<\/strong> para eventos diurnos, especialmente durante la temporada estival. Para acertar con el estilismo, conviene optar por complementos que no recarguen el conjunto. Las sandalias planas metalizadas, como las elegidas por Maribel Nadal, resultan c\u00f3modas y elegantes para ceremonias que se celebran al aire libre.<\/p>\n<p>En cuanto a los bolsos, <strong>los clutch de materiales naturales como la rafia<\/strong> o el mimbre aportan un toque mediterr\u00e1neo que armoniza perfectamente con los vestidos blancos bordados. Los tonos neutros como el beige, el camel o el natural son opciones seguras que no compiten con el protagonismo del vestido. Para completar el look, las joyas discretas en dorado o plata resultan ideales, evitando piezas demasiado llamativas que puedan restar elegancia al conjunto.<\/p>\n<p><script async src=\"\/\/www.instagram.com\/embed.js\"><\/script><\/p>\n","protected":false},"excerpt":{"rendered":"Maribel Nadal acapar\u00f3 miradas en la ceremonia de graduaci\u00f3n de la Rafa Nadal Academy con un vestido blanco&hellip;\n","protected":false},"author":2,"featured_media":602190,"comment_status":"","ping_status":"","sticky":false,"template":"","format":"standard","meta":{"footnotes":""},"categories":[274],"tags":[5233,168,25,24,12648,55419,1023,6894,492,23,167,327,326,5732],"class_list":["post-602189","post","type-post","status-publish","format-standard","has-post-thumbnail","category-tenis","tag-audiencias-um","tag-deportes","tag-es","tag-espana","tag-ia-news","tag-maribel-nadal","tag-moda","tag-rafa-nadal","tag-sociedad","tag-spain","tag-sports","tag-tenis","tag-tennis","tag-vestidos"],"share_on_mastodon":{"url":"https:\/\/pubeurope.com\/@es\/116736996022699390","error":""},"_links":{"self":[{"href":"https:\/\/www.europesays.com\/es\/wp-json\/wp\/v2\/posts\/602189","targetHints":{"allow":["GET"]}}],"collection":[{"href":"https:\/\/www.europesays.com\/es\/wp-json\/wp\/v2\/posts"}],"about":[{"href":"https:\/\/www.europesays.com\/es\/wp-json\/wp\/v2\/types\/post"}],"author":[{"embeddable":true,"href":"https:\/\/www.europesays.com\/es\/wp-json\/wp\/v2\/users\/2"}],"replies":[{"embeddable":true,"href":"https:\/\/www.europesays.com\/es\/wp-json\/wp\/v2\/comments?post=602189"}],"version-history":[{"count":0,"href":"https:\/\/www.europesays.com\/es\/wp-json\/wp\/v2\/posts\/602189\/revisions"}],"wp:featuredmedia":[{"embeddable":true,"href":"https:\/\/www.europesays.com\/es\/wp-json\/wp\/v2\/media\/602190"}],"wp:attachment":[{"href":"https:\/\/www.europesays.com\/es\/wp-json\/wp\/v2\/media?parent=602189"}],"wp:term":[{"taxonomy":"category","embeddable":true,"href":"https:\/\/www.europesays.com\/es\/wp-json\/wp\/v2\/categories?post=602189"},{"taxonomy":"post_tag","embeddable":true,"href":"https:\/\/www.europesays.com\/es\/wp-json\/wp\/v2\/tags?post=602189"}],"curies":[{"name":"wp","href":"https:\/\/api.w.org\/{rel}","templated":true}]}}