{"id":602232,"date":"2026-06-12T12:20:12","date_gmt":"2026-06-12T12:20:12","guid":{"rendered":"https:\/\/www.europesays.com\/es\/602232\/"},"modified":"2026-06-12T12:20:12","modified_gmt":"2026-06-12T12:20:12","slug":"la-iconica-escultura-bertha-reaparece-tras-ser-robada-en-ibiza","status":"publish","type":"post","link":"https:\/\/www.europesays.com\/es\/602232\/","title":{"rendered":"La ic\u00f3nica escultura \u2018Bertha\u2019 reaparece tras ser robada en Ibiza"},"content":{"rendered":"<p>El pasado d\u00eda 27 de mayo, el artista brit\u00e1nico afincado en Ibiza, Christopher Stone, denunci\u00f3 el robo de una de sus obras m\u00e1s reconocidas por los ibicencos: \u2018Bertha\u2019, <strong>una <a href=\"https:\/\/www.periodicodeibiza.es\/etiqueta\/escultura.html?utm_source=Inline-tag&amp;utm_medium=internal\" rel=\"nofollow noopener\" target=\"_blank\">escultura<\/a> de un metro noventa y unos ochenta kilos, creada por el artista hace unos diez a\u00f1os<\/strong>, y que llevaba unos seis a\u00f1os postrada en el kil\u00f3metro 9 de la carretera de <a href=\"https:\/\/www.periodicodeibiza.es\/etiqueta\/Sant+Joan.html?utm_source=Inline-tag&amp;utm_medium=internal\" rel=\"nofollow noopener\" target=\"_blank\">Sant Joan<\/a>.<\/p>\n<p>El artista brit\u00e1nico, que lleva en Ibiza m\u00e1s de 50 a\u00f1os, hizo un llamamiento a la sociedad ibicenca para intenta recuperar esta emblem\u00e1tica pieza y<strong> expuso los hechos en redes sociales<\/strong>. R\u00e1pidamente, se volcaron con \u00e9l para tratar de encontrar pistas que le llevasen hasta \u2018Bertha\u2019, y <strong>los esfuerzos no han sido en vano, pues esta escultura ha aparecido<\/strong> y vuelve a estar con Christopher Stone.<\/p>\n<blockquote class=\"instagram-media\" style=\"background: #FFF; border: 0; border-radius: 3px; box-shadow: 0 0 1px 0 rgba(0,0,0,0.5),0 1px 10px 0 rgba(0,0,0,0.15); margin: 1px; max-width: 540px; min-width: 326px; padding: 0; width: calc(100% - 2px);\" data-instgrm-captioned=\"\" data-instgrm-permalink=\"https:\/\/www.instagram.com\/p\/DYr13Xdib7o\/?utm_source=ig_embed&amp;utm_campaign=loading\" data-instgrm-version=\"14\"><p>&#13;<\/p>\n<p>Ver esta publicaci\u00f3n en Instagram<\/p>\n<p>&#13;<\/p>\n<p><a style=\"color: #c9c8cd; font-family: Arial,sans-serif; font-size: 14px; font-style: normal; font-weight: normal; line-height: 17px; text-decoration: none;\" href=\"https:\/\/www.instagram.com\/p\/DYr13Xdib7o\/?utm_source=ig_embed&amp;utm_campaign=loading\" target=\"_blank\" rel=\"noopener nofollow\">Una publicaci\u00f3n compartida de Christopher Stone (@christopher.stone.sculptor)<\/a><\/p>\n<p>&#13;\n<\/p><\/blockquote>\n<p>As\u00ed lo ha hecho saber el artista mediante un comunicado en el que, primero de todo, agradece a<strong> \u00abla prensa local, nacional e internacional por ayudar a dar difusi\u00f3n a su desaparici\u00f3n y por mantener viva la historia\u00bb<\/strong>. En esta l\u00ednea, asegura que \u00abla atenci\u00f3n y la cobertura\u00bb fueron mucho mayores de lo que \u00e9l podr\u00eda haber conseguido por si mismo.<\/p>\n<p>Asegura que la ayuda de sus amigos, compa\u00f1eros artistas y seguidores publicando la desaparici\u00f3n en redes sociales fueron clave, ya que \u00abayudaron a difundir el mensaje y ofrecieron su apoyo durante la b\u00fasqueda\u00bb. <strong>\u00abLa respuesta colectiva ha sido extraordinaria\u00bb, asegura.<\/strong><\/p>\n<p>Tambi\u00e9n agradece a la Guardia Civil por \u00absu ayuda y cooperaci\u00f3n durante todo el proceso\u00bb. Explica que \u00abcada mensaje, cada publicaci\u00f3n compartida, cada conversaci\u00f3n y cada pista contribuy\u00f3 a que esta historia llegara a un final feliz\u00bb, aunque dice que <strong>\u00abalgunos aspectos del asunto siguen en curso\u00bb, y que compartir\u00e1 actualizaciones cuando sea oportuno.<\/strong><\/p>\n<p>Sin embargo, el punto positivo de esta historia es que Bertha est\u00e1 de vuelta con Christopher Stone, una persona que est\u00e1 encantada con este regreso, y que asegura que <strong>\u00abpronto volver\u00e1 a su lugar en la entrada de Lost Artist Ibiza\u00bb, lugar donde recibir\u00e1 a sus amigos antiguos y nuevos visitantes.<\/strong><\/p>\n<p>                        <script async src=\"\/\/www.instagram.com\/embed.js\"><\/script><\/p>\n","protected":false},"excerpt":{"rendered":"El pasado d\u00eda 27 de mayo, el artista brit\u00e1nico afincado en Ibiza, Christopher Stone, denunci\u00f3 el robo de&hellip;\n","protected":false},"author":2,"featured_media":602233,"comment_status":"","ping_status":"","sticky":false,"template":"","format":"standard","meta":{"footnotes":""},"categories":[173],"tags":[6081,229,233,231,230,232,234,146,147,25,1246,24,6079,6082,6083,6080,6495,113142,23],"class_list":["post-602232","post","type-post","status-publish","format-standard","has-post-thumbnail","category-arte-y-diseno","tag-actualidad-ibiza","tag-arte","tag-arte-y-diseno","tag-arts","tag-arts-and-design","tag-design","tag-diseno","tag-entertainment","tag-entretenimiento","tag-es","tag-escultura","tag-espana","tag-ibiza","tag-informacion-ibiza","tag-lugares-ibiza","tag-periodico-de-ibiza-y-formentera","tag-reaparece","tag-sant-joan","tag-spain"],"share_on_mastodon":{"url":"https:\/\/pubeurope.com\/@es\/116737109342307792","error":""},"_links":{"self":[{"href":"https:\/\/www.europesays.com\/es\/wp-json\/wp\/v2\/posts\/602232","targetHints":{"allow":["GET"]}}],"collection":[{"href":"https:\/\/www.europesays.com\/es\/wp-json\/wp\/v2\/posts"}],"about":[{"href":"https:\/\/www.europesays.com\/es\/wp-json\/wp\/v2\/types\/post"}],"author":[{"embeddable":true,"href":"https:\/\/www.europesays.com\/es\/wp-json\/wp\/v2\/users\/2"}],"replies":[{"embeddable":true,"href":"https:\/\/www.europesays.com\/es\/wp-json\/wp\/v2\/comments?post=602232"}],"version-history":[{"count":0,"href":"https:\/\/www.europesays.com\/es\/wp-json\/wp\/v2\/posts\/602232\/revisions"}],"wp:featuredmedia":[{"embeddable":true,"href":"https:\/\/www.europesays.com\/es\/wp-json\/wp\/v2\/media\/602233"}],"wp:attachment":[{"href":"https:\/\/www.europesays.com\/es\/wp-json\/wp\/v2\/media?parent=602232"}],"wp:term":[{"taxonomy":"category","embeddable":true,"href":"https:\/\/www.europesays.com\/es\/wp-json\/wp\/v2\/categories?post=602232"},{"taxonomy":"post_tag","embeddable":true,"href":"https:\/\/www.europesays.com\/es\/wp-json\/wp\/v2\/tags?post=602232"}],"curies":[{"name":"wp","href":"https:\/\/api.w.org\/{rel}","templated":true}]}}